{"id":144520,"date":"2026-04-14T13:00:29","date_gmt":"2026-04-14T20:00:29","guid":{"rendered":"https:\/\/ovelanalista.com\/?p=144520"},"modified":"2026-04-14T11:38:15","modified_gmt":"2026-04-14T18:38:15","slug":"garcia-harfuch-desapariciones-del-alcalde-taxco-y-su-padre-estaria-ligado-a-la-familia-michoacana","status":"publish","type":"post","link":"https:\/\/ovelanalista.com\/?p=144520","title":{"rendered":"Garc\u00eda Harfuch: Desapariciones del alcalde Taxco y su padre estar\u00eda ligado a La Familia Michoacana"},"content":{"rendered":"<p>Omar Garc\u00eda Harfuch, titular de SSPC, revel\u00f3 detalles de la localizaci\u00f3n del alcalde de Taxco, Guerrero, y de su padre.<\/p>\n<p><strong><a href=\"https:\/\/x.com\/OHarfuch\" target=\"_blank\" rel=\"noopener noreferrer\">Omar<\/a>\u00a0Garc\u00eda Harfuch<\/strong>, secretario de Seguridad y Protecci\u00f3n Ciudadana (<strong>SSPC<\/strong>), se\u00f1al\u00f3 a\u00a0<strong>La Familia Michoacana<\/strong>\u00a0como el grupo delictivo responsable de las desapariciones del presidente municipal de\u00a0<strong>Taxco de Alarc\u00f3n, Juan Andr\u00e9s Vega<\/strong>, y de su padre,\u00a0<strong>Juan Vega Arredondo<\/strong>, quienes fueron\u00a0<a href=\"https:\/\/lopezdoriga.com\/nacional\/localizan-a-salvo-a-juan-andres-vega-alcalde-de-taxco\/\" target=\"_blank\" rel=\"noopener\">localizados con vida en la previa tras la implementaci\u00f3n de un fuerte operativo<\/a>.<\/p>\n<p class=\"p1\">En entrevista con\u00a0<b>Joaqu\u00edn L\u00f3pez-D\u00f3riga<\/b>\u00a0para su espacio en\u00a0<b>Radio F\u00f3rmula<\/b>, Garc\u00eda Harfuch revel\u00f3 detalles del operativo que deriv\u00f3 en la liberaci\u00f3n del alcalde de Taxco y su padre, ocurridos en la previa.<\/p>\n<h3 data-path-to-node=\"4\">Cronolog\u00eda de las desapariciones<\/h3>\n<p data-path-to-node=\"5\">De acuerdo con el informe de Garc\u00eda Harfuch, los eventos se desarrollaron de la siguiente manera:<\/p>\n<ul>\n<li data-path-to-node=\"6,0,0\"><b data-path-to-node=\"6,0,0\" data-index-in-node=\"0\">11 de abril:<\/b>\u00a0Se report\u00f3 la desaparici\u00f3n del padre del alcalde tras ser interceptado mientras circulaba por la carretera Taxco-Cuernavaca. Las autoridades destacaron que no hubo una exigencia econ\u00f3mica a cambio de su libertad.<\/li>\n<li data-path-to-node=\"6,0,0\"><b data-path-to-node=\"6,1,0\" data-index-in-node=\"0\">12 de abril:<\/b>\u00a0Fue localizado el veh\u00edculo en el que viajaba la primera v\u00edctima.<\/li>\n<li data-path-to-node=\"6,0,0\"><b data-path-to-node=\"6,2,0\" data-index-in-node=\"0\">13 de abril:<\/b>\u00a0Tras iniciar las labores de b\u00fasqueda por cuenta propia, el alcalde de Taxco tambi\u00e9n fue reportado como no localizado.<\/li>\n<\/ul>\n<h3 data-path-to-node=\"7\">El operativo<\/h3>\n<p data-path-to-node=\"8\">Ante la doble desaparici\u00f3n, se instruy\u00f3 un despliegue del Gabinete de Seguridad en coordinaci\u00f3n con la gobernadora de Guerrero. El operativo incluy\u00f3:<\/p>\n<ul>\n<li data-path-to-node=\"9,0,0\"><b data-path-to-node=\"9,0,0\" data-index-in-node=\"0\">Colaboraci\u00f3n Interestatal:<\/b>\u00a0Participaci\u00f3n de instituciones de seguridad tanto de Guerrero como del Estado de M\u00e9xico.<\/li>\n<li data-path-to-node=\"9,0,0\"><b data-path-to-node=\"9,1,0\" data-index-in-node=\"0\">Apoyo A\u00e9reo:<\/b>\u00a0Sobrevuelos de helic\u00f3pteros de la Secretar\u00eda de la Defensa Nacional, Secretar\u00eda de Marina (Semar) y polic\u00edas de Guerrero y Edomex.<\/li>\n<\/ul>\n<p data-path-to-node=\"10\">Ambas personas fueron liberadas en territorio del Estado de M\u00e9xico, donde quedaron bajo custodia de la polic\u00eda estatal antes de ser trasladadas a Iguala, Guerrero.<\/p>\n<h3 data-path-to-node=\"11\"><b data-path-to-node=\"11\" data-index-in-node=\"0\">Vinculaci\u00f3n con la Familia Michoacana<\/b><\/h3>\n<p data-path-to-node=\"12\">Al ser cuestionado sobre el grupo delictivo responsable, Garc\u00eda Harfuch afirm\u00f3 que:\u00a0<b data-path-to-node=\"12\" data-index-in-node=\"105\">\u201cTodo indica que es a la Familia Michoacana\u201d<\/b>.<\/p>\n<p data-path-to-node=\"13\">El titular de SSPC confirm\u00f3 que existen investigaciones en curso respecto a la figura del edil, debido a la aparici\u00f3n de al menos dos mantas (una el a\u00f1o pasado y otra en el presente a\u00f1o) en las que se le vincula con grupos criminales.<\/p>\n<p data-path-to-node=\"13\">Con informaci\u00f3n de L\u00f3pez-D\u00f3riga Digital<\/p>\n<div id=\"ros-inread-multiple-7yjgvr\" class=\"ad-container dfp-ad-unit ad-inread ad-slot\" data-ad-type=\"inreadbox\" data-slot=\"inread-multiple\" data-ad-loaded=\"1\" data-ad-setup=\"{&quot;postID&quot;:1779033,&quot;canRefresh&quot;:false,&quot;infinitescroll&quot;:false}\" data-google-query-id=\"CMj_7J7-7ZMDFQOF7gEdT7AJkQ\"><\/div>\n","protected":false},"excerpt":{"rendered":"<p>Omar Garc\u00eda Harfuch, titular de SSPC, revel\u00f3 detalles de la localizaci\u00f3n del alcalde de Taxco, Guerrero, y de su padre. Omar\u00a0Garc\u00eda Harfuch, secretario de Seguridad y Protecci\u00f3n Ciudadana (SSPC), se\u00f1al\u00f3 a\u00a0La Familia Michoacana\u00a0como el grupo delictivo responsable de las desapariciones del presidente municipal de\u00a0Taxco de Alarc\u00f3n, Juan Andr\u00e9s Vega, y de su padre,\u00a0Juan Vega Arredondo, quienes fueron\u00a0localizados con vida en la previa tras la implementaci\u00f3n de un fuerte operativo. En entrevista con\u00a0Joaqu\u00edn L\u00f3pez-D\u00f3riga\u00a0para su espacio en\u00a0Radio F\u00f3rmula, Garc\u00eda Harfuch revel\u00f3 detalles del operativo que deriv\u00f3 en la liberaci\u00f3n del alcalde de Taxco y su padre, ocurridos en la previa. Cronolog\u00eda [&hellip;]<\/p>\n","protected":false},"author":3,"featured_media":144527,"comment_status":"open","ping_status":"open","sticky":false,"template":"","format":"standard","meta":{"_jetpack_newsletter_access":"","_jetpack_dont_email_post_to_subs":false,"_jetpack_newsletter_tier_id":0,"_jetpack_memberships_contains_paywalled_content":false,"_jetpack_feature_clip_id":0,"_jetpack_memberships_contains_paid_content":false,"footnotes":"","jetpack_publicize_message":"","jetpack_publicize_feature_enabled":true,"jetpack_social_post_already_shared":true,"jetpack_social_options":{"image_generator_settings":{"template":"highway","default_image_id":0,"font":"","enabled":false},"version":2},"jetpack_post_was_ever_published":false},"categories":[75],"tags":[],"class_list":["post-144520","post","type-post","status-publish","format-standard","has-post-thumbnail","hentry","category-nacional","post--single"],"jetpack_publicize_connections":[],"jetpack_featured_media_url":"https:\/\/ovelanalista.com\/wp-content\/uploads\/2026\/04\/juan-andres-vega-taxco.jpg","jetpack_sharing_enabled":true,"_links":{"self":[{"href":"https:\/\/ovelanalista.com\/index.php?rest_route=\/wp\/v2\/posts\/144520","targetHints":{"allow":["GET"]}}],"collection":[{"href":"https:\/\/ovelanalista.com\/index.php?rest_route=\/wp\/v2\/posts"}],"about":[{"href":"https:\/\/ovelanalista.com\/index.php?rest_route=\/wp\/v2\/types\/post"}],"author":[{"embeddable":true,"href":"https:\/\/ovelanalista.com\/index.php?rest_route=\/wp\/v2\/users\/3"}],"replies":[{"embeddable":true,"href":"https:\/\/ovelanalista.com\/index.php?rest_route=%2Fwp%2Fv2%2Fcomments&post=144520"}],"version-history":[{"count":1,"href":"https:\/\/ovelanalista.com\/index.php?rest_route=\/wp\/v2\/posts\/144520\/revisions"}],"predecessor-version":[{"id":144528,"href":"https:\/\/ovelanalista.com\/index.php?rest_route=\/wp\/v2\/posts\/144520\/revisions\/144528"}],"wp:featuredmedia":[{"embeddable":true,"href":"https:\/\/ovelanalista.com\/index.php?rest_route=\/wp\/v2\/media\/144527"}],"wp:attachment":[{"href":"https:\/\/ovelanalista.com\/index.php?rest_route=%2Fwp%2Fv2%2Fmedia&parent=144520"}],"wp:term":[{"taxonomy":"category","embeddable":true,"href":"https:\/\/ovelanalista.com\/index.php?rest_route=%2Fwp%2Fv2%2Fcategories&post=144520"},{"taxonomy":"post_tag","embeddable":true,"href":"https:\/\/ovelanalista.com\/index.php?rest_route=%2Fwp%2Fv2%2Ftags&post=144520"}],"curies":[{"name":"wp","href":"https:\/\/api.w.org\/{rel}","templated":true}]}}