{"id":144529,"date":"2026-04-14T11:42:15","date_gmt":"2026-04-14T18:42:15","guid":{"rendered":"https:\/\/ovelanalista.com\/?p=144529"},"modified":"2026-04-14T11:42:15","modified_gmt":"2026-04-14T18:42:15","slug":"chimenea","status":"publish","type":"post","link":"https:\/\/ovelanalista.com\/?p=144529","title":{"rendered":"CHIMENEA"},"content":{"rendered":"<div><strong>BIT\u00c1CORA INQUIETA<\/strong><\/div>\n<div><\/div>\n<div><\/div>\n<div><\/div>\n<div>El pa\u00eds que se industrializ\u00f3 para sobrevivir\u2026 y olvid\u00f3 c\u00f3mo sostener lo que lo hizo crecer<\/div>\n<div><\/div>\n<div><strong>JES\u00daS OCTAVIO MIL\u00c1N GIL<\/strong><\/div>\n<div><\/div>\n<div>I. LA FRASE QUE ABRE<\/div>\n<div><\/div>\n<div>Hay pueblos que nacen alrededor del agua.<\/div>\n<div>Otros, alrededor del polvo.<\/div>\n<div><\/div>\n<div>Costa Rica, Sinaloa, naci\u00f3 alrededor del humo.<\/div>\n<div><\/div>\n<div>No del humo que anuncia incendio\u2026<\/div>\n<div>sino del que promete trabajo.<\/div>\n<div><\/div>\n<div>II. EL ORIGEN: CUANDO EL MUNDO EMPUJ\u00d3 A M\u00c9XICO<\/div>\n<div><\/div>\n<div>La historia no empez\u00f3 en Costa Rica, Sinaloa.<\/div>\n<div><\/div>\n<div>Empez\u00f3 lejos.<\/div>\n<div>En un mundo que acababa de salir de la guerra, donde el az\u00facar dej\u00f3 de ser un lujo y se convirti\u00f3 en necesidad estrat\u00e9gica.<\/div>\n<div><\/div>\n<div>La Segunda Guerra Mundial no solo redibuj\u00f3 fronteras: reorganiz\u00f3 la producci\u00f3n global de alimentos.<\/div>\n<div><\/div>\n<div>M\u00e9xico entendi\u00f3 \u2014o crey\u00f3 entender\u2014 que la soberan\u00eda tambi\u00e9n se cultivaba en los campos.<\/div>\n<div><\/div>\n<div>Bajo el impulso del gobierno de Manuel \u00c1vila Camacho, se sembr\u00f3 una idea: industrializar el campo para sostener al pa\u00eds.<\/div>\n<div><\/div>\n<div>No como un gesto rom\u00e1ntico\u2026<\/div>\n<div>sino como una urgencia.<\/div>\n<div><\/div>\n<div>As\u00ed naci\u00f3, primero en los planos, el Ingenio Central Sanalona.<\/div>\n<div><\/div>\n<div>No era un edificio.<\/div>\n<div>Era una apuesta de Estado.<\/div>\n<div><\/div>\n<div>III. LA PRIMERA RESPIRACI\u00d3N<\/div>\n<div><\/div>\n<div>En 1948, la m\u00e1quina respir\u00f3 por primera vez.<\/div>\n<div><\/div>\n<div>No fue un rugido.<\/div>\n<div>Fue un murmullo met\u00e1lico, casi t\u00edmido, como si el hierro a\u00fan no supiera que estaba a punto de cambiar el destino de un pueblo entero.<\/div>\n<div><\/div>\n<div>Hacia 1949 lleg\u00f3 la primera zafra formal.<\/div>\n<div><\/div>\n<div>Y con ella, algo m\u00e1s importante que el az\u00facar:<\/div>\n<div><\/div>\n<div>lleg\u00f3 el ritmo.<\/div>\n<div><\/div>\n<div>El calendario dej\u00f3 de medirse en meses\u2026<\/div>\n<div>y empez\u00f3 a medirse en cosechas.<\/div>\n<div><\/div>\n<div>Las familias \u2014Su\u00e1rez Ruiz, Haas de la Vega, Almada El\u00edas Calles\u2014 no solo operaban maquinaria: administraban una promesa.<\/div>\n<div><\/div>\n<div>Una de esas promesas que el M\u00e9xico de mediados del siglo XX sab\u00eda hacer bien:<\/div>\n<div>trabajo estable a cambio de lealtad estructural.<\/div>\n<div><\/div>\n<div>IV. EL ESTADO ENTRA: SEGURIDAD Y DEPENDENCIA<\/div>\n<div><\/div>\n<div>En 1954, el Gobierno Federal tom\u00f3 el control.<\/div>\n<div><\/div>\n<div>No fue un simple cambio administrativo.<\/div>\n<div>Fue la consolidaci\u00f3n de una \u00e9poca.<\/div>\n<div><\/div>\n<div>M\u00e9xico viv\u00eda bajo un modelo claro:<\/div>\n<div>el Estado como arquitecto del desarrollo.<\/div>\n<div><\/div>\n<div>Sustituci\u00f3n de importaciones.<\/div>\n<div>Protecci\u00f3n industrial.<\/div>\n<div>Expansi\u00f3n agr\u00edcola controlada.<\/div>\n<div><\/div>\n<div>El ingenio dej\u00f3 de ser empresa\u2026<\/div>\n<div>y se convirti\u00f3 en pol\u00edtica p\u00fablica.<\/div>\n<div><\/div>\n<div>Con el control federal llegaron los salarios seguros, los contratos, la previsibilidad.<\/div>\n<div><\/div>\n<div>La chimenea no solo echaba humo:<\/div>\n<div>produc\u00eda certeza.<\/div>\n<div><\/div>\n<div>Y eso, en un pa\u00eds acostumbrado a la incertidumbre,<\/div>\n<div>era casi una forma de paz.<\/div>\n<div><\/div>\n<div>V. EL PUEBLO QUE CRECI\u00d3 ALREDEDOR DEL FUEGO<\/div>\n<div><\/div>\n<div>Costa Rica no creci\u00f3 por expansi\u00f3n natural.<\/div>\n<div><\/div>\n<div>Creci\u00f3 por gravedad.<\/div>\n<div><\/div>\n<div>Todo giraba alrededor del ingenio:<\/div>\n<div>el comercio, las casas, las escuelas, las conversaciones.<\/div>\n<div><\/div>\n<div>La chimenea no era un s\u00edmbolo industrial.<\/div>\n<div>Era una br\u00fajula.<\/div>\n<div><\/div>\n<div>Dec\u00eda cu\u00e1ndo trabajar.<\/div>\n<div>Cu\u00e1ndo descansar.<\/div>\n<div>Cu\u00e1ndo esperar.<\/div>\n<div><\/div>\n<div>Durante d\u00e9cadas, la vida tuvo una l\u00f3gica simple:<\/div>\n<div>mientras el ingenio respirara, el pueblo vivir\u00eda.<\/div>\n<div><\/div>\n<div>Y as\u00ed fue.<\/div>\n<div><\/div>\n<div>Hasta que dej\u00f3 de serlo.<\/div>\n<div><\/div>\n<div>VI. LO QUE CAMBI\u00d3 EL PA\u00cdS\u2026 Y NADIE QUISO VER<\/div>\n<div><\/div>\n<div>M\u00e9xico cambi\u00f3.<\/div>\n<div><\/div>\n<div>Pero no lo hizo de golpe.<\/div>\n<div><\/div>\n<div>Lo hizo como cambian las cosas importantes:<\/div>\n<div>sin pedir permiso.<\/div>\n<div><\/div>\n<div>A finales del siglo XX, el modelo que hab\u00eda construido al Ingenio Rosales empez\u00f3 a resquebrajarse.<\/div>\n<div><\/div>\n<div>Apertura econ\u00f3mica.<\/div>\n<div>Ajustes estructurales.<\/div>\n<div>Presi\u00f3n internacional.<\/div>\n<div>Reconfiguraci\u00f3n del comercio global.<\/div>\n<div><\/div>\n<div>El pa\u00eds dej\u00f3 de proteger\u2026<\/div>\n<div>y empez\u00f3 a competir.<\/div>\n<div><\/div>\n<div>Y en esa transici\u00f3n, muchas estructuras no estaban dise\u00f1adas para sobrevivir.<\/div>\n<div><\/div>\n<div>El az\u00facar dej\u00f3 de ser estrategia.<\/div>\n<div>Se volvi\u00f3 costo.<\/div>\n<div><\/div>\n<div>El Estado dej\u00f3 de ser sost\u00e9n.<\/div>\n<div>Se volvi\u00f3 carga.<\/div>\n<div><\/div>\n<div>Y lo que durante d\u00e9cadas hab\u00eda sido pilar\u2026<\/div>\n<div>empez\u00f3 a ser problema.<\/div>\n<div><\/div>\n<div>VII. EL SILENCIO DE 1997<\/div>\n<div><\/div>\n<div>Octubre de 1997 no fue una fecha.<\/div>\n<div><\/div>\n<div>Fue una ruptura.<\/div>\n<div><\/div>\n<div>El Ingenio Rosales cerr\u00f3 sus puertas.<\/div>\n<div><\/div>\n<div>No hubo estruendo.<\/div>\n<div>No hubo \u00e9pica.<\/div>\n<div><\/div>\n<div>Solo un silencio pesado.<\/div>\n<div><\/div>\n<div>De esos que no se escuchan\u2026<\/div>\n<div>pero se quedan.<\/div>\n<div><\/div>\n<div>La chimenea dej\u00f3 de emitir humo.<\/div>\n<div><\/div>\n<div>Y con ella, se apag\u00f3 algo m\u00e1s que una industria:<\/div>\n<div>se apag\u00f3 un sistema de vida.<\/div>\n<div><\/div>\n<div>VIII. LA HERIDA QUE NO SE VE<\/div>\n<div><\/div>\n<div>Cuando una f\u00e1brica cierra, los n\u00fameros lo explican.<\/div>\n<div><\/div>\n<div>Cuando un pueblo pierde su motor\u2026<\/div>\n<div>la explicaci\u00f3n ya no es econ\u00f3mica.<\/div>\n<div><\/div>\n<div>Es humana.<\/div>\n<div><\/div>\n<div>El cierre del ingenio no solo quit\u00f3 empleos.<\/div>\n<div><\/div>\n<div>Arranc\u00f3 algo m\u00e1s profundo:<\/div>\n<div>identidad, rutina, pertenencia.<\/div>\n<div><\/div>\n<div>Porque hay estructuras que no solo generan riqueza\u2026<\/div>\n<div>generan sentido.<\/div>\n<div><\/div>\n<div>Y cuando desaparecen, lo que queda no es vac\u00edo.<\/div>\n<div><\/div>\n<div>Es desorientaci\u00f3n.<\/div>\n<div><\/div>\n<div>IX. GEOPOL\u00cdTICA DE UNA CHIMENEA<\/div>\n<div><\/div>\n<div>Lo que ocurri\u00f3 en Costa Rica no fue un accidente.<\/div>\n<div><\/div>\n<div>Fue una consecuencia.<\/div>\n<div><\/div>\n<div>La historia del Ingenio Rosales es, en realidad, la historia de M\u00e9xico en el siglo XX:<\/div>\n<div><\/div>\n<div>\u2014 Un pa\u00eds que apost\u00f3 por industrializarse desde el Estado.<\/div>\n<div>\u2014 Que construy\u00f3 comunidades enteras alrededor de esa decisi\u00f3n.<\/div>\n<div>\u2014 Y que, d\u00e9cadas despu\u00e9s, cambi\u00f3 de modelo\u2026 sin reconstruir lo que dejaba atr\u00e1s.<\/div>\n<div><\/div>\n<div>La globalizaci\u00f3n no lleg\u00f3 con tanques.<\/div>\n<div><\/div>\n<div>Lleg\u00f3 con precios.<\/div>\n<div><\/div>\n<div>Y frente a esos precios, muchas chimeneas dejaron de ser viables.<\/div>\n<div><\/div>\n<div>No porque no produjeran.<\/div>\n<div>Sino porque el mundo dej\u00f3 de necesitarlas\u2026 en las mismas condiciones.<\/div>\n<div><\/div>\n<div>X. ABANDONO INDUSTRIAL EN M\u00c9XICO<\/div>\n<div><\/div>\n<div>El Ingenio Rosales no muri\u00f3 en 1997.<\/div>\n<div><\/div>\n<div>Se qued\u00f3 ah\u00ed.<\/div>\n<div><\/div>\n<div>En la memoria.<\/div>\n<div>En las calles.<\/div>\n<div>En las historias que a\u00fan se cuentan en voz baja.<\/div>\n<div><\/div>\n<div>Porque hay cosas que no desaparecen.<\/div>\n<div><\/div>\n<div>Solo dejan de ser visibles.<\/div>\n<div><\/div>\n<div>Y hay pueblos que no olvidan lo que los hizo\u2026<\/div>\n<div>aunque el pa\u00eds ya no se acuerde de ellos.<\/div>\n<div><\/div>\n<div>Por eso la pregunta no es por qu\u00e9 cerr\u00f3 el ingenio.<\/div>\n<div><\/div>\n<div>La pregunta es otra:<\/div>\n<div><\/div>\n<div>\u00bfqu\u00e9 hace un pa\u00eds con lo que lo construy\u00f3\u2026<\/div>\n<div>cuando ya no le resulta rentable sostenerlo?<\/div>\n<div><\/div>\n<div>No lo abandona.<\/div>\n<div>O no deber\u00eda.<\/div>\n<div><\/div>\n<div>Un pa\u00eds que se deshace de lo que lo construy\u00f3 en nombre de la rentabilidad inmediata\u2026<\/div>\n<div>no se moderniza: se desmemoria.<\/div>\n<div><\/div>\n<div>Porque hay infraestructuras que dejan de ser negocio\u2026<\/div>\n<div>pero nunca dejan de ser fundamento.<\/div>\n<div><\/div>\n<div>Lo responsable no es sostenerlas como museo inerte\u2026<\/div>\n<div>ni sacrificarlas como lastre inc\u00f3modo.<\/div>\n<div><\/div>\n<div>Lo inteligente es transformarlas.<\/div>\n<div><\/div>\n<div>Un pa\u00eds serio hace tres cosas:<\/div>\n<div><\/div>\n<div>* Reconoce su valor hist\u00f3rico y social.<\/div>\n<div>* Reconstruye su vocaci\u00f3n productiva.<\/div>\n<div>* Protege a su gente en la transici\u00f3n.<\/div>\n<div><\/div>\n<div>Cuando eso no ocurre, el costo no es econ\u00f3mico.<\/div>\n<div><\/div>\n<div>Es pol\u00edtico.<\/div>\n<div>Es social.<\/div>\n<div>Es moral.<\/div>\n<div><\/div>\n<div>Porque un pa\u00eds que deja caer sus estructuras sin reconstruir alternativas\u2026<\/div>\n<div>no solo pierde empleos: pierde confianza.<\/div>\n<div><\/div>\n<div>Y la confianza, a diferencia del az\u00facar,<\/div>\n<div>no se puede importar.<\/div>\n<div><\/div>\n<div>XI. COLOF\u00d3N<\/div>\n<div><\/div>\n<div>Un pa\u00eds no est\u00e1 obligado a sostener todo lo que lo hizo\u2026<\/div>\n<div>pero s\u00ed est\u00e1 obligado a hacerse cargo de lo que destruye.<\/div>\n<div><\/div>\n<div>Porque el verdadero desarrollo no es cerrar lo viejo.<\/div>\n<div><\/div>\n<div>Es demostrar que se es capaz de construir algo mejor\u2026<\/div>\n<div><\/div>\n<div>sin dejar a nadie viviendo<\/div>\n<div>entre las ruinas del progreso.<\/div>\n<div>.<\/div>\n","protected":false},"excerpt":{"rendered":"<p>BIT\u00c1CORA INQUIETA El pa\u00eds que se industrializ\u00f3 para sobrevivir\u2026 y olvid\u00f3 c\u00f3mo sostener lo que lo hizo crecer JES\u00daS OCTAVIO MIL\u00c1N GIL I. LA FRASE QUE ABRE Hay pueblos que nacen alrededor del agua. Otros, alrededor del polvo. Costa Rica, Sinaloa, naci\u00f3 alrededor del humo. No del humo que anuncia incendio\u2026 sino del que promete trabajo. II. EL ORIGEN: CUANDO EL MUNDO EMPUJ\u00d3 A M\u00c9XICO La historia no empez\u00f3 en Costa Rica, Sinaloa. Empez\u00f3 lejos. En un mundo que acababa de salir de la guerra, donde el az\u00facar dej\u00f3 de ser un lujo y se convirti\u00f3 en necesidad estrat\u00e9gica. La [&hellip;]<\/p>\n","protected":false},"author":3,"featured_media":120052,"comment_status":"open","ping_status":"open","sticky":false,"template":"","format":"standard","meta":{"_jetpack_newsletter_access":"","_jetpack_dont_email_post_to_subs":false,"_jetpack_newsletter_tier_id":0,"_jetpack_memberships_contains_paywalled_content":false,"_jetpack_feature_clip_id":0,"_jetpack_memberships_contains_paid_content":false,"footnotes":"","jetpack_publicize_message":"","jetpack_publicize_feature_enabled":true,"jetpack_social_post_already_shared":true,"jetpack_social_options":{"image_generator_settings":{"template":"highway","default_image_id":0,"font":"","enabled":false},"version":2},"jetpack_post_was_ever_published":false},"categories":[104],"tags":[],"class_list":["post-144529","post","type-post","status-publish","format-standard","has-post-thumbnail","hentry","category-columnistas-estatales","post--single"],"jetpack_publicize_connections":[],"jetpack_featured_media_url":"https:\/\/ovelanalista.com\/wp-content\/uploads\/2025\/05\/WhatsApp-Image-2025-05-12-at-10.17.27-AM.jpeg","jetpack_sharing_enabled":true,"_links":{"self":[{"href":"https:\/\/ovelanalista.com\/index.php?rest_route=\/wp\/v2\/posts\/144529","targetHints":{"allow":["GET"]}}],"collection":[{"href":"https:\/\/ovelanalista.com\/index.php?rest_route=\/wp\/v2\/posts"}],"about":[{"href":"https:\/\/ovelanalista.com\/index.php?rest_route=\/wp\/v2\/types\/post"}],"author":[{"embeddable":true,"href":"https:\/\/ovelanalista.com\/index.php?rest_route=\/wp\/v2\/users\/3"}],"replies":[{"embeddable":true,"href":"https:\/\/ovelanalista.com\/index.php?rest_route=%2Fwp%2Fv2%2Fcomments&post=144529"}],"version-history":[{"count":1,"href":"https:\/\/ovelanalista.com\/index.php?rest_route=\/wp\/v2\/posts\/144529\/revisions"}],"predecessor-version":[{"id":144533,"href":"https:\/\/ovelanalista.com\/index.php?rest_route=\/wp\/v2\/posts\/144529\/revisions\/144533"}],"wp:featuredmedia":[{"embeddable":true,"href":"https:\/\/ovelanalista.com\/index.php?rest_route=\/wp\/v2\/media\/120052"}],"wp:attachment":[{"href":"https:\/\/ovelanalista.com\/index.php?rest_route=%2Fwp%2Fv2%2Fmedia&parent=144529"}],"wp:term":[{"taxonomy":"category","embeddable":true,"href":"https:\/\/ovelanalista.com\/index.php?rest_route=%2Fwp%2Fv2%2Fcategories&post=144529"},{"taxonomy":"post_tag","embeddable":true,"href":"https:\/\/ovelanalista.com\/index.php?rest_route=%2Fwp%2Fv2%2Ftags&post=144529"}],"curies":[{"name":"wp","href":"https:\/\/api.w.org\/{rel}","templated":true}]}}