{"id":144532,"date":"2026-04-14T15:30:59","date_gmt":"2026-04-14T22:30:59","guid":{"rendered":"https:\/\/ovelanalista.com\/?p=144532"},"modified":"2026-04-14T12:57:32","modified_gmt":"2026-04-14T19:57:32","slug":"fmi-preve-suave-recuperacion-en-mexico-y-anticipa-crecimiento-del-1-6-en-2026","status":"publish","type":"post","link":"https:\/\/ovelanalista.com\/?p=144532","title":{"rendered":"FMI prev\u00e9 \u201csuave recuperaci\u00f3n\u201d en M\u00e9xico y anticipa crecimiento del 1.6 % en 2026"},"content":{"rendered":"<p>El Fondo Monetario Internacional (FMI) elev\u00f3 ligeramente las expectativas de crecimiento para M\u00e9xico para 2026.<\/p>\n<p>El\u00a0<strong>Fondo Monetario Internacional<\/strong>\u00a0(<strong>FMI<\/strong>) elev\u00f3 levemente las expectativas de\u00a0<strong>crecimiento<\/strong>\u00a0para\u00a0<strong>M\u00e9xico<\/strong>\u00a0al 1.6por ciento este a\u00f1o, una d\u00e9cima m\u00e1s de lo previsto en enero, una \u201csuave recuperaci\u00f3n\u201d tras el estancamiento de 2025, cuando fue del 0.6%, seg\u00fan el informe \u201c<a href=\"https:\/\/www.imf.org\/en\/publications\/weo\/issues\/2026\/04\/14\/world-economic-outlook-april-2026?cid=ca-com-homepage-sm26-WEOEA2026001\" target=\"_blank\" rel=\"noopener noreferrer\">Perspectivas Econ\u00f3micas Globales<\/a>\u201d divulgado este martes 14 de abril de 2026.<\/p>\n<p>Para 2027, el organismo internacional tambi\u00e9n mejor\u00f3 las previsiones de crecimiento econ\u00f3mico en la segunda mayor econom\u00eda de Latinoam\u00e9rica al 2.2 por ciento, frente al 2.1% estimado tres meses atr\u00e1s.<\/p>\n<p>\u201cEn M\u00e9xico, el d\u00e9bil crecimiento econ\u00f3mico en 2025 en medio de la consolidaci\u00f3n fiscal, la pol\u00edtica monetaria restrictiva y los vientos en contra de las tensiones comerciales se espera que den lugar a una recuperaci\u00f3n suave\u201d, indic\u00f3 el reporte.<\/p>\n<p>Las previsiones del FMI son algo m\u00e1s cautas que las de el Gobierno de M\u00e9xico, cuya secretar\u00eda de Hacienda anticip\u00f3 un crecimiento estimado para este a\u00f1o de entre el 1.8 y el 2.8 por ciento para este a\u00f1o y de entre el 1.9 y 2.9por ciento para 2027.<\/p>\n<div id=\"standard_4\" class=\"st-placement standard_4 inArticle\">\n<div class=\"st-adunit-inarticle st-inarticle-slot\">\n<div class=\"st-adunit st-adunit-tagged st-reset st-show\">\n<div class=\"st-adunit-ad st-reset\">\n<div class=\"st-display-render st-reset open 970x250\">\n<div class=\"x-to-close st-reset\">El mes pasado, el secretario de Hacienda, \u00c9dgar Amador Zamora, se\u00f1al\u00f3 que pese al alza generalizado de los precios globales del crudo por la guerra de Estados Unidos e Israel contra Ir\u00e1n, M\u00e9xico no considera que vaya a modificar sus estimaciones de crecimiento econ\u00f3mico este a\u00f1o.<\/div>\n<\/div>\n<\/div>\n<\/div>\n<\/div>\n<\/div>\n<div><\/div>\n<div><\/div>\n<div>Con informaci\u00f3n de EFE<\/div>\n","protected":false},"excerpt":{"rendered":"<p>El Fondo Monetario Internacional (FMI) elev\u00f3 ligeramente las expectativas de crecimiento para M\u00e9xico para 2026. El\u00a0Fondo Monetario Internacional\u00a0(FMI) elev\u00f3 levemente las expectativas de\u00a0crecimiento\u00a0para\u00a0M\u00e9xico\u00a0al 1.6por ciento este a\u00f1o, una d\u00e9cima m\u00e1s de lo previsto en enero, una \u201csuave recuperaci\u00f3n\u201d tras el estancamiento de 2025, cuando fue del 0.6%, seg\u00fan el informe \u201cPerspectivas Econ\u00f3micas Globales\u201d divulgado este martes 14 de abril de 2026. Para 2027, el organismo internacional tambi\u00e9n mejor\u00f3 las previsiones de crecimiento econ\u00f3mico en la segunda mayor econom\u00eda de Latinoam\u00e9rica al 2.2 por ciento, frente al 2.1% estimado tres meses atr\u00e1s. \u201cEn M\u00e9xico, el d\u00e9bil crecimiento econ\u00f3mico en 2025 en [&hellip;]<\/p>\n","protected":false},"author":3,"featured_media":144547,"comment_status":"open","ping_status":"open","sticky":false,"template":"","format":"standard","meta":{"_jetpack_newsletter_access":"","_jetpack_dont_email_post_to_subs":false,"_jetpack_newsletter_tier_id":0,"_jetpack_memberships_contains_paywalled_content":false,"_jetpack_feature_clip_id":0,"_jetpack_memberships_contains_paid_content":false,"footnotes":"","jetpack_publicize_message":"","jetpack_publicize_feature_enabled":true,"jetpack_social_post_already_shared":true,"jetpack_social_options":{"image_generator_settings":{"template":"highway","default_image_id":0,"font":"","enabled":false},"version":2},"jetpack_post_was_ever_published":false},"categories":[75],"tags":[],"class_list":["post-144532","post","type-post","status-publish","format-standard","has-post-thumbnail","hentry","category-nacional","post--single"],"jetpack_publicize_connections":[],"jetpack_featured_media_url":"https:\/\/ovelanalista.com\/wp-content\/uploads\/2026\/04\/ciudad-de-mexico-cdmx-economia-mexicana.jpg","jetpack_sharing_enabled":true,"_links":{"self":[{"href":"https:\/\/ovelanalista.com\/index.php?rest_route=\/wp\/v2\/posts\/144532","targetHints":{"allow":["GET"]}}],"collection":[{"href":"https:\/\/ovelanalista.com\/index.php?rest_route=\/wp\/v2\/posts"}],"about":[{"href":"https:\/\/ovelanalista.com\/index.php?rest_route=\/wp\/v2\/types\/post"}],"author":[{"embeddable":true,"href":"https:\/\/ovelanalista.com\/index.php?rest_route=\/wp\/v2\/users\/3"}],"replies":[{"embeddable":true,"href":"https:\/\/ovelanalista.com\/index.php?rest_route=%2Fwp%2Fv2%2Fcomments&post=144532"}],"version-history":[{"count":1,"href":"https:\/\/ovelanalista.com\/index.php?rest_route=\/wp\/v2\/posts\/144532\/revisions"}],"predecessor-version":[{"id":144548,"href":"https:\/\/ovelanalista.com\/index.php?rest_route=\/wp\/v2\/posts\/144532\/revisions\/144548"}],"wp:featuredmedia":[{"embeddable":true,"href":"https:\/\/ovelanalista.com\/index.php?rest_route=\/wp\/v2\/media\/144547"}],"wp:attachment":[{"href":"https:\/\/ovelanalista.com\/index.php?rest_route=%2Fwp%2Fv2%2Fmedia&parent=144532"}],"wp:term":[{"taxonomy":"category","embeddable":true,"href":"https:\/\/ovelanalista.com\/index.php?rest_route=%2Fwp%2Fv2%2Fcategories&post=144532"},{"taxonomy":"post_tag","embeddable":true,"href":"https:\/\/ovelanalista.com\/index.php?rest_route=%2Fwp%2Fv2%2Ftags&post=144532"}],"curies":[{"name":"wp","href":"https:\/\/api.w.org\/{rel}","templated":true}]}}