{"id":144535,"date":"2026-04-14T13:30:11","date_gmt":"2026-04-14T20:30:11","guid":{"rendered":"https:\/\/ovelanalista.com\/?p=144535"},"modified":"2026-04-14T11:48:28","modified_gmt":"2026-04-14T18:48:28","slug":"alumnos-de-la-fes-cuautitlan-se-van-a-paro-tras-asesinato-de-companero","status":"publish","type":"post","link":"https:\/\/ovelanalista.com\/?p=144535","title":{"rendered":"Alumnos de la FES Cuautitl\u00e1n se van a paro tras asesinato de compa\u00f1ero"},"content":{"rendered":"<p>El asesinato de un alumno de la FES Cuautitl\u00e1n desat\u00f3 movilizaciones estudiantiles y un paro acad\u00e9mico de 48 horas.<\/p>\n<p>Alumnos de la Facultad de Estudios Superiores (<strong>FES<\/strong>)\u00a0<strong>Cuautitl\u00e1n<\/strong>\u00a0iniciaron un\u00a0<strong>paro acad\u00e9mico<\/strong>\u00a0ante el\u00a0<strong>asesinato<\/strong>\u00a0de un\u00a0<strong>compa\u00f1ero<\/strong>.<\/p>\n<p>https:\/\/pbs.twimg.com\/media\/HF1dJ5dXQAArPnN?format=jpg&#038;name=medium<\/p>\n<h2>Asesinan a estudiante de la FES Cuautitl\u00e1n<\/h2>\n<p>El pasado 9 de abril, el estudiante\u00a0<strong>Joel Ulises Crist\u00f3bal Castillo<\/strong>, de la licenciatura de Administraci\u00f3n, fue\u00a0<strong>asesinado<\/strong>\u00a0a disparos en las inmediaciones del Campo Cuatro del plantel.<\/p>\n<p>Inicialmente se se\u00f1al\u00f3 un<strong>\u00a0intento de asalto<\/strong>, pero de acuerdo con el presidente municipal de Cuautitl\u00e1n Izcalli, Daniel Serrano, se trat\u00f3 de un\u00a0<strong>ataque<\/strong>\u00a0<strong>directo<\/strong>.<\/p>\n<p><strong>Alumnos<\/strong>\u00a0de la FES Cuautitl\u00e1n\u00a0<strong>bloquearon<\/strong>\u00a0la v\u00eda\u00a0<strong>Cuautitl\u00e1n-Teoloyucan<\/strong>\u00a0y se manifestaron sobre los carriles centrales de la\u00a0<strong>autopista M\u00e9xico-Quer\u00e9taro<\/strong>.<\/p>\n<p>Tambi\u00e9n dieron\u00a0<strong>paso libre<\/strong>\u00a0por la\u00a0<strong>caseta de Tepotzotl\u00e1n<\/strong>.<\/p>\n<p>Protestaron para esclarecer el homicidio de Joel Ulises y que autoridades del Estado de M\u00e9xico brinden seguridad al plantel.<\/p>\n<h2>\u00a0Alumnos exigen seguridad<\/h2>\n<p>Este 13 de abril, alumnos tambi\u00e9n celebraron una\u00a0<strong>asamblea<\/strong>\u00a0en la que votaron a favor de un\u00a0<strong>paro acad\u00e9mico<\/strong>\u00a0de 48 horas.<\/p>\n<p>De esta forma, las\u00a0<strong>clases<\/strong>\u00a0en la\u00a0<strong>FES Cuautitl\u00e1n<\/strong>\u00a0se\u00a0<strong>reanudar\u00e1n<\/strong>\u00a0el jueves<strong>\u00a016 de abril<\/strong>\u00a0en su horario habitual.<\/p>\n<p>Las\u00a0<strong>actividades administrativas<\/strong>\u00a0se mantendr\u00e1n de\u00a0<strong>manera regular<\/strong>.<\/p>\n<p>Estudiantes entregaron un\u00a0<strong>pliego petitorio<\/strong>\u00a0con diversas demandas, a fin de que se refuerce la seguridad en el plantel, incluyendo los accesos y zonas circundantes.<\/p>\n<p>Con informaci\u00f3n de N+<\/p>\n","protected":false},"excerpt":{"rendered":"<p>El asesinato de un alumno de la FES Cuautitl\u00e1n desat\u00f3 movilizaciones estudiantiles y un paro acad\u00e9mico de 48 horas. Alumnos de la Facultad de Estudios Superiores (FES)\u00a0Cuautitl\u00e1n\u00a0iniciaron un\u00a0paro acad\u00e9mico\u00a0ante el\u00a0asesinato\u00a0de un\u00a0compa\u00f1ero. https:\/\/pbs.twimg.com\/media\/HF1dJ5dXQAArPnN?format=jpg&#038;name=medium Asesinan a estudiante de la FES Cuautitl\u00e1n El pasado 9 de abril, el estudiante\u00a0Joel Ulises Crist\u00f3bal Castillo, de la licenciatura de Administraci\u00f3n, fue\u00a0asesinado\u00a0a disparos en las inmediaciones del Campo Cuatro del plantel. Inicialmente se se\u00f1al\u00f3 un\u00a0intento de asalto, pero de acuerdo con el presidente municipal de Cuautitl\u00e1n Izcalli, Daniel Serrano, se trat\u00f3 de un\u00a0ataque\u00a0directo. Alumnos\u00a0de la FES Cuautitl\u00e1n\u00a0bloquearon\u00a0la v\u00eda\u00a0Cuautitl\u00e1n-Teoloyucan\u00a0y se manifestaron sobre los carriles centrales de la\u00a0autopista M\u00e9xico-Quer\u00e9taro. [&hellip;]<\/p>\n","protected":false},"author":3,"featured_media":144538,"comment_status":"open","ping_status":"open","sticky":false,"template":"","format":"standard","meta":{"_jetpack_newsletter_access":"","_jetpack_dont_email_post_to_subs":false,"_jetpack_newsletter_tier_id":0,"_jetpack_memberships_contains_paywalled_content":false,"_jetpack_feature_clip_id":0,"_jetpack_memberships_contains_paid_content":false,"footnotes":"","jetpack_publicize_message":"","jetpack_publicize_feature_enabled":true,"jetpack_social_post_already_shared":true,"jetpack_social_options":{"image_generator_settings":{"template":"highway","default_image_id":0,"font":"","enabled":false},"version":2},"jetpack_post_was_ever_published":false},"categories":[75],"tags":[],"class_list":["post-144535","post","type-post","status-publish","format-standard","has-post-thumbnail","hentry","category-nacional","post--single"],"jetpack_publicize_connections":[],"jetpack_featured_media_url":"https:\/\/ovelanalista.com\/wp-content\/uploads\/2026\/04\/fes-cuautitlan.jpg","jetpack_sharing_enabled":true,"_links":{"self":[{"href":"https:\/\/ovelanalista.com\/index.php?rest_route=\/wp\/v2\/posts\/144535","targetHints":{"allow":["GET"]}}],"collection":[{"href":"https:\/\/ovelanalista.com\/index.php?rest_route=\/wp\/v2\/posts"}],"about":[{"href":"https:\/\/ovelanalista.com\/index.php?rest_route=\/wp\/v2\/types\/post"}],"author":[{"embeddable":true,"href":"https:\/\/ovelanalista.com\/index.php?rest_route=\/wp\/v2\/users\/3"}],"replies":[{"embeddable":true,"href":"https:\/\/ovelanalista.com\/index.php?rest_route=%2Fwp%2Fv2%2Fcomments&post=144535"}],"version-history":[{"count":1,"href":"https:\/\/ovelanalista.com\/index.php?rest_route=\/wp\/v2\/posts\/144535\/revisions"}],"predecessor-version":[{"id":144539,"href":"https:\/\/ovelanalista.com\/index.php?rest_route=\/wp\/v2\/posts\/144535\/revisions\/144539"}],"wp:featuredmedia":[{"embeddable":true,"href":"https:\/\/ovelanalista.com\/index.php?rest_route=\/wp\/v2\/media\/144538"}],"wp:attachment":[{"href":"https:\/\/ovelanalista.com\/index.php?rest_route=%2Fwp%2Fv2%2Fmedia&parent=144535"}],"wp:term":[{"taxonomy":"category","embeddable":true,"href":"https:\/\/ovelanalista.com\/index.php?rest_route=%2Fwp%2Fv2%2Fcategories&post=144535"},{"taxonomy":"post_tag","embeddable":true,"href":"https:\/\/ovelanalista.com\/index.php?rest_route=%2Fwp%2Fv2%2Ftags&post=144535"}],"curies":[{"name":"wp","href":"https:\/\/api.w.org\/{rel}","templated":true}]}}