{"id":144537,"date":"2026-04-14T15:00:00","date_gmt":"2026-04-14T22:00:00","guid":{"rendered":"https:\/\/ovelanalista.com\/?p=144537"},"modified":"2026-04-14T12:55:41","modified_gmt":"2026-04-14T19:55:41","slug":"no-hay-ninguna-razon-sheinbaum-descarta-incremento-en-el-precio-de-la-tortilla","status":"publish","type":"post","link":"https:\/\/ovelanalista.com\/?p=144537","title":{"rendered":"\u201cNo hay ninguna raz\u00f3n\u201d: Sheinbaum descarta incremento en el precio de la tortilla"},"content":{"rendered":"<p>Sheinbaum indic\u00f3 que el precio del ma\u00edz est\u00e1 en su nivel m\u00e1s bajo, por lo que no hay raz\u00f3n para el incremento en el precio de la tortilla.<\/p>\n<div class=\"entry-grid__content-area2 entry-main-text\">\n<div class=\"row\">\n<div class=\"col-12 col-lg-8\">\n<div class=\"article-content\">\n<p class=\"p1\">La presidenta\u00a0<a href=\"https:\/\/x.com\/Claudiashein\" target=\"_blank\" rel=\"noreferrer noopener\"><span class=\"s1\"><b>Claudia<\/b><\/span><\/a><b>\u00a0Sheinbaum Pardo<\/b>\u00a0dej\u00f3 en claro qu<strong>e no existe una raz\u00f3n<\/strong>\u00a0para que\u00a0<strong>aumente<\/strong>\u00a0el precio de la\u00a0<strong>tortilla<\/strong>\u00a0en\u00a0<strong>M\u00e9xico\u00a0<\/strong>en las pr\u00f3ximas semanas.<\/p>\n<p class=\"p1\">En la conferencia matutina de Palacio Nacional de este mi\u00e9rcoles 14 de abril de 2026, Sheinbaum Pardo indic\u00f3 que el precio del ma\u00edz est\u00e1 en su nivel m\u00e1s bajo.<\/p>\n<blockquote><p>\u201cNo es cierto. No tiene ninguna raz\u00f3n para el aumento del precio de la tortilla\u201d, argument\u00f3<\/p><\/blockquote>\n<p>\u201cPorque los granos de ma\u00edz est\u00e1n en el nivel m\u00e1s bajo, yo creo que de la historia. No hay ninguna raz\u00f3n para que aumente el precio de la tortilla\u201d, agreg\u00f3.<\/p>\n<p>Las declaraciones de la mandataria mexicana ocurren tras las declaraciones del presidente del\u00a0<strong>Consejo Nacional de la Tortilla, Homero L\u00f3pez<\/strong>, quien detall\u00f3 en entrevista para Radio F\u00f3rmula de un inminente incremento en el precio de la tortilla de entre dos y cuatro pesos en las siguientes semanas.<\/p>\n<p>\u201cHicimos un sondeo: aumentar\u00e1 (el precio de la tortilla en M\u00e9xico)\u201d, asever\u00f3 L\u00f3pez en una entrevista para la periodista Azucena Uresti en Radio F\u00f3rmula.<\/p>\n<p>Sheinbaum Pardo se\u00f1al\u00f3 instruy\u00f3 a funcionarios de su Gobierno para entablar contacto con\u00a0productores y todos los involucrados en la cadena de suministro.<\/p>\n<p>\u201cLe habl\u00e9 al secretario para que se comunicara, no solo con esta persona, sino con todos los que tenemos el acuerdo ma\u00edz-tortilla, porque no hay ninguna raz\u00f3n para que suba el precio\u201d, expuso.<\/p>\n<p>La Presidenta subray\u00f3 que su administraci\u00f3n est\u00e1 fortaleciendo la relaci\u00f3n directa con productores como una medida clave para contener presiones inflacionarias y evitar abusos en la comercializaci\u00f3n. \u201cEstamos fortaleciendo la relaci\u00f3n con los productores\u201d, agreg\u00f3.<\/p>\n<p class=\"p1\">Con informaci\u00f3n de L\u00f3pez-D\u00f3riga Digital<\/p>\n<\/div>\n<\/div>\n<\/div>\n<\/div>\n","protected":false},"excerpt":{"rendered":"<p>Sheinbaum indic\u00f3 que el precio del ma\u00edz est\u00e1 en su nivel m\u00e1s bajo, por lo que no hay raz\u00f3n para el incremento en el precio de la tortilla. La presidenta\u00a0Claudia\u00a0Sheinbaum Pardo\u00a0dej\u00f3 en claro que no existe una raz\u00f3n\u00a0para que\u00a0aumente\u00a0el precio de la\u00a0tortilla\u00a0en\u00a0M\u00e9xico\u00a0en las pr\u00f3ximas semanas. En la conferencia matutina de Palacio Nacional de este mi\u00e9rcoles 14 de abril de 2026, Sheinbaum Pardo indic\u00f3 que el precio del ma\u00edz est\u00e1 en su nivel m\u00e1s bajo. \u201cNo es cierto. No tiene ninguna raz\u00f3n para el aumento del precio de la tortilla\u201d, argument\u00f3 \u201cPorque los granos de ma\u00edz est\u00e1n en el nivel m\u00e1s [&hellip;]<\/p>\n","protected":false},"author":3,"featured_media":144545,"comment_status":"open","ping_status":"open","sticky":false,"template":"","format":"standard","meta":{"_jetpack_newsletter_access":"","_jetpack_dont_email_post_to_subs":false,"_jetpack_newsletter_tier_id":0,"_jetpack_memberships_contains_paywalled_content":false,"_jetpack_feature_clip_id":0,"_jetpack_memberships_contains_paid_content":false,"footnotes":"","jetpack_publicize_message":"","jetpack_publicize_feature_enabled":true,"jetpack_social_post_already_shared":true,"jetpack_social_options":{"image_generator_settings":{"template":"highway","default_image_id":0,"font":"","enabled":false},"version":2},"jetpack_post_was_ever_published":false},"categories":[75],"tags":[],"class_list":["post-144537","post","type-post","status-publish","format-standard","has-post-thumbnail","hentry","category-nacional","post--single"],"jetpack_publicize_connections":[],"jetpack_featured_media_url":"https:\/\/ovelanalista.com\/wp-content\/uploads\/2026\/04\/tortillas.jpg","jetpack_sharing_enabled":true,"_links":{"self":[{"href":"https:\/\/ovelanalista.com\/index.php?rest_route=\/wp\/v2\/posts\/144537","targetHints":{"allow":["GET"]}}],"collection":[{"href":"https:\/\/ovelanalista.com\/index.php?rest_route=\/wp\/v2\/posts"}],"about":[{"href":"https:\/\/ovelanalista.com\/index.php?rest_route=\/wp\/v2\/types\/post"}],"author":[{"embeddable":true,"href":"https:\/\/ovelanalista.com\/index.php?rest_route=\/wp\/v2\/users\/3"}],"replies":[{"embeddable":true,"href":"https:\/\/ovelanalista.com\/index.php?rest_route=%2Fwp%2Fv2%2Fcomments&post=144537"}],"version-history":[{"count":1,"href":"https:\/\/ovelanalista.com\/index.php?rest_route=\/wp\/v2\/posts\/144537\/revisions"}],"predecessor-version":[{"id":144546,"href":"https:\/\/ovelanalista.com\/index.php?rest_route=\/wp\/v2\/posts\/144537\/revisions\/144546"}],"wp:featuredmedia":[{"embeddable":true,"href":"https:\/\/ovelanalista.com\/index.php?rest_route=\/wp\/v2\/media\/144545"}],"wp:attachment":[{"href":"https:\/\/ovelanalista.com\/index.php?rest_route=%2Fwp%2Fv2%2Fmedia&parent=144537"}],"wp:term":[{"taxonomy":"category","embeddable":true,"href":"https:\/\/ovelanalista.com\/index.php?rest_route=%2Fwp%2Fv2%2Fcategories&post=144537"},{"taxonomy":"post_tag","embeddable":true,"href":"https:\/\/ovelanalista.com\/index.php?rest_route=%2Fwp%2Fv2%2Ftags&post=144537"}],"curies":[{"name":"wp","href":"https:\/\/api.w.org\/{rel}","templated":true}]}}