{"id":144549,"date":"2026-04-14T17:30:00","date_gmt":"2026-04-15T00:30:00","guid":{"rendered":"https:\/\/ovelanalista.com\/?p=144549"},"modified":"2026-04-14T17:30:00","modified_gmt":"2026-04-15T00:30:00","slug":"no-basta-con-entrar-el-reto-educativo-en-sinaloa-es-sostener-las-trayectorias","status":"publish","type":"post","link":"https:\/\/ovelanalista.com\/?p=144549","title":{"rendered":"No basta con entrar: el reto educativo en Sinaloa es sostener las trayectorias"},"content":{"rendered":"<p class=\"p3\"><b><i>En Sinaloa, el problema del abandono escolar se agudiza en media superior, donde casi 1 de cada 9 j\u00f3venes interrumpe sus estudios.<\/i><\/b><\/p>\n<p class=\"p4\"><span class=\"s1\"><br \/>\n<\/span>En Sinaloa, el acceso a la educaci\u00f3n ha dejado de ser el principal desaf\u00edo. Las cifras muestran que ni\u00f1as, ni\u00f1os y j\u00f3venes s\u00ed est\u00e1n entrando a la escuela. Sin embargo, permanecer y concluir una trayectoria educativa completa hasta los estudios profesionales sigue siendo una meta que no todos logran alcanzar.<\/p>\n<p class=\"p4\">En educaci\u00f3n b\u00e1sica, el abandono escolar se mantiene en niveles bajos: menos del 1% en primaria y alrededor del 3% en secundaria. No obstante, estos niveles han mostrado incrementos recientes que deben leerse como se\u00f1ales de alerta temprana.<\/p>\n<p class=\"p4\">En la nota t\u00e9cnica presentada por Mexicanos Primero Sinaloa se destaca que es en la educaci\u00f3n media superior donde el problema se vuelve m\u00e1s visible y persistente. En el ciclo escolar 2023-2024, la tasa de abandono se ubic\u00f3 en 11.3%, lo que significa que casi 1 de cada 9 j\u00f3venes interrumpe su trayectoria educativa en este nivel.<\/p>\n<p class=\"p4\">La directora general de Mexicanos Primero Sinaloa, Nuria Gonz\u00e1lez Elizalde, advirti\u00f3 que abandono escolar no puede entenderse como una decisi\u00f3n individual aislada, sino como un problema p\u00fablico que refleja condiciones sociales, econ\u00f3micas, familiares e institucionales que no fueron atendidas a tiempo. Se trata de trayectorias que comienzan, pero que se debilitan progresivamente hasta romperse.<\/p>\n<p class=\"p4\">\u201cPero es en la educaci\u00f3n media superior donde el problema se vuelve cr\u00edtico, el abandono supera el 11%, esto nos permite entender algo fundamental, el abandono aumenta conforme avanza la trayectoria educativa, es decir, el problema no empieza en media superior, comienza antes, se va construyendo a lo largo de la trayectoria educativa\u201d, se\u00f1al\u00f3.<\/p>\n<p class=\"p4\">El fen\u00f3meno, adem\u00e1s, no ocurre de un momento a otro. El abandono escolar es un proceso acumulativo que inicia con se\u00f1ales como la inasistencia, el rezago, la desconexi\u00f3n o la p\u00e9rdida de sentido de la experiencia escolar. Cuando estas alertas no se identifican ni se atienden oportunamente, las y los estudiantes terminan por interrumpir sus estudios.<\/p>\n<p class=\"p4\">\u201cDesde Mexicanos Primero partimos de una idea central: atender el abandono escolar requiere acciones preventivas, articuladas y sostenidas. No basta con reaccionar cuando el estudiante ya dej\u00f3 la escuela, se trata de identificar riesgos a tiempo, intervenir de manera oportuna y garantizar trayectorias educativas completas\u201d, expres\u00f3.<\/p>\n<p class=\"p4\">Aunque el Estado presenta indicadores favorables en cobertura \u2014con niveles cercanos a la universalidad en primaria y superiores al promedio nacional en media superior\u2014, estos avances no garantizan la permanencia. De hecho, es en el tr\u00e1nsito por los distintos niveles educativos donde se evidencian las mayores tensiones del sistema.<\/p>\n<p class=\"p4\">Este dato confirma que la media superior es el principal punto de quiebre del sistema educativo en Sinaloa. Aunque despu\u00e9s de la pandemia se observ\u00f3 una disminuci\u00f3n respecto al pico de 16.3% registrado en 2020-2021, el abandono se mantiene en niveles elevados, lo que evidencia que no se trata de un fen\u00f3meno coyuntural, sino estructural.<\/p>\n<p class=\"p4\">Las razones detr\u00e1s de este fen\u00f3meno son m\u00faltiples. Entre los factores que inciden se encuentran las condiciones socioecon\u00f3micas, el trabajo infantil y juvenil, la violencia en los entornos, las afectaciones socioemocionales, as\u00ed como factores escolares e institucionales. A ello se suman barreras como la discriminaci\u00f3n y la falta de condiciones para una inclusi\u00f3n efectiva.<\/p>\n<p class=\"p4\">Las consecuencias del abandono son profundas. No solo limitan las oportunidades educativas y laborales de quienes interrumpen sus estudios, sino que tambi\u00e9n ampl\u00edan brechas de desigualdad y debilitan la capacidad del sistema educativo para garantizar el derecho a aprender.<\/p>\n<p class=\"p4\">\u201cUna diferencia en matr\u00edcula, por s\u00ed sola, no puede concluir abandono escolar, puede haber migraci\u00f3n, cambio de escuela, movilidad dentro del sistema, incluso efectos demogr\u00e1ficos como la disminuci\u00f3n en la natalidad, pero tampoco podemos minimizar el problema, porque hay algo que s\u00ed es claro, se ha ampliado al acceso, pero la permanencia no est\u00e1 garantizada\u201d, afirm\u00f3.<\/p>\n<p class=\"p4\">Por ello, el Estado tiene la obligaci\u00f3n de prevenir, atender y reducir el abandono escolar. La permanencia en la escuela es parte fundamental del derecho a la educaci\u00f3n, por lo tanto, es indispensable generar las condiciones para que las y los estudiantes puedan mantenerse en ella.<\/p>\n<p class=\"p4\">Frente a este panorama, Mexicanos Primero Sinaloa hace un llamado a colocar el abandono escolar en el centro de la agenda p\u00fablica. Atender este desaf\u00edo implica analizar la evidencia, identificar los factores de riesgo y actuar de manera preventiva y articulada.<\/p>\n<p class=\"p4\">Lo que propone es:<\/p>\n<ul class=\"ul1\">\n<li class=\"li4\">Priorizar el abandono escolar en la agenda p\u00fablica<\/li>\n<li class=\"li4\">Implementar un sistema de alerta temprana para detectar riesgos antes de que las trayectorias se rompan<\/li>\n<li class=\"li4\">Asignar recursos focalizados para apoyar la permanencia, especialmente en secundaria y media superior<\/li>\n<li class=\"li4\">Desarrollar estrategias intersectoriales que atiendan las causas estructurales del abandono, m\u00e1s all\u00e1 del \u00e1mbito escolar.<\/li>\n<\/ul>\n<p class=\"p4\">Hoy existe claridad sobre d\u00f3nde se rompe la trayectoria, por qu\u00e9 ocurre y qu\u00e9 se puede hacer. El reto es traducir esa evidencia en decisiones p\u00fablicas sostenidas.<\/p>\n<p class=\"p4\">Cada estudiante que abandona la escuela no es una cifra m\u00e1s: es una trayectoria que no se logr\u00f3 sostener. Garantizar que ni\u00f1as, ni\u00f1os y j\u00f3venes no solo entren, sino permanezcan y concluyan su educaci\u00f3n, es la condici\u00f3n indispensable para hacer efectivo su derecho a aprender.<\/p>\n<p class=\"p6\">Puedes consultar <b>aqu\u00ed<\/b> nuestra nota de investigaci\u00f3n <i>Abandono escolar en Sinaloa: trayectorias que se rompen<\/i><\/p>\n","protected":false},"excerpt":{"rendered":"<p>En Sinaloa, el problema del abandono escolar se agudiza en media superior, donde casi 1 de cada 9 j\u00f3venes interrumpe sus estudios. En Sinaloa, el acceso a la educaci\u00f3n ha dejado de ser el principal desaf\u00edo. Las cifras muestran que ni\u00f1as, ni\u00f1os y j\u00f3venes s\u00ed est\u00e1n entrando a la escuela. Sin embargo, permanecer y concluir una trayectoria educativa completa hasta los estudios profesionales sigue siendo una meta que no todos logran alcanzar. En educaci\u00f3n b\u00e1sica, el abandono escolar se mantiene en niveles bajos: menos del 1% en primaria y alrededor del 3% en secundaria. No obstante, estos niveles han mostrado [&hellip;]<\/p>\n","protected":false},"author":3,"featured_media":144550,"comment_status":"open","ping_status":"open","sticky":false,"template":"","format":"standard","meta":{"_jetpack_newsletter_access":"","_jetpack_dont_email_post_to_subs":false,"_jetpack_newsletter_tier_id":0,"_jetpack_memberships_contains_paywalled_content":false,"_jetpack_feature_clip_id":0,"_jetpack_memberships_contains_paid_content":false,"footnotes":"","jetpack_publicize_message":"","jetpack_publicize_feature_enabled":true,"jetpack_social_post_already_shared":true,"jetpack_social_options":{"image_generator_settings":{"template":"highway","default_image_id":0,"font":"","enabled":false},"version":2},"jetpack_post_was_ever_published":false},"categories":[90,72],"tags":[],"class_list":["post-144549","post","type-post","status-publish","format-standard","has-post-thumbnail","hentry","category-estatal","category-portada","post--single"],"jetpack_publicize_connections":[],"jetpack_featured_media_url":"https:\/\/ovelanalista.com\/wp-content\/uploads\/2026\/04\/WhatsApp-Image-2026-04-14-at-5.04.28-PM.jpeg","jetpack_sharing_enabled":true,"_links":{"self":[{"href":"https:\/\/ovelanalista.com\/index.php?rest_route=\/wp\/v2\/posts\/144549","targetHints":{"allow":["GET"]}}],"collection":[{"href":"https:\/\/ovelanalista.com\/index.php?rest_route=\/wp\/v2\/posts"}],"about":[{"href":"https:\/\/ovelanalista.com\/index.php?rest_route=\/wp\/v2\/types\/post"}],"author":[{"embeddable":true,"href":"https:\/\/ovelanalista.com\/index.php?rest_route=\/wp\/v2\/users\/3"}],"replies":[{"embeddable":true,"href":"https:\/\/ovelanalista.com\/index.php?rest_route=%2Fwp%2Fv2%2Fcomments&post=144549"}],"version-history":[{"count":2,"href":"https:\/\/ovelanalista.com\/index.php?rest_route=\/wp\/v2\/posts\/144549\/revisions"}],"predecessor-version":[{"id":144552,"href":"https:\/\/ovelanalista.com\/index.php?rest_route=\/wp\/v2\/posts\/144549\/revisions\/144552"}],"wp:featuredmedia":[{"embeddable":true,"href":"https:\/\/ovelanalista.com\/index.php?rest_route=\/wp\/v2\/media\/144550"}],"wp:attachment":[{"href":"https:\/\/ovelanalista.com\/index.php?rest_route=%2Fwp%2Fv2%2Fmedia&parent=144549"}],"wp:term":[{"taxonomy":"category","embeddable":true,"href":"https:\/\/ovelanalista.com\/index.php?rest_route=%2Fwp%2Fv2%2Fcategories&post=144549"},{"taxonomy":"post_tag","embeddable":true,"href":"https:\/\/ovelanalista.com\/index.php?rest_route=%2Fwp%2Fv2%2Ftags&post=144549"}],"curies":[{"name":"wp","href":"https:\/\/api.w.org\/{rel}","templated":true}]}}