{"id":144559,"date":"2026-04-15T09:08:37","date_gmt":"2026-04-15T16:08:37","guid":{"rendered":"https:\/\/ovelanalista.com\/?p=144559"},"modified":"2026-04-15T09:08:37","modified_gmt":"2026-04-15T16:08:37","slug":"lista-negra-sistema-gris","status":"publish","type":"post","link":"https:\/\/ovelanalista.com\/?p=144559","title":{"rendered":"Lista negra, sistema gris"},"content":{"rendered":"<p><strong>Jos\u00e9 Luis Parra<\/strong><\/p>\n<p>&nbsp;<\/p>\n<p>Estados Unidos lo pone en la lista negra. En M\u00e9xico, en cambio, el personaje transitaba con cierta normalidad institucional, como si el pantano no salpicara. Dos visiones, dos narrativas\u2026 y un mismo nombre: Juan Pablo Penilla Rodr\u00edguez.<\/p>\n<p>Para el Departamento del Tesoro no hay matices: c\u00f3mplice del C\u00e1rtel del Noreste. Para este lado de la frontera, el expediente luce m\u00e1s difuso, m\u00e1s pol\u00edtico, m\u00e1s\u2026 conveniente. Abogado, s\u00ed. Defensor, tambi\u00e9n. \u00bfIntermediario de una organizaci\u00f3n criminal? Ah\u00ed es donde el discurso se bifurca.<\/p>\n<p>Porque el problema no es solo el abogado. El problema es el ecosistema.<\/p>\n<p>Seg\u00fan Washington, Penilla no se limitaba a ejercer su profesi\u00f3n; cruzaba la l\u00ednea, serv\u00eda de enlace, manten\u00eda viva la comunicaci\u00f3n entre l\u00edderes criminales y sus estructuras. Es decir, no defend\u00eda: operaba. Y eso, en cualquier manual \u2014legal o criminal\u2014 cambia completamente el rol.<\/p>\n<p>Pero en M\u00e9xico la historia se enreda.<\/p>\n<p>Aparece en cartas vinculadas a Ismael \u201cEl Mayo\u201d Zambada. Se le menciona en entornos pol\u00edticos ligados a Andr\u00e9s Manuel L\u00f3pez Obrador. Se le otorgan reconocimientos institucionales. Se le integra \u2014aunque luego se corrija\u2014 a estructuras de gobierno en Tamaulipas.<\/p>\n<p>Y entonces la pregunta deja de ser jur\u00eddica.<\/p>\n<p>Se vuelve pol\u00edtica.<\/p>\n<p>\u00bfC\u00f3mo es que un perfil con ese nivel de se\u00f1alamientos logra insertarse \u2014aunque sea de forma perif\u00e9rica\u2014 en espacios de poder? \u00bfQui\u00e9n revisa? \u00bfQui\u00e9n filtra? \u00bfO de plano ya nadie pregunta?<\/p>\n<p>Porque aqu\u00ed no estamos ante un caso aislado. Es un patr\u00f3n. Un s\u00edntoma.<\/p>\n<p>El Tesoro tambi\u00e9n se\u00f1ala a un activista, Raymundo Ramos V\u00e1zquez, acus\u00e1ndolo de operar como escudo narrativo del crimen organizado. Grave. Delicad\u00edsimo. Sobre todo porque ese mismo activismo ha sido clave para exhibir abusos del Estado.<\/p>\n<p>Entonces entramos a terreno pantanoso:<br \/>\n\u00bfQui\u00e9n dice la verdad?<br \/>\n\u00bfQui\u00e9n manipula?<br \/>\n\u00bfQui\u00e9n usa a qui\u00e9n?<\/p>\n<p>En ese juego de espejos, todos pierden credibilidad.<\/p>\n<p>Y mientras tanto, el crimen gana tiempo.<\/p>\n<p>Porque si algo queda claro en este episodio es que las fronteras entre pol\u00edtica, activismo y crimen organizado ya no son l\u00edneas\u2026 son zonas grises. Territorios donde todo se mezcla, donde las lealtades son flexibles y donde la verdad depende del lado desde el que se mire.<\/p>\n<p>Estados Unidos sanciona. M\u00e9xico matiza.<br \/>\nAll\u00e1 castigan. Aqu\u00ed se explica.<br \/>\nAll\u00e1 acusan. Aqu\u00ed\u2026 se administra el da\u00f1o.<\/p>\n<p>Y en medio de ese doble discurso, el ciudadano observa. Con desconfianza. Con hartazgo. Con la sensaci\u00f3n de que la justicia, como tantas cosas en este pa\u00eds, depende m\u00e1s del contexto que de los hechos.<\/p>\n<p>Porque si el abogado de un narco puede ser al mismo tiempo operador, asesor honor\u00edfico y \u201cembajador por la paz\u201d, entonces el problema no es el personaje.<\/p>\n<p>Es el sistema que lo permite.<\/p>\n<p>Y ese, a diferencia de cualquier lista negra, sigue intacto.<\/p>\n","protected":false},"excerpt":{"rendered":"<p>Jos\u00e9 Luis Parra &nbsp; Estados Unidos lo pone en la lista negra. En M\u00e9xico, en cambio, el personaje transitaba con cierta normalidad institucional, como si el pantano no salpicara. Dos visiones, dos narrativas\u2026 y un mismo nombre: Juan Pablo Penilla Rodr\u00edguez. Para el Departamento del Tesoro no hay matices: c\u00f3mplice del C\u00e1rtel del Noreste. Para este lado de la frontera, el expediente luce m\u00e1s difuso, m\u00e1s pol\u00edtico, m\u00e1s\u2026 conveniente. Abogado, s\u00ed. Defensor, tambi\u00e9n. \u00bfIntermediario de una organizaci\u00f3n criminal? Ah\u00ed es donde el discurso se bifurca. Porque el problema no es solo el abogado. El problema es el ecosistema. Seg\u00fan Washington, [&hellip;]<\/p>\n","protected":false},"author":3,"featured_media":123171,"comment_status":"open","ping_status":"open","sticky":false,"template":"","format":"standard","meta":{"_jetpack_newsletter_access":"","_jetpack_dont_email_post_to_subs":false,"_jetpack_newsletter_tier_id":0,"_jetpack_memberships_contains_paywalled_content":false,"_jetpack_feature_clip_id":0,"_jetpack_memberships_contains_paid_content":false,"footnotes":"","jetpack_publicize_message":"","jetpack_publicize_feature_enabled":true,"jetpack_social_post_already_shared":true,"jetpack_social_options":{"image_generator_settings":{"template":"highway","default_image_id":0,"font":"","enabled":false},"version":2},"jetpack_post_was_ever_published":false},"categories":[79],"tags":[],"class_list":["post-144559","post","type-post","status-publish","format-standard","has-post-thumbnail","hentry","category-columnistas-nacionales","post--single"],"jetpack_publicize_connections":[],"jetpack_featured_media_url":"https:\/\/ovelanalista.com\/wp-content\/uploads\/2025\/06\/jose_luis_parra-1140x570-1.jpg","jetpack_sharing_enabled":true,"_links":{"self":[{"href":"https:\/\/ovelanalista.com\/index.php?rest_route=\/wp\/v2\/posts\/144559","targetHints":{"allow":["GET"]}}],"collection":[{"href":"https:\/\/ovelanalista.com\/index.php?rest_route=\/wp\/v2\/posts"}],"about":[{"href":"https:\/\/ovelanalista.com\/index.php?rest_route=\/wp\/v2\/types\/post"}],"author":[{"embeddable":true,"href":"https:\/\/ovelanalista.com\/index.php?rest_route=\/wp\/v2\/users\/3"}],"replies":[{"embeddable":true,"href":"https:\/\/ovelanalista.com\/index.php?rest_route=%2Fwp%2Fv2%2Fcomments&post=144559"}],"version-history":[{"count":1,"href":"https:\/\/ovelanalista.com\/index.php?rest_route=\/wp\/v2\/posts\/144559\/revisions"}],"predecessor-version":[{"id":144565,"href":"https:\/\/ovelanalista.com\/index.php?rest_route=\/wp\/v2\/posts\/144559\/revisions\/144565"}],"wp:featuredmedia":[{"embeddable":true,"href":"https:\/\/ovelanalista.com\/index.php?rest_route=\/wp\/v2\/media\/123171"}],"wp:attachment":[{"href":"https:\/\/ovelanalista.com\/index.php?rest_route=%2Fwp%2Fv2%2Fmedia&parent=144559"}],"wp:term":[{"taxonomy":"category","embeddable":true,"href":"https:\/\/ovelanalista.com\/index.php?rest_route=%2Fwp%2Fv2%2Fcategories&post=144559"},{"taxonomy":"post_tag","embeddable":true,"href":"https:\/\/ovelanalista.com\/index.php?rest_route=%2Fwp%2Fv2%2Ftags&post=144559"}],"curies":[{"name":"wp","href":"https:\/\/api.w.org\/{rel}","templated":true}]}}