{"id":144563,"date":"2026-04-15T09:11:05","date_gmt":"2026-04-15T16:11:05","guid":{"rendered":"https:\/\/ovelanalista.com\/?p=144563"},"modified":"2026-04-15T09:11:05","modified_gmt":"2026-04-15T16:11:05","slug":"se-van-y-se-van-y-no-se-han-ido","status":"publish","type":"post","link":"https:\/\/ovelanalista.com\/?p=144563","title":{"rendered":"Se van y se van\u2026 y no se han ido"},"content":{"rendered":"<p><strong>Estado de los ESTADOS<\/strong><\/p>\n<p><strong>Lilia Arellano<\/strong><\/p>\n<blockquote><p>\u201cEl cambio social comienza con la conciencia individual\u201d: Erich Fromm<\/p><\/blockquote>\n<ul>\n<li>Se van y se van\u2026 y no se han ido<\/li>\n<li>Mediocres cambios y peores sustitutos<\/li>\n<li>Revive fraude cometido en el Infonavit<\/li>\n<\/ul>\n<p>&nbsp;<\/p>\n<p>Ciudad de M\u00e9xico, a 14 de abril de 2026.- El tema del d\u00eda es la posible retirada de Luisa Mar\u00eda Alcalde como l\u00edder nacional de Morena y, esta versi\u00f3n como tantas otras circulan sin mayor sustento en las redes sociales y en medios de comunicaci\u00f3n. Se habla de diferencias de orden ideol\u00f3gico y de desacuerdos con el heredero del movimiento Andr\u00e9s Manuel L\u00f3pez Beltr\u00e1n, e inclusive con desacuerdos severos con do\u00f1a Claudia Sheinbaum quien ayer no se detuvo en lanzar piropos para quien salt\u00f3 de la diputaci\u00f3n federal a la Secretaria del Trabajo, ubic\u00e1ndose posteriormente en la de Gobernaci\u00f3n para aterrizar con una trayectoria fortalecida en la principal posici\u00f3n del partido de su padrino Andr\u00e9s Manuel L\u00f3pez Obrador. Con un curr\u00edculum como el expuesto \u00bfen d\u00f3nde podr\u00eda ubicarse a la hija de Bertha Luj\u00e1n?<\/p>\n<p>El llamado a los funcionarios para, en caso de pretender ser candidatos a cargos de elecci\u00f3n popular renuncien, no es el caso de la Alcalde ya que naci\u00f3 en la CDMX y postularse para una diputaci\u00f3n federal ser\u00eda tanto como regresar a sus inicios aun y cuando le ofrecieran el liderazgo de la fracci\u00f3n parlamentaria o, inclusive, la presidencia de la Mesa Directiva de la C\u00e1mara de Diputados en un segundo trienio considerado como clave para el 2030 con la sucesi\u00f3n presidencial y el af\u00e1n morenista de mantenerse en el poder. Se recuerda que se han lanzado decenas de nombres se\u00f1alando a algunos de estar sujetos a investigaciones en Estados Unidos y ni las renuncias ni los cambios y mucho menos se\u00f1alamientos procedentes de autoridades mexicanas se han visto. Al igual que ahora sucede con la dirigente nacional morenista se habl\u00f3 mucho de la salida de Roci\u00f3 Nahle de la Secretar\u00eda de Energ\u00eda y termin\u00f3 convertida, siendo zacatecana en mandam\u00e1s veracruzana; y ni qu\u00e9 decir de gobernadores como Rub\u00e9n Rocha Moya, Mar\u00eda del Pilar \u00c1vila, Evelyn Salgado, Am\u00e9rico Villareal, entre muchos otros enlistados para dejar las gubernaturas de sus respectivos estados o quienes deben salir de importantes cargos federales. La impunidad va primero.<\/p>\n<p>Ahora bien, a los seis cambios en el gabinete m\u00e1s publicitados le siguieron otra media docena de sustitutos cuyos nombres y trayectorias no marcaron diferencia con las incapacidades de sus antecesores. Se han presentado otras sustituciones: en el Instituto Nacional de Antropolog\u00eda e Historia sali\u00f3 Diego Prieto Hern\u00e1ndez y lleg\u00f3 el antrop\u00f3logo Joel Omar V\u00e1zquez Herrera, qued\u00e1ndose bailando en el limbo cientos de piezas arqueol\u00f3gicas encontradas al paso de la construcci\u00f3n del Tren Maya. En una dependencia tan importante como Turismo cambiaron al subsecretario Sebasti\u00e1n Ram\u00edrez por Nathalie Desplas, enviando al ex funcionario a la direcci\u00f3n de FONATUR, el cual seg\u00fan declaraciones oficiales desaparecieron a la salida de Javier May, hoy gobernador de Tabasco. Renunci\u00f3 Teresa Guadalupe Reyes Sahag\u00fan a la Comisi\u00f3n Nacional de B\u00fasqueda y en su lugar nombraron a Martha Lidia P\u00e9rez Gumercindo. Las acciones emprendidas por ambas han terminado en el grav\u00edsimo esc\u00e1ndalo en la ONU, en donde se ha quedado registrado puntualmente el fracaso del gobierno en este rengl\u00f3n y los m\u00e1s 137 mil extraviados cuyas familias solo han recibido rechazo, cierre de puertas y un pr\u00e1cticamente nulo apoyo para la localizaci\u00f3n de sus familiares.<\/p>\n<p>Iv\u00e1n de Jes\u00fas Olmos us\u00f3 lo que ten\u00eda a su alcance para seguir hundiendo a BIRMEX y, entre severos se\u00f1alamientos de corrupci\u00f3n fue destituido. Carlos Ulloa, de todas las confianza de do\u00f1a Claudia, lleg\u00f3 a los Laboratorios Biol\u00f3gicos con afanes desconocidos ya que en el presente sigue siendo in\u00fatil su operaci\u00f3n. Con graves acusaciones sobre corrupci\u00f3n y cargando una treintena de cad\u00e1veres sali\u00f3 del Instituto Nacional de Migraci\u00f3n el carcelero optometrista Francisco Gardu\u00f1o. El exgobernador interino de Puebla, Sergio Salom\u00f3n C\u00e9spedes, sin experiencia alguna en el ramo fue nombrado nuevo director del INM y los resultados de su gesti\u00f3n, hasta ahora, han sido tan nulos como los de su antecesor.<\/p>\n<p>As\u00ed las cosas, se retrocede, nos va peor ahora que el argumento oficial: tambi\u00e9n es cambio marchar en reversa y, podremos considerar, esa tambi\u00e9n es parte de otra transformaci\u00f3n.<\/p>\n<p><strong>DE LOS PASILLOS<\/strong><\/p>\n<p>En torno a Clara Brugada, Jefa de Gobierno de la CDMX, se multiplican los se\u00f1alamientos sobre su mal desempe\u00f1o en el cual se resalta en este tiempo, cuando se est\u00e1n llevando a cabo preparativos especiales para la llegada del mundial futbolero. Con un espect\u00e1culo en el Z\u00f3calo capitalino, pretendi\u00f3 cumplir con el ordenamiento de instalar y reparar suficientes canchas de f\u00fatbol dentro de la ciudad; siguen sin aclararse los cr\u00edmenes de sus dos principales colaboradores; se llevan a cabo obras en horas h\u00e1biles sin que se mueve una maquinaria ni de noche ni los fines de semana, ocasionando caos vehicular permanente; el Metro est\u00e1 convertido en una bomba de tiempo; su secretario de Gobierno Cesar Cravioto, da muestras de la corrupci\u00f3n existente al exhibirse el departamento de su propiedad ubicado en la calle 3 Picos, en Polanco, cuyo precio oscila en los 33 millones de pesos. Antes se vio beneficiado en vivir en la calle de Newton, tambi\u00e9n en esa privilegiada colonia, sin pagar renta y las sospechas recaen sobre la fundaci\u00f3n propietaria del inmueble cuyas actividades se relacionan con la proveedur\u00eda del gobierno capitalino\u2026<\/p>\n<p>Si de manera seria reviven el caso del contrato de movilidad firmado entre el INFONAVIT y la familia Zaga deber\u00edan caer, entre otros, el hoy senador Alejandro Murat, exgobernador de Oaxaca y exdirector de ese instituto de vivienda y el hidalguense David Penchyna, el primero firm\u00f3 el contrato de cinco mil ochocientos millones de pesos y el segundo, los pago. La familia Zaga devolvi\u00f3 los 2 mil millones que estos funcionarios les hab\u00edan asignado como \u201cutilidad\u201d en esta contrataci\u00f3n. En Estados Unidos detuvieron por problemas migratorios a Rafael Zaga Tawil, quien se encontraba acompa\u00f1ado de su hermano Te\u00f3filo Zaga Tawil y desde esa detenci\u00f3n podr\u00eda, tal vez y solo tal vez, escribirse el inicio de otra historia.<\/p>\n<p>Lo invitamos a descargar en su tel\u00e9fono la aplicaci\u00f3n de Informativo MXN, con las noticias entidad por entidad y cubriendo los sectores de mayor inter\u00e9s para nuestros paisanos radicados en el extranjero y para la migraci\u00f3n nacional. As\u00ed tambi\u00e9n est\u00e1 la p\u00e1gina https:\/\/www.informativomxn.com\/ el canal en YouTube https:\/\/www.youtube.com\/@InformativoMXN<\/p>\n<p>Lo invitamos a visitar nuestras redes:<br \/>\nhttps:\/\/www.youtube.com\/mxntelevision<br \/>\nhttps:\/\/www.youtube.com\/Liliaarellano<br \/>\nhttps:\/\/www.facebook.com\/1liliaarellano<\/p>\n<div class=\"twitter-timeline twitter-timeline-rendered\"><iframe id=\"twitter-widget-0\" class=\"\" title=\"Twitter Timeline\" src=\"https:\/\/syndication.twitter.com\/srv\/timeline-profile\/screen-name\/Lilia_Arellano1?creatorScreenName=pacorodriguez&amp;dnt=true&amp;embedId=twitter-widget-0&amp;features=eyJ0ZndfdGltZWxpbmVfbGlzdCI6eyJidWNrZXQiOltdLCJ2ZXJzaW9uIjpudWxsfSwidGZ3X2ZvbGxvd2VyX2NvdW50X3N1bnNldCI6eyJidWNrZXQiOnRydWUsInZlcnNpb24iOm51bGx9LCJ0ZndfdHdlZXRfZWRpdF9iYWNrZW5kIjp7ImJ1Y2tldCI6Im9uIiwidmVyc2lvbiI6bnVsbH0sInRmd19yZWZzcmNfc2Vzc2lvbiI6eyJidWNrZXQiOiJvbiIsInZlcnNpb24iOm51bGx9LCJ0ZndfZm9zbnJfc29mdF9pbnRlcnZlbnRpb25zX2VuYWJsZWQiOnsiYnVja2V0Ijoib24iLCJ2ZXJzaW9uIjpudWxsfSwidGZ3X21peGVkX21lZGlhXzE1ODk3Ijp7ImJ1Y2tldCI6InRyZWF0bWVudCIsInZlcnNpb24iOm51bGx9LCJ0ZndfZXhwZXJpbWVudHNfY29va2llX2V4cGlyYXRpb24iOnsiYnVja2V0IjoxMjA5NjAwLCJ2ZXJzaW9uIjpudWxsfSwidGZ3X3Nob3dfYmlyZHdhdGNoX3Bpdm90c19lbmFibGVkIjp7ImJ1Y2tldCI6Im9uIiwidmVyc2lvbiI6bnVsbH0sInRmd19kdXBsaWNhdGVfc2NyaWJlc190b19zZXR0aW5ncyI6eyJidWNrZXQiOiJvbiIsInZlcnNpb24iOm51bGx9LCJ0ZndfdXNlX3Byb2ZpbGVfaW1hZ2Vfc2hhcGVfZW5hYmxlZCI6eyJidWNrZXQiOiJvbiIsInZlcnNpb24iOm51bGx9LCJ0ZndfdmlkZW9faGxzX2R5bmFtaWNfbWFuaWZlc3RzXzE1MDgyIjp7ImJ1Y2tldCI6InRydWVfYml0cmF0ZSIsInZlcnNpb24iOm51bGx9LCJ0ZndfbGVnYWN5X3RpbWVsaW5lX3N1bnNldCI6eyJidWNrZXQiOnRydWUsInZlcnNpb24iOm51bGx9LCJ0ZndfdHdlZXRfZWRpdF9mcm9udGVuZCI6eyJidWNrZXQiOiJvbiIsInZlcnNpb24iOm51bGx9fQ%3D%3D&amp;frame=false&amp;hideBorder=false&amp;hideFooter=false&amp;hideHeader=false&amp;hideScrollBar=false&amp;lang=es&amp;maxHeight=1000px&amp;origin=https%3A%2F%2Findicepolitico.com%2Fse-van-y-se-van-y-no-se-han-ido%2F&amp;partner=ogwp&amp;sessionId=f1eb06f96fdf093dd1477833a0934032243f631e&amp;showHeader=true&amp;showReplies=false&amp;siteScreenName=pacorodriguez&amp;transparent=false&amp;widgetsVersion=2615f7e52b7e0%3A1702314776716\" frameborder=\"0\" scrolling=\"no\" allowfullscreen=\"allowfullscreen\" data-mce-fragment=\"1\"><\/iframe><\/div>\n<p><a class=\"twitter-timeline\" href=\"https:\/\/twitter.com\/Lilia_Arellano1?ref_src=twsrc%5Etfw\" data-width=\"696\" data-height=\"1000\" data-dnt=\"true\" data-twitter-extracted-i1776269165337200405=\"true\">Tweets by Lilia_Arellano1<\/a><br \/>\nhttps:\/\/instagram.com\/liliaarellanooficiala<\/p>\n","protected":false},"excerpt":{"rendered":"<p>Estado de los ESTADOS Lilia Arellano \u201cEl cambio social comienza con la conciencia individual\u201d: Erich Fromm Se van y se van\u2026 y no se han ido Mediocres cambios y peores sustitutos Revive fraude cometido en el Infonavit &nbsp; Ciudad de M\u00e9xico, a 14 de abril de 2026.- El tema del d\u00eda es la posible retirada de Luisa Mar\u00eda Alcalde como l\u00edder nacional de Morena y, esta versi\u00f3n como tantas otras circulan sin mayor sustento en las redes sociales y en medios de comunicaci\u00f3n. Se habla de diferencias de orden ideol\u00f3gico y de desacuerdos con el heredero del movimiento Andr\u00e9s Manuel [&hellip;]<\/p>\n","protected":false},"author":3,"featured_media":123556,"comment_status":"open","ping_status":"open","sticky":false,"template":"","format":"standard","meta":{"_jetpack_newsletter_access":"","_jetpack_dont_email_post_to_subs":false,"_jetpack_newsletter_tier_id":0,"_jetpack_memberships_contains_paywalled_content":false,"_jetpack_feature_clip_id":0,"_jetpack_memberships_contains_paid_content":false,"footnotes":"","jetpack_publicize_message":"","jetpack_publicize_feature_enabled":true,"jetpack_social_post_already_shared":true,"jetpack_social_options":{"image_generator_settings":{"template":"highway","default_image_id":0,"font":"","enabled":false},"version":2},"jetpack_post_was_ever_published":false},"categories":[79],"tags":[],"class_list":["post-144563","post","type-post","status-publish","format-standard","has-post-thumbnail","hentry","category-columnistas-nacionales","post--single"],"jetpack_publicize_connections":[],"jetpack_featured_media_url":"https:\/\/ovelanalista.com\/wp-content\/uploads\/2025\/06\/lilia_arellano.jpg","jetpack_sharing_enabled":true,"_links":{"self":[{"href":"https:\/\/ovelanalista.com\/index.php?rest_route=\/wp\/v2\/posts\/144563","targetHints":{"allow":["GET"]}}],"collection":[{"href":"https:\/\/ovelanalista.com\/index.php?rest_route=\/wp\/v2\/posts"}],"about":[{"href":"https:\/\/ovelanalista.com\/index.php?rest_route=\/wp\/v2\/types\/post"}],"author":[{"embeddable":true,"href":"https:\/\/ovelanalista.com\/index.php?rest_route=\/wp\/v2\/users\/3"}],"replies":[{"embeddable":true,"href":"https:\/\/ovelanalista.com\/index.php?rest_route=%2Fwp%2Fv2%2Fcomments&post=144563"}],"version-history":[{"count":1,"href":"https:\/\/ovelanalista.com\/index.php?rest_route=\/wp\/v2\/posts\/144563\/revisions"}],"predecessor-version":[{"id":144567,"href":"https:\/\/ovelanalista.com\/index.php?rest_route=\/wp\/v2\/posts\/144563\/revisions\/144567"}],"wp:featuredmedia":[{"embeddable":true,"href":"https:\/\/ovelanalista.com\/index.php?rest_route=\/wp\/v2\/media\/123556"}],"wp:attachment":[{"href":"https:\/\/ovelanalista.com\/index.php?rest_route=%2Fwp%2Fv2%2Fmedia&parent=144563"}],"wp:term":[{"taxonomy":"category","embeddable":true,"href":"https:\/\/ovelanalista.com\/index.php?rest_route=%2Fwp%2Fv2%2Fcategories&post=144563"},{"taxonomy":"post_tag","embeddable":true,"href":"https:\/\/ovelanalista.com\/index.php?rest_route=%2Fwp%2Fv2%2Ftags&post=144563"}],"curies":[{"name":"wp","href":"https:\/\/api.w.org\/{rel}","templated":true}]}}