{"id":144578,"date":"2026-04-15T09:30:42","date_gmt":"2026-04-15T16:30:42","guid":{"rendered":"https:\/\/ovelanalista.com\/?p=144578"},"modified":"2026-04-15T09:24:47","modified_gmt":"2026-04-15T16:24:47","slug":"vicealmirante-manuel-roberto-farias-lagunas-envia-carta-a-sheinbaum-denuncia-presuntas-faltas-a-su-debido-proceso","status":"publish","type":"post","link":"https:\/\/ovelanalista.com\/?p=144578","title":{"rendered":"Vicealmirante Manuel Roberto Far\u00edas Lagunas env\u00eda carta a Sheinbaum; denuncia presuntas faltas a su debido proceso"},"content":{"rendered":"<p>El vicealmirante Manuel Roberto Far\u00edas Lagunas, se\u00f1alado por el caso de \u2018huachicol\u2019 fiscal, envi\u00f3 una misiva a la presidenta Sheinbaum.<\/p>\n<p>El vicealmirante\u00a0<strong><a href=\"https:\/\/x.com\/Claudiashein\" target=\"_blank\" rel=\"noopener noreferrer\">Manuel Roberto<\/a>\u00a0Far\u00edas Lagunas<\/strong>, quien se encuentra detenido por el caso del\u00a0<strong><em>huachicol<\/em>\u00a0fiscal<\/strong>, envi\u00f3 una\u00a0<strong>carta<\/strong>\u00a0a la presidenta\u00a0<strong>Claudia Sheinbaum<\/strong>, donde denuncia\u00a0<span data-path-to-node=\"4,0\"><span class=\"citation-195\">vulneraciones al debido proceso y solicita su intervenci\u00f3n.<\/span><\/span><\/p>\n<p><span data-path-to-node=\"6,1\"><span class=\"citation-194\">Far\u00edas Laguna se encuentra vinculado a proceso en la causa penal 325\/2025 y permanece bajo la medida de prisi\u00f3n preventiva justificada desde el 2 de septiembre de 2025<\/span><\/span><span data-path-to-node=\"6,3\">.\u00a0<\/span><span data-path-to-node=\"6,5\"><span class=\"citation-193\">Los cargos que se le imputan son presunta delincuencia organizada y delitos en materia de hidrocarburos<\/span><\/span><span data-path-to-node=\"6,7\">.<\/span><\/p>\n<blockquote><p><span data-path-to-node=\"3,5\"><span class=\"citation-126\">\u201cEl motivo de la presente como de las anteriores misivas es solicitar su valiosa intervenci\u00f3n ya que se me est\u00e1 vulnerando el debido proceso y el derecho a una defensa adecuada\u201d, extern\u00f3<\/span><\/span><span data-path-to-node=\"3,7\">.<\/span><\/p><\/blockquote>\n<p>En la misiva, se\u00f1al\u00f3 que la Secretar\u00eda de Marina se ha negado a proporcionar informaci\u00f3n solicitada mediante la Fiscal\u00eda General de la Rep\u00fablica (FGR) para su defensa. Seg\u00fan el escrito, la instituci\u00f3n ha argumentado una \u201cReserva de informaci\u00f3n\u201d por motivos de Seguridad Nacional y afectaciones al Estado Mexicano.<\/p>\n<div id=\"standard_4\" class=\"st-placement standard_4 inArticle\">\n<div class=\"st-adunit-inarticle st-inarticle-slot\">\n<div class=\"st-adunit st-adunit-tagged st-reset st-show\">\n<div class=\"st-adunit-ad st-reset\">\n<div class=\"st-display-render st-reset open 970x250\">\n<div class=\"x-to-close st-reset\">\n<p>Far\u00edas Laguna sostuvo que esta negativa le impide demostrar su inocencia y aclara que, tras siete meses de reclusi\u00f3n, no se ha logrado obtener la informaci\u00f3n requerida para la etapa de investigaci\u00f3n complementaria.<\/p>\n<\/div>\n<div class=\"ad-container dfp-ad-unit ad-inread ad-slot\" data-ad-type=\"inreadbox\" data-slot=\"inread-multiple\" data-ad-loaded=\"1\" data-ad-setup=\"{&quot;postID&quot;:1779263,&quot;canRefresh&quot;:false,&quot;infinitescroll&quot;:false}\" data-google-query-id=\"CNuPm7qh8JMDFR88RAgdOrIawg\">\n<p><span data-path-to-node=\"4,1\"><span class=\"citation-124\">\u201cLo que me deja en un completo estado de indefensi\u00f3n ya que la informaci\u00f3n que estoy solicitando es con la \u00fanica finalidad de probar y demostrar mi inocencia en estos hechos que se me pretenden imputar\u201d, explic\u00f3<\/span><\/span><span data-path-to-node=\"4,3\">.<\/span><\/p>\n<p>La carta tambi\u00e9n detalla que el pasado 18 de diciembre de 2025, el solicitante fue dado de baja de la instituci\u00f3n de forma que considera arbitraria. Menciona que esta acci\u00f3n deriv\u00f3 en:<\/p>\n<ul>\n<li>La suspensi\u00f3n de sus percepciones econ\u00f3micas.<\/li>\n<li>El retiro del seguro m\u00e9dico para \u00e9l y su familia, incluyendo a sus hijas menores de edad.<\/li>\n<li>Una presunta vulneraci\u00f3n al principio de presunci\u00f3n de inocencia mientras se resuelve su situaci\u00f3n legal.<\/li>\n<\/ul>\n<p>El remitente concluye la carta solicitando que se instruya a la Secretar\u00eda Marina a entregar los datos requeridos por la fiscal\u00eda para esclarecer los hechos que se le imputan.<\/p>\n<p><span data-path-to-node=\"6,1\"><span class=\"citation-118\">\u201cEs por estas razones que le solicito de la manera m\u00e1s atenta su valiosa intervenci\u00f3n, que Marina proporcione la informaci\u00f3n solicitada por medio de la Fiscal\u00eda General de la Rep\u00fablica para que obre en la carpeta de investigaci\u00f3n y sea utilizada para esclarecer los hechos que se me imputan\u201d, dijo<\/span><\/span><span data-path-to-node=\"6,3\">.<\/span><\/p>\n<p><span data-path-to-node=\"6,5\"><span class=\"citation-117\">\u201cSolicito su auxilio porque a m\u00e1s de siete meses privado de mi libertad y con los seis meses ya transcurridos de la investigaci\u00f3n complementaria, no se ha logrado obtener la informaci\u00f3n requerida\u201d, se\u00f1al\u00f3<\/span><\/span><span data-path-to-node=\"6,7\">.<\/span><\/p>\n<div class=\"pdfemb-viewer\">\n<div class=\"pdfemb-pagescontainer grab-to-pan-grab\">\n<div class=\"pdfemb-inner-div pdfemb-page1\"><img loading=\"lazy\" decoding=\"async\" class=\"alignnone  wp-image-144584\" src=\"https:\/\/ovelanalista.com\/wp-content\/uploads\/2026\/04\/descarga-1-212x300.png\" alt=\"\" width=\"314\" height=\"444\" srcset=\"https:\/\/ovelanalista.com\/wp-content\/uploads\/2026\/04\/descarga-1-212x300.png 212w, https:\/\/ovelanalista.com\/wp-content\/uploads\/2026\/04\/descarga-1-724x1024.png 724w, https:\/\/ovelanalista.com\/wp-content\/uploads\/2026\/04\/descarga-1-768x1086.png 768w, https:\/\/ovelanalista.com\/wp-content\/uploads\/2026\/04\/descarga-1-1086x1536.png 1086w, https:\/\/ovelanalista.com\/wp-content\/uploads\/2026\/04\/descarga-1-400x566.png 400w, https:\/\/ovelanalista.com\/wp-content\/uploads\/2026\/04\/descarga-1-750x1061.png 750w, https:\/\/ovelanalista.com\/wp-content\/uploads\/2026\/04\/descarga-1-1140x1612.png 1140w, https:\/\/ovelanalista.com\/wp-content\/uploads\/2026\/04\/descarga-1.png 1366w\" sizes=\"auto, (max-width: 314px) 100vw, 314px\" \/> <img loading=\"lazy\" decoding=\"async\" class=\"alignnone  wp-image-144585\" src=\"https:\/\/ovelanalista.com\/wp-content\/uploads\/2026\/04\/descarga-212x300.png\" alt=\"\" width=\"297\" height=\"421\" srcset=\"https:\/\/ovelanalista.com\/wp-content\/uploads\/2026\/04\/descarga-212x300.png 212w, https:\/\/ovelanalista.com\/wp-content\/uploads\/2026\/04\/descarga-724x1024.png 724w, https:\/\/ovelanalista.com\/wp-content\/uploads\/2026\/04\/descarga-768x1086.png 768w, https:\/\/ovelanalista.com\/wp-content\/uploads\/2026\/04\/descarga-1086x1536.png 1086w, https:\/\/ovelanalista.com\/wp-content\/uploads\/2026\/04\/descarga-400x566.png 400w, https:\/\/ovelanalista.com\/wp-content\/uploads\/2026\/04\/descarga-750x1061.png 750w, https:\/\/ovelanalista.com\/wp-content\/uploads\/2026\/04\/descarga-1140x1612.png 1140w, https:\/\/ovelanalista.com\/wp-content\/uploads\/2026\/04\/descarga.png 1366w\" sizes=\"auto, (max-width: 297px) 100vw, 297px\" \/><\/div>\n<\/div>\n<\/div>\n<p><em>Noticia en desarrollo\u2026<\/em><\/p>\n<p>Con informaci\u00f3n de L\u00f3pez-D\u00f3riga Digital<\/p>\n<\/div>\n<\/div>\n<\/div>\n<\/div>\n<\/div>\n<\/div>\n","protected":false},"excerpt":{"rendered":"<p>El vicealmirante Manuel Roberto Far\u00edas Lagunas, se\u00f1alado por el caso de \u2018huachicol\u2019 fiscal, envi\u00f3 una misiva a la presidenta Sheinbaum. El vicealmirante\u00a0Manuel Roberto\u00a0Far\u00edas Lagunas, quien se encuentra detenido por el caso del\u00a0huachicol\u00a0fiscal, envi\u00f3 una\u00a0carta\u00a0a la presidenta\u00a0Claudia Sheinbaum, donde denuncia\u00a0vulneraciones al debido proceso y solicita su intervenci\u00f3n. Far\u00edas Laguna se encuentra vinculado a proceso en la causa penal 325\/2025 y permanece bajo la medida de prisi\u00f3n preventiva justificada desde el 2 de septiembre de 2025.\u00a0Los cargos que se le imputan son presunta delincuencia organizada y delitos en materia de hidrocarburos. \u201cEl motivo de la presente como de las anteriores misivas es [&hellip;]<\/p>\n","protected":false},"author":3,"featured_media":144586,"comment_status":"open","ping_status":"open","sticky":false,"template":"","format":"standard","meta":{"_jetpack_newsletter_access":"","_jetpack_dont_email_post_to_subs":false,"_jetpack_newsletter_tier_id":0,"_jetpack_memberships_contains_paywalled_content":false,"_jetpack_feature_clip_id":0,"_jetpack_memberships_contains_paid_content":false,"footnotes":"","jetpack_publicize_message":"","jetpack_publicize_feature_enabled":true,"jetpack_social_post_already_shared":true,"jetpack_social_options":{"image_generator_settings":{"template":"highway","default_image_id":0,"font":"","enabled":false},"version":2},"jetpack_post_was_ever_published":false},"categories":[75],"tags":[],"class_list":["post-144578","post","type-post","status-publish","format-standard","has-post-thumbnail","hentry","category-nacional","post--single"],"jetpack_publicize_connections":[],"jetpack_featured_media_url":"https:\/\/ovelanalista.com\/wp-content\/uploads\/2026\/04\/manuel-roberto-farias-laguna.jpg","jetpack_sharing_enabled":true,"_links":{"self":[{"href":"https:\/\/ovelanalista.com\/index.php?rest_route=\/wp\/v2\/posts\/144578","targetHints":{"allow":["GET"]}}],"collection":[{"href":"https:\/\/ovelanalista.com\/index.php?rest_route=\/wp\/v2\/posts"}],"about":[{"href":"https:\/\/ovelanalista.com\/index.php?rest_route=\/wp\/v2\/types\/post"}],"author":[{"embeddable":true,"href":"https:\/\/ovelanalista.com\/index.php?rest_route=\/wp\/v2\/users\/3"}],"replies":[{"embeddable":true,"href":"https:\/\/ovelanalista.com\/index.php?rest_route=%2Fwp%2Fv2%2Fcomments&post=144578"}],"version-history":[{"count":1,"href":"https:\/\/ovelanalista.com\/index.php?rest_route=\/wp\/v2\/posts\/144578\/revisions"}],"predecessor-version":[{"id":144587,"href":"https:\/\/ovelanalista.com\/index.php?rest_route=\/wp\/v2\/posts\/144578\/revisions\/144587"}],"wp:featuredmedia":[{"embeddable":true,"href":"https:\/\/ovelanalista.com\/index.php?rest_route=\/wp\/v2\/media\/144586"}],"wp:attachment":[{"href":"https:\/\/ovelanalista.com\/index.php?rest_route=%2Fwp%2Fv2%2Fmedia&parent=144578"}],"wp:term":[{"taxonomy":"category","embeddable":true,"href":"https:\/\/ovelanalista.com\/index.php?rest_route=%2Fwp%2Fv2%2Fcategories&post=144578"},{"taxonomy":"post_tag","embeddable":true,"href":"https:\/\/ovelanalista.com\/index.php?rest_route=%2Fwp%2Fv2%2Ftags&post=144578"}],"curies":[{"name":"wp","href":"https:\/\/api.w.org\/{rel}","templated":true}]}}