{"id":144579,"date":"2026-04-15T10:00:04","date_gmt":"2026-04-15T17:00:04","guid":{"rendered":"https:\/\/ovelanalista.com\/?p=144579"},"modified":"2026-04-15T09:26:27","modified_gmt":"2026-04-15T16:26:27","slug":"revista-time-elige-a-sheinbaum-como-una-de-las-100-personas-mas-influyentes","status":"publish","type":"post","link":"https:\/\/ovelanalista.com\/?p=144579","title":{"rendered":"Revista Time elige a Sheinbaum como una de las 100 personas m\u00e1s influyentes"},"content":{"rendered":"<p>La presidenta Sheinbaum apareci\u00f3 en el listado de las 100 personas m\u00e1s influyentes del 2026, publicado por la revista Time.<\/p>\n<p>La<strong>\u00a0revista Time<\/strong>\u00a0destac\u00f3 a la presidenta de\u00a0<strong>M\u00e9xico, Claudia Sheinbaum<\/strong>, como una de las\u00a0<strong><a href=\"https:\/\/time.com\/collection\/100-most-influential-people\/2026\/\" target=\"_blank\" rel=\"noopener noreferrer\">100 personas m\u00e1s influyentes<\/a>\u00a0del a\u00f1o<\/strong>, una lista en la que es la \u00fanica mandataria latinoamericana y comparte la categor\u00eda de \u2018L\u00edderes\u2019 junto a su hom\u00f3logo estadounidense,\u00a0<strong>Donald Trump<\/strong>.<\/p>\n<p>La publicaci\u00f3n destaca que Sheinbaum Pardo es \u201cuna de los l\u00edderes m\u00e1s populares de la regi\u00f3n\u201d, y ha ofrecido \u201cuna lecci\u00f3n de diplomacia\u201d tras empezar su primer a\u00f1o en el cargo, desde octubre de 2024, con \u201cpresi\u00f3n de todos los lados\u201d, incluyendo las \u201camenazas\u201d de Trump de imponer aranceles a M\u00e9xico y bombardear territorio mexicano.<\/p>\n<p>Su perfil, escrito por el periodista Ioan Grillo, tambi\u00e9n resalta que la gobernante mexicana ha afrontado a los \u201cviolentos g\u00e1nsteres\u201d que trafican fentanilo y migrantes en la frontera, adem\u00e1s de afrontar a los cr\u00edticos en M\u00e9xico que argumentaban que lo \u201copacar\u00eda\u201d su antecesor, Andr\u00e9s Manuel L\u00f3pez Obrador.<\/p>\n<p>\u201cElla golpe\u00f3 duro a los carteles, realiz\u00f3 redadas en laboratorios, transfiri\u00f3 a sus jefes a la custodia de EE.UU. y derrib\u00f3 al capo\u00a0<em>El Mencho<\/em>, ayudando a evitar una intervenci\u00f3n estadounidense m\u00e1s agresiva. Ella habl\u00f3 con calma en defensa de la soberan\u00eda mexicana mientras eludi\u00f3 la confrontaci\u00f3n\u201d, expuso Grillo.<\/p>\n<p>Estas \u201cvictorias\u201d, argument\u00f3 la revista, \u201cla han hecho una de las l\u00edderes m\u00e1s populares en la regi\u00f3n\u201d, y una \u201chistoria de \u00e9xito por mezclar populismo con pragmatismo\u201d.<\/p>\n<p>A\u00fan as\u00ed, la nota advierte de retos como una econom\u00eda mexicana \u201clenta\u201d, la persistencia del crimen y la crisis de decenas de miles de desaparecidos.<\/p>\n<p>Sheinbaum Pardo comparte la categor\u00eda de \u2018L\u00edderes\u2019 de Time con el papa Le\u00f3n XIV y los mandatarios de Estados Unidos; Canad\u00e1, Mark Carney; China, Xi Jinping; Jap\u00f3n, Sanae Takaichi; Israel, Benjam\u00edn Netanyahu; Namibia, Netumbo Nandi-Ndaitwah, y Dinamarca, Mette Frederiksen.<\/p>\n<div id=\"ros-inread-multiple-jkwbt7\" class=\"ad-container dfp-ad-unit ad-inread ad-slot\" data-ad-type=\"inreadbox\" data-slot=\"inread-multiple\" data-ad-loaded=\"1\" data-ad-setup=\"{&quot;postID&quot;:1779257,&quot;canRefresh&quot;:false,&quot;infinitescroll&quot;:false}\" data-google-query-id=\"CIKj1cSi8JMDFZRHCAQdPAklgw\"><\/div>\n<div data-ad-type=\"inreadbox\" data-slot=\"inread-multiple\" data-ad-loaded=\"1\" data-ad-setup=\"{&quot;postID&quot;:1779257,&quot;canRefresh&quot;:false,&quot;infinitescroll&quot;:false}\" data-google-query-id=\"CIKj1cSi8JMDFZRHCAQdPAklgw\">Con informaci\u00f3n de EFE<\/div>\n","protected":false},"excerpt":{"rendered":"<p>La presidenta Sheinbaum apareci\u00f3 en el listado de las 100 personas m\u00e1s influyentes del 2026, publicado por la revista Time. La\u00a0revista Time\u00a0destac\u00f3 a la presidenta de\u00a0M\u00e9xico, Claudia Sheinbaum, como una de las\u00a0100 personas m\u00e1s influyentes\u00a0del a\u00f1o, una lista en la que es la \u00fanica mandataria latinoamericana y comparte la categor\u00eda de \u2018L\u00edderes\u2019 junto a su hom\u00f3logo estadounidense,\u00a0Donald Trump. La publicaci\u00f3n destaca que Sheinbaum Pardo es \u201cuna de los l\u00edderes m\u00e1s populares de la regi\u00f3n\u201d, y ha ofrecido \u201cuna lecci\u00f3n de diplomacia\u201d tras empezar su primer a\u00f1o en el cargo, desde octubre de 2024, con \u201cpresi\u00f3n de todos los lados\u201d, incluyendo [&hellip;]<\/p>\n","protected":false},"author":3,"featured_media":144588,"comment_status":"open","ping_status":"open","sticky":false,"template":"","format":"standard","meta":{"_jetpack_newsletter_access":"","_jetpack_dont_email_post_to_subs":false,"_jetpack_newsletter_tier_id":0,"_jetpack_memberships_contains_paywalled_content":false,"_jetpack_feature_clip_id":0,"_jetpack_memberships_contains_paid_content":false,"footnotes":"","jetpack_publicize_message":"","jetpack_publicize_feature_enabled":true,"jetpack_social_post_already_shared":true,"jetpack_social_options":{"image_generator_settings":{"template":"highway","default_image_id":0,"font":"","enabled":false},"version":2},"jetpack_post_was_ever_published":false},"categories":[75,72],"tags":[],"class_list":["post-144579","post","type-post","status-publish","format-standard","has-post-thumbnail","hentry","category-nacional","category-portada","post--single"],"jetpack_publicize_connections":[],"jetpack_featured_media_url":"https:\/\/ovelanalista.com\/wp-content\/uploads\/2026\/04\/sheinbaum-revista-time.jpg","jetpack_sharing_enabled":true,"_links":{"self":[{"href":"https:\/\/ovelanalista.com\/index.php?rest_route=\/wp\/v2\/posts\/144579","targetHints":{"allow":["GET"]}}],"collection":[{"href":"https:\/\/ovelanalista.com\/index.php?rest_route=\/wp\/v2\/posts"}],"about":[{"href":"https:\/\/ovelanalista.com\/index.php?rest_route=\/wp\/v2\/types\/post"}],"author":[{"embeddable":true,"href":"https:\/\/ovelanalista.com\/index.php?rest_route=\/wp\/v2\/users\/3"}],"replies":[{"embeddable":true,"href":"https:\/\/ovelanalista.com\/index.php?rest_route=%2Fwp%2Fv2%2Fcomments&post=144579"}],"version-history":[{"count":1,"href":"https:\/\/ovelanalista.com\/index.php?rest_route=\/wp\/v2\/posts\/144579\/revisions"}],"predecessor-version":[{"id":144589,"href":"https:\/\/ovelanalista.com\/index.php?rest_route=\/wp\/v2\/posts\/144579\/revisions\/144589"}],"wp:featuredmedia":[{"embeddable":true,"href":"https:\/\/ovelanalista.com\/index.php?rest_route=\/wp\/v2\/media\/144588"}],"wp:attachment":[{"href":"https:\/\/ovelanalista.com\/index.php?rest_route=%2Fwp%2Fv2%2Fmedia&parent=144579"}],"wp:term":[{"taxonomy":"category","embeddable":true,"href":"https:\/\/ovelanalista.com\/index.php?rest_route=%2Fwp%2Fv2%2Fcategories&post=144579"},{"taxonomy":"post_tag","embeddable":true,"href":"https:\/\/ovelanalista.com\/index.php?rest_route=%2Fwp%2Fv2%2Ftags&post=144579"}],"curies":[{"name":"wp","href":"https:\/\/api.w.org\/{rel}","templated":true}]}}