{"id":144582,"date":"2026-04-15T10:30:44","date_gmt":"2026-04-15T17:30:44","guid":{"rendered":"https:\/\/ovelanalista.com\/?p=144582"},"modified":"2026-04-15T09:27:46","modified_gmt":"2026-04-15T16:27:46","slug":"sheinbaum-presenta-comite-de-especialistas-para-evaluar-uso-del-fracking-en-mexico","status":"publish","type":"post","link":"https:\/\/ovelanalista.com\/?p=144582","title":{"rendered":"Sheinbaum presenta comit\u00e9 de especialistas para evaluar uso del \u2018fracking\u2019 en M\u00e9xico"},"content":{"rendered":"<p>La presidenta Sheinbaum present\u00f3 un comit\u00e9 de especialistas de alto nivel para evaluar el uso del \u2018fracking\u2019 en el pa\u00eds.<\/p>\n<p class=\"p1\">La presidenta\u00a0<a href=\"https:\/\/x.com\/Claudiashein\" target=\"_blank\" rel=\"noreferrer noopener\"><span class=\"s1\"><b>Claudia<\/b><\/span><\/a><b>\u00a0Sheinbaum Pardo\u00a0<\/b>present\u00f3\u00a0un\u00a0<strong>comit\u00e9 de especialistas de alto nivel<\/strong>\u00a0para\u00a0<strong>evaluar<\/strong>\u00a0el uso de la\u00a0<strong>fracturaci\u00f3n hidr\u00e1ulica<\/strong>\u00a0(<em><strong>fracking<\/strong><\/em>) en el pa\u00eds, con el objetivo de tomar decisiones basadas en evidencia cient\u00edfica y sin comprometer el medioambiente ni a las comunidades.<\/p>\n<p>Durante la conferencia matutina en Palacio Nacional, la mandataria explic\u00f3 que el grupo estar\u00e1 integrado por acad\u00e9micos de instituciones como la Universidad Nacional Aut\u00f3noma de M\u00e9xico (<strong>UNAM<\/strong>), el Instituto Polit\u00e9cnico Nacional (<strong>IPN<\/strong>), la Universidad Aut\u00f3noma Metropolitana (<strong>UAM<\/strong>) y la Universidad Aut\u00f3noma de Nuevo Le\u00f3n (<strong>UANL<\/strong>), adem\u00e1s de organismos como el Instituto Mexicano del Petr\u00f3leo y el Instituto Mexicano de Tecnolog\u00eda del Agua.<\/p>\n<blockquote><p>\u201cLa idea es que, como todos ellos ya conocen este tema (\u2026) se pongan de acuerdo, se sienten, vean qu\u00e9 hay que investigar adicionalmente y que en dos meses nos puedan dar una primera orientaci\u00f3n\u201d, se\u00f1al\u00f3.<\/p><\/blockquote>\n<p>Sheinbaum Pardo subray\u00f3 que este an\u00e1lisis se enmarca en la necesidad de fortalecer la soberan\u00eda energ\u00e9tica, en un contexto donde M\u00e9xico depende en gran medida del gas natural importado.<\/p>\n<p>\u201cDependemos 75 por ciento del gas natural que viene de Estados Unidos. Entonces, para fortalecer la soberan\u00eda energ\u00e9tica estamos incorporando a este grupo de acad\u00e9micos de alt\u00edsimo nivel\u201d, afirm\u00f3.<\/p>\n<p>No obstante, insisti\u00f3 en que el\u00a0<em>fracking<\/em>\u00a0no es la \u00fanica apuesta energ\u00e9tica del pa\u00eds.<\/p>\n<p>\u201cLas tecnolog\u00edas m\u00e1s importantes que estamos desarrollando son las fuentes renovables de energ\u00eda (\u2026) ser\u00e1 40 % de generaci\u00f3n de energ\u00edas renovables en el pa\u00eds\u201d, dijo, al destacar tambi\u00e9n proyectos de almacenamiento, hidr\u00f3geno verde y energ\u00edas limpias dentro del Plan Nacional de Energ\u00eda.<\/p>\n<p>En cuanto a una posible implementaci\u00f3n, la mandataria plante\u00f3 que cualquier decisi\u00f3n pasar\u00e1 por la evaluaci\u00f3n cient\u00edfica y social.<\/p>\n<p>\u201cUna vez que ellos definan (\u2026) si es factible hacerlo en Coahuila (\u2026) entonces pasar\u00edamos a la parte social, evidentemente. A la consulta con las comunidades (\u2026) Nunca vamos a pasar por encima de ninguna comunidad\u201d, asegur\u00f3.<\/p>\n<p>Por su parte, la secretaria de Ciencia, Humanidades, Tecnolog\u00eda e Innovaci\u00f3n,\u00a0<strong>Rosaura Ruiz Guti\u00e9rrez<\/strong>, enfatiz\u00f3 que el objetivo central es equilibrar la seguridad energ\u00e9tica con la protecci\u00f3n ambiental.<\/p>\n<blockquote><p>\u201cEl compromiso de este gobierno es alcanzar la soberan\u00eda energ\u00e9tica sin comprometer la seguridad h\u00eddrica ni la salud de nuestros ecosistemas\u201d, declar\u00f3.<\/p><\/blockquote>\n<p>Ruiz detall\u00f3 que el comit\u00e9 es multidisciplinario y re\u00fane especialistas en geolog\u00eda, perforaci\u00f3n, qu\u00edmica y medioambiente.<\/p>\n<div id=\"ros-inread-multiple-ydp5jq\" class=\"ad-container dfp-ad-unit ad-inread ad-slot\" data-ad-type=\"inreadbox\" data-slot=\"inread-multiple\" data-ad-loaded=\"1\" data-ad-setup=\"{&quot;postID&quot;:1779250,&quot;canRefresh&quot;:false,&quot;infinitescroll&quot;:false}\" data-google-query-id=\"CODIsPii8JMDFQXl_QUdppYSAA\"><\/div>\n<div data-ad-type=\"inreadbox\" data-slot=\"inread-multiple\" data-ad-loaded=\"1\" data-ad-setup=\"{&quot;postID&quot;:1779250,&quot;canRefresh&quot;:false,&quot;infinitescroll&quot;:false}\" data-google-query-id=\"CODIsPii8JMDFQXl_QUdppYSAA\">\n<p>\u201cLa complejidad de los yacimientos no convencionales no permite visiones aisladas (\u2026) necesitamos a los mejores en geolog\u00eda (\u2026) a expertos en fluidos y perforaci\u00f3n (\u2026) y de manera crucial a los expertos en agua y en medioambiente\u201d, explic\u00f3.<\/p>\n<p>A\u00f1adi\u00f3 que el agua ser\u00e1 un eje central en la evaluaci\u00f3n, desde su inyecci\u00f3n y tratamiento hasta su reuso en circuitos cerrados \u201cpara no afectar las cuencas ni el consumo humano, especialmente en zonas \u00e1ridas\u201d.<\/p>\n<p>La funcionaria subray\u00f3 que el grupo busca dar certidumbre cient\u00edfica a la poblaci\u00f3n, sin \u201cimprovisar\u201d.<\/p>\n<p>El comit\u00e9 incluye expertos de distintas regiones del pa\u00eds, como Coahuila, Tamaulipas y Veracruz, y forma parte de lo que el Gobierno calific\u00f3 como un \u201cejercicio in\u00e9dito\u201d de colaboraci\u00f3n entre academia y autoridades para definir el futuro energ\u00e9tico de M\u00e9xico.<\/p>\n<p class=\"p1\">Con informaci\u00f3n de EFE<\/p>\n<\/div>\n","protected":false},"excerpt":{"rendered":"<p>La presidenta Sheinbaum present\u00f3 un comit\u00e9 de especialistas de alto nivel para evaluar el uso del \u2018fracking\u2019 en el pa\u00eds. La presidenta\u00a0Claudia\u00a0Sheinbaum Pardo\u00a0present\u00f3\u00a0un\u00a0comit\u00e9 de especialistas de alto nivel\u00a0para\u00a0evaluar\u00a0el uso de la\u00a0fracturaci\u00f3n hidr\u00e1ulica\u00a0(fracking) en el pa\u00eds, con el objetivo de tomar decisiones basadas en evidencia cient\u00edfica y sin comprometer el medioambiente ni a las comunidades. Durante la conferencia matutina en Palacio Nacional, la mandataria explic\u00f3 que el grupo estar\u00e1 integrado por acad\u00e9micos de instituciones como la Universidad Nacional Aut\u00f3noma de M\u00e9xico (UNAM), el Instituto Polit\u00e9cnico Nacional (IPN), la Universidad Aut\u00f3noma Metropolitana (UAM) y la Universidad Aut\u00f3noma de Nuevo Le\u00f3n (UANL), adem\u00e1s [&hellip;]<\/p>\n","protected":false},"author":3,"featured_media":144590,"comment_status":"open","ping_status":"open","sticky":false,"template":"","format":"standard","meta":{"_jetpack_newsletter_access":"","_jetpack_dont_email_post_to_subs":false,"_jetpack_newsletter_tier_id":0,"_jetpack_memberships_contains_paywalled_content":false,"_jetpack_feature_clip_id":0,"_jetpack_memberships_contains_paid_content":false,"footnotes":"","jetpack_publicize_message":"","jetpack_publicize_feature_enabled":true,"jetpack_social_post_already_shared":true,"jetpack_social_options":{"image_generator_settings":{"template":"highway","default_image_id":0,"font":"","enabled":false},"version":2},"jetpack_post_was_ever_published":false},"categories":[75],"tags":[],"class_list":["post-144582","post","type-post","status-publish","format-standard","has-post-thumbnail","hentry","category-nacional","post--single"],"jetpack_publicize_connections":[],"jetpack_featured_media_url":"https:\/\/ovelanalista.com\/wp-content\/uploads\/2026\/04\/comite-evaluacion-fracking-mexico.jpg","jetpack_sharing_enabled":true,"_links":{"self":[{"href":"https:\/\/ovelanalista.com\/index.php?rest_route=\/wp\/v2\/posts\/144582","targetHints":{"allow":["GET"]}}],"collection":[{"href":"https:\/\/ovelanalista.com\/index.php?rest_route=\/wp\/v2\/posts"}],"about":[{"href":"https:\/\/ovelanalista.com\/index.php?rest_route=\/wp\/v2\/types\/post"}],"author":[{"embeddable":true,"href":"https:\/\/ovelanalista.com\/index.php?rest_route=\/wp\/v2\/users\/3"}],"replies":[{"embeddable":true,"href":"https:\/\/ovelanalista.com\/index.php?rest_route=%2Fwp%2Fv2%2Fcomments&post=144582"}],"version-history":[{"count":1,"href":"https:\/\/ovelanalista.com\/index.php?rest_route=\/wp\/v2\/posts\/144582\/revisions"}],"predecessor-version":[{"id":144591,"href":"https:\/\/ovelanalista.com\/index.php?rest_route=\/wp\/v2\/posts\/144582\/revisions\/144591"}],"wp:featuredmedia":[{"embeddable":true,"href":"https:\/\/ovelanalista.com\/index.php?rest_route=\/wp\/v2\/media\/144590"}],"wp:attachment":[{"href":"https:\/\/ovelanalista.com\/index.php?rest_route=%2Fwp%2Fv2%2Fmedia&parent=144582"}],"wp:term":[{"taxonomy":"category","embeddable":true,"href":"https:\/\/ovelanalista.com\/index.php?rest_route=%2Fwp%2Fv2%2Fcategories&post=144582"},{"taxonomy":"post_tag","embeddable":true,"href":"https:\/\/ovelanalista.com\/index.php?rest_route=%2Fwp%2Fv2%2Ftags&post=144582"}],"curies":[{"name":"wp","href":"https:\/\/api.w.org\/{rel}","templated":true}]}}