{"id":144583,"date":"2026-04-15T11:00:04","date_gmt":"2026-04-15T18:00:04","guid":{"rendered":"https:\/\/ovelanalista.com\/?p=144583"},"modified":"2026-04-15T09:29:49","modified_gmt":"2026-04-15T16:29:49","slug":"sentencian-a-210-anos-de-carcel-a-implicado-en-el-secuestro-y-asesinato-de-dos-sacerdotes-en-poza-rica-veracruz","status":"publish","type":"post","link":"https:\/\/ovelanalista.com\/?p=144583","title":{"rendered":"Sentencian a 210 a\u00f1os de c\u00e1rcel a implicado en el secuestro y asesinato de dos sacerdotes en Poza Rica, Veracruz"},"content":{"rendered":"<p>Luis Alberto \u201cN\u201d particip\u00f3 en un asalto a una iglesia de Poza Rica, Veracruz, en donde fueron secuestrados y asesinados dos sacerdotes.<\/p>\n<p>Un juez dict\u00f3 sentencia de\u00a0<strong>210 a\u00f1os de c\u00e1rcel<\/strong>\u00a0en contra de\u00a0<strong>Luis Alberto \u201cN\u201d<\/strong>, tras ser declarado\u00a0<strong>culpable<\/strong>\u00a0por el\u00a0<strong>secuestro y asesinato<\/strong>\u00a0de\u00a0<strong>dos sacerdotes<\/strong>\u00a0y las agresiones a un testigo, hecho ocurrido en septiembre de 2016 en el norte del Veracruz y que conmocion\u00f3 a dicha entidad en su momento.<\/p>\n<p>De acuerdo con las investigaciones de la Fiscal\u00eda de la entidad, el sentenciado particip\u00f3 en un asalto a la Iglesia de Nuestra Se\u00f1ora de F\u00e1tima, ubicada en el municipio de Poza Rica.<\/p>\n<p>Durante el hecho, un grupo de sujetos someti\u00f3 a los sacerdotes Alejo Nabor Jim\u00e9nez y Jos\u00e9 Alfredo Su\u00e1rez, adem\u00e1s de una tercera persona.<\/p>\n<p>Tras exigir dinero y robar bienes, los delincuentes secuestraron a las v\u00edctimas. Los dos sacerdotes fueron asesinados, mientras que el testigo logr\u00f3 escapar e identificar a Luis Alberto \u201cN\u201d ante las autoridades de la entidad.<\/p>\n<div id=\"standard_4\" class=\"st-placement standard_4 inArticle\">\n<div class=\"st-adunit-inarticle st-inarticle-slot\">\n<div class=\"st-adunit st-adunit-tagged st-reset st-show\">\n<div class=\"st-adunit-ad st-reset\">\n<div class=\"st-display-render st-reset open 970x250\">\n<div class=\"x-to-close st-reset\">\n<h3>Detalles de la condena<\/h3>\n<p>Durante la audiencia, el juez impuso la pena por el delito de secuestro agravado por concurso de delitos. El total de 210 a\u00f1os de prisi\u00f3n se desglosa de la siguiente manera:<\/p>\n<ul>\n<li>80 a\u00f1os por el asesinato del sacerdote Alejo Nabor Jim\u00e9nez Ju\u00e1rez.<\/li>\n<li>80 a\u00f1os por el asesinato del sacerdote Jos\u00e9 Alfredo Su\u00e1rez de la Cruz.<\/li>\n<li>50 a\u00f1os en agravio de la v\u00edctima de identidad resguardada.<\/li>\n<\/ul>\n<\/div>\n<div class=\"ad-container dfp-ad-unit ad-inread ad-slot\" data-ad-type=\"inreadbox\" data-slot=\"inread-multiple\" data-ad-loaded=\"1\" data-ad-setup=\"{&quot;postID&quot;:1779241,&quot;canRefresh&quot;:false,&quot;infinitescroll&quot;:false}\" data-google-query-id=\"CIWjwaKj8JMDFcbF_QUdAWMRgw\">\n<p>La fiscal General del Estado,\u00a0<strong>Lisbeth Aurelia Jim\u00e9nez Aguirre<\/strong>, report\u00f3 dicha sentencia de 210 a\u00f1os de c\u00e1rcel en contra como un\u00a0<a href=\"https:\/\/comunicacion.fiscaliaveracruz.gob.mx\/%f0%9d%97%a6%f0%9d%97%b2%f0%9d%97%bb%f0%9d%98%81%f0%9d%97%b2%f0%9d%97%bb%f0%9d%97%b0%f0%9d%97%b6%f0%9d%97%ae-%f0%9d%97%b1%f0%9d%97%b2-%f0%9d%9f%ae%f0%9d%9f%ad%f0%9d%9f%ac-%f0%9d%97%ae%f0%9d%97%bb\/\" target=\"_blank\" rel=\"noopener noreferrer\">hecho relevante<\/a>\u00a0durante la Mesa de Coordinaci\u00f3n Estatal para la Construcci\u00f3n de Paz y Seguridad.<\/p>\n<p>Con informaci\u00f3n de El Universal<\/p>\n<\/div>\n<\/div>\n<\/div>\n<\/div>\n<\/div>\n<\/div>\n","protected":false},"excerpt":{"rendered":"<p>Luis Alberto \u201cN\u201d particip\u00f3 en un asalto a una iglesia de Poza Rica, Veracruz, en donde fueron secuestrados y asesinados dos sacerdotes. Un juez dict\u00f3 sentencia de\u00a0210 a\u00f1os de c\u00e1rcel\u00a0en contra de\u00a0Luis Alberto \u201cN\u201d, tras ser declarado\u00a0culpable\u00a0por el\u00a0secuestro y asesinato\u00a0de\u00a0dos sacerdotes\u00a0y las agresiones a un testigo, hecho ocurrido en septiembre de 2016 en el norte del Veracruz y que conmocion\u00f3 a dicha entidad en su momento. De acuerdo con las investigaciones de la Fiscal\u00eda de la entidad, el sentenciado particip\u00f3 en un asalto a la Iglesia de Nuestra Se\u00f1ora de F\u00e1tima, ubicada en el municipio de Poza Rica. Durante el [&hellip;]<\/p>\n","protected":false},"author":3,"featured_media":144595,"comment_status":"open","ping_status":"open","sticky":false,"template":"","format":"standard","meta":{"_jetpack_newsletter_access":"","_jetpack_dont_email_post_to_subs":false,"_jetpack_newsletter_tier_id":0,"_jetpack_memberships_contains_paywalled_content":false,"_jetpack_feature_clip_id":0,"_jetpack_memberships_contains_paid_content":false,"footnotes":"","jetpack_publicize_message":"","jetpack_publicize_feature_enabled":true,"jetpack_social_post_already_shared":true,"jetpack_social_options":{"image_generator_settings":{"template":"highway","default_image_id":0,"font":"","enabled":false},"version":2},"jetpack_post_was_ever_published":false},"categories":[75],"tags":[],"class_list":["post-144583","post","type-post","status-publish","format-standard","has-post-thumbnail","hentry","category-nacional","post--single"],"jetpack_publicize_connections":[],"jetpack_featured_media_url":"https:\/\/ovelanalista.com\/wp-content\/uploads\/2026\/04\/luis-alberto-n-secuestro-asesinato-sacerdotes-veracruz-poza-rica-2026.jpg","jetpack_sharing_enabled":true,"_links":{"self":[{"href":"https:\/\/ovelanalista.com\/index.php?rest_route=\/wp\/v2\/posts\/144583","targetHints":{"allow":["GET"]}}],"collection":[{"href":"https:\/\/ovelanalista.com\/index.php?rest_route=\/wp\/v2\/posts"}],"about":[{"href":"https:\/\/ovelanalista.com\/index.php?rest_route=\/wp\/v2\/types\/post"}],"author":[{"embeddable":true,"href":"https:\/\/ovelanalista.com\/index.php?rest_route=\/wp\/v2\/users\/3"}],"replies":[{"embeddable":true,"href":"https:\/\/ovelanalista.com\/index.php?rest_route=%2Fwp%2Fv2%2Fcomments&post=144583"}],"version-history":[{"count":1,"href":"https:\/\/ovelanalista.com\/index.php?rest_route=\/wp\/v2\/posts\/144583\/revisions"}],"predecessor-version":[{"id":144596,"href":"https:\/\/ovelanalista.com\/index.php?rest_route=\/wp\/v2\/posts\/144583\/revisions\/144596"}],"wp:featuredmedia":[{"embeddable":true,"href":"https:\/\/ovelanalista.com\/index.php?rest_route=\/wp\/v2\/media\/144595"}],"wp:attachment":[{"href":"https:\/\/ovelanalista.com\/index.php?rest_route=%2Fwp%2Fv2%2Fmedia&parent=144583"}],"wp:term":[{"taxonomy":"category","embeddable":true,"href":"https:\/\/ovelanalista.com\/index.php?rest_route=%2Fwp%2Fv2%2Fcategories&post=144583"},{"taxonomy":"post_tag","embeddable":true,"href":"https:\/\/ovelanalista.com\/index.php?rest_route=%2Fwp%2Fv2%2Ftags&post=144583"}],"curies":[{"name":"wp","href":"https:\/\/api.w.org\/{rel}","templated":true}]}}