{"id":144593,"date":"2026-04-15T12:00:36","date_gmt":"2026-04-15T19:00:36","guid":{"rendered":"https:\/\/ovelanalista.com\/?p=144593"},"modified":"2026-04-15T09:32:57","modified_gmt":"2026-04-15T16:32:57","slug":"senado-aprueba-reforma-hacia-la-homologacion-del-feminicidio-en-todo-el-pais","status":"publish","type":"post","link":"https:\/\/ovelanalista.com\/?p=144593","title":{"rendered":"Senado aprueba reforma hacia la homologaci\u00f3n del feminicidio en todo el pa\u00eds"},"content":{"rendered":"<p>La minuta fue turnada a la C\u00e1mara de Diputados para su an\u00e1lisis y eventual aprobaci\u00f3n, as\u00ed como la de los congresos estatales.<\/p>\n<p>El\u00a0<strong>Senado de M\u00e9xico<\/strong>\u00a0aprob\u00f3 este martes una\u00a0<strong>reforma constitucional<\/strong>\u00a0para facultar al\u00a0<strong>Congreso a expedir una ley general<\/strong>\u00a0en materia de feminicidio, por iniciativa de la presidenta mexicana\u00a0<strong>Claudia Sheinbaum<\/strong>, con el objetivo de homologar la tipificaci\u00f3n, investigaci\u00f3n y sanci\u00f3n de este delito en todo el pa\u00eds.<\/p>\n<p>El dictamen, avalado por\u00a0<strong>unanimidad<\/strong>, plantea establecer bases comunes para combatir el feminicidio, fortalecer la coordinaci\u00f3n entre autoridades y garantizar el\u00a0<strong>acceso a la justicia<\/strong>\u00a0para las v\u00edctimas.<\/p>\n<p>El feminicidio es la categor\u00eda legal que reconoce el\u00a0<strong>asesinato de mujeres<\/strong>\u00a0por razones de g\u00e9nero, pero no todas las\u00a0<strong>muertes violentas<\/strong>\u00a0se investigan bajo esta figura.<\/p>\n<p>Actualmente, el delito se investiga y sanciona de manera distinta en cada estado, por lo que, seg\u00fan el documento, \u201ces\u00a0<strong>indispensable contar<\/strong>\u00a0con una legislaci\u00f3n general que establezca bases homog\u00e9neas para la tipificaci\u00f3n, investigaci\u00f3n, persecuci\u00f3n y sanci\u00f3n del feminicidio en todo el pa\u00eds\u201d.<\/p>\n<div id=\"standard_4\" class=\"st-placement standard_4 inArticle\">\n<div class=\"st-adunit-inarticle st-inarticle-slot\">\n<div class=\"st-adunit st-adunit-tagged st-reset st-show\">\n<div class=\"st-adunit-ad st-reset\">\n<div class=\"st-display-render st-reset open 970x250\">\n<div class=\"st-canvas st-reset horizontal-static\">\n<div class=\"x-to-close st-reset\">\n<p>En M\u00e9xico, alrededor de 10 mujeres son asesinadas cada d\u00eda y menos de una cuarta parte se investiga como feminicidio, lo que -seg\u00fan\u00a0<strong>ONG<\/strong>\u2013 ha evidenciado fallas en su clasificaci\u00f3n y altos niveles de impunidad.<\/p>\n<p>Entre 2018 y 2025, se registraron m\u00e1s de 26 mil 600 asesinatos de mujeres en\u00a0<strong>M\u00e9xico<\/strong>, de los cuales solo 6 mil 781 fueron investigados como feminicidio, seg\u00fan cifras oficiales.<\/p>\n<p>En este contexto, la iniciativa de\u00a0<strong>Sheinbaum<\/strong>\u00a0busca homologar el tipo penal, unificar protocolos de investigaci\u00f3n y establecer penas de 40 a 70 a\u00f1os de prisi\u00f3n, as\u00ed como investigar toda muerte violenta de mujer bajo la hip\u00f3tesis inicial de feminicidio.<\/p>\n<p>La reforma al art\u00edculo 73 constitucional busca dotar al\u00a0<strong>Congreso<\/strong>\u00a0de facultades para \u201cestablecer un tipo\u00a0<strong>penal homog\u00e9neo<\/strong>, sanciones y agravantes\u201d y fortalecer la coordinaci\u00f3n entre autoridades, adem\u00e1s de garantizar el acceso efectivo a la justicia y la reparaci\u00f3n del da\u00f1o, seg\u00fan detall\u00f3 el Senado, en un comunicado.<\/p>\n<p>El proyecto tambi\u00e9n contempla atenci\u00f3n a v\u00edctimas indirectas, como ni\u00f1as, ni\u00f1os y adolescentes en situaci\u00f3n de orfandad por feminicidio.<\/p>\n<p>La minuta fue turnada a la\u00a0<strong>C\u00e1mara de Diputados<\/strong>\u00a0para su an\u00e1lisis y eventual aprobaci\u00f3n, as\u00ed como la de los congresos estatales.<\/p>\n<p>La secretaria de las\u00a0<strong>Mujeres de M\u00e9xico<\/strong>,\u00a0<strong>Citlalli Hern\u00e1ndez Mora<\/strong>, reconoci\u00f3 al Senado por la aprobaci\u00f3n del dictamen que da pie a la creaci\u00f3n de la nueva Ley General en materia de Feminicidio.<\/p>\n<p>\u201cEs un paso hist\u00f3rico que reconoce la gravedad de esta violencia y fortalece las herramientas del Estado para investigarla y sancionarla al homologar el feminicidio en todo el pa\u00eds\u201d, se\u00f1al\u00f3 en un mensaje en X.<\/p>\n<article id=\"post-1779179\" class=\"post article-layout container-fluid post-1779179 type-post status-publish format-standard has-post-thumbnail hentry category-mexico category-nacional tag-feminicidio tag-mexico tag-senado\" data-postid=\"1779179\" data-slug=\"\/nacional\/senado-aprueba-reforma-hacia-la-homologacion-del-feminicidio-en-todo-el-pais\/\" data-post-id=\"1779179\" data-meta=\"{&quot;id&quot;:&quot;1779179&quot;,&quot;infinitescroll_off&quot;:&quot;false&quot;,&quot;exclude_adunits&quot;:[],&quot;hide_adx&quot;:&quot;false&quot;,&quot;hide_ads&quot;:&quot;false&quot;,&quot;canal&quot;:[&quot;M\\u00e9xico&quot;,&quot;Nacional&quot;],&quot;tags&quot;:[&quot;feminicidio&quot;,&quot;mexico&quot;,&quot;senado&quot;],&quot;seo&quot;:&quot;Senado aprueba reforma hacia la homologaci\\u00f3n del feminicidio en todo el pa\\u00eds&quot;}\" data-is-tracking=\"true\" data-scroll-index=\"0\">\n<div class=\"row\">\n<div class=\"entry-content entry-grid mx-auto col-12 col-lg-12 col-xl-10\">\n<div class=\"entry-grid__content-area2 entry-main-text\">\n<div class=\"row\">\n<div class=\"col-12 col-lg-8\">\n<div class=\"article-content\">\n<p>La reforma tambi\u00e9n ocurre en un contexto en el que el Gobierno mexicano ha destacado una disminuci\u00f3n del 14.9 % en los feminicidios en el primer trimestre de 2026 frente al mismo periodo de 2025.<\/p>\n<p>No obstante, organizaciones como el\u00a0<strong>Observatorio Ciudadano Nacional del Feminicidio<\/strong>\u00a0(<strong>OCNF<\/strong>) han cuestionado la efectividad de esa disminuci\u00f3n, al advertir que solo una parte de las muertes violentas de mujeres se investiga como feminicidio.<\/p>\n<p>Con informaci\u00f3n de EFE<\/p>\n<\/div>\n<\/div>\n<\/div>\n<\/div>\n<\/div>\n<\/div>\n<\/article>\n<\/div>\n<\/div>\n<\/div>\n<\/div>\n<\/div>\n<\/div>\n<\/div>\n","protected":false},"excerpt":{"rendered":"<p>La minuta fue turnada a la C\u00e1mara de Diputados para su an\u00e1lisis y eventual aprobaci\u00f3n, as\u00ed como la de los congresos estatales. El\u00a0Senado de M\u00e9xico\u00a0aprob\u00f3 este martes una\u00a0reforma constitucional\u00a0para facultar al\u00a0Congreso a expedir una ley general\u00a0en materia de feminicidio, por iniciativa de la presidenta mexicana\u00a0Claudia Sheinbaum, con el objetivo de homologar la tipificaci\u00f3n, investigaci\u00f3n y sanci\u00f3n de este delito en todo el pa\u00eds. El dictamen, avalado por\u00a0unanimidad, plantea establecer bases comunes para combatir el feminicidio, fortalecer la coordinaci\u00f3n entre autoridades y garantizar el\u00a0acceso a la justicia\u00a0para las v\u00edctimas. El feminicidio es la categor\u00eda legal que reconoce el\u00a0asesinato de mujeres\u00a0por razones [&hellip;]<\/p>\n","protected":false},"author":3,"featured_media":144599,"comment_status":"open","ping_status":"open","sticky":false,"template":"","format":"standard","meta":{"_jetpack_newsletter_access":"","_jetpack_dont_email_post_to_subs":false,"_jetpack_newsletter_tier_id":0,"_jetpack_memberships_contains_paywalled_content":false,"_jetpack_feature_clip_id":0,"_jetpack_memberships_contains_paid_content":false,"footnotes":"","jetpack_publicize_message":"","jetpack_publicize_feature_enabled":true,"jetpack_social_post_already_shared":true,"jetpack_social_options":{"image_generator_settings":{"template":"highway","default_image_id":0,"font":"","enabled":false},"version":2},"jetpack_post_was_ever_published":false},"categories":[75],"tags":[],"class_list":["post-144593","post","type-post","status-publish","format-standard","has-post-thumbnail","hentry","category-nacional","post--single"],"jetpack_publicize_connections":[],"jetpack_featured_media_url":"https:\/\/ovelanalista.com\/wp-content\/uploads\/2026\/04\/91f377537860b81ed4ecbeb0f2f2a15202077eeb.jpg","jetpack_sharing_enabled":true,"_links":{"self":[{"href":"https:\/\/ovelanalista.com\/index.php?rest_route=\/wp\/v2\/posts\/144593","targetHints":{"allow":["GET"]}}],"collection":[{"href":"https:\/\/ovelanalista.com\/index.php?rest_route=\/wp\/v2\/posts"}],"about":[{"href":"https:\/\/ovelanalista.com\/index.php?rest_route=\/wp\/v2\/types\/post"}],"author":[{"embeddable":true,"href":"https:\/\/ovelanalista.com\/index.php?rest_route=\/wp\/v2\/users\/3"}],"replies":[{"embeddable":true,"href":"https:\/\/ovelanalista.com\/index.php?rest_route=%2Fwp%2Fv2%2Fcomments&post=144593"}],"version-history":[{"count":1,"href":"https:\/\/ovelanalista.com\/index.php?rest_route=\/wp\/v2\/posts\/144593\/revisions"}],"predecessor-version":[{"id":144600,"href":"https:\/\/ovelanalista.com\/index.php?rest_route=\/wp\/v2\/posts\/144593\/revisions\/144600"}],"wp:featuredmedia":[{"embeddable":true,"href":"https:\/\/ovelanalista.com\/index.php?rest_route=\/wp\/v2\/media\/144599"}],"wp:attachment":[{"href":"https:\/\/ovelanalista.com\/index.php?rest_route=%2Fwp%2Fv2%2Fmedia&parent=144593"}],"wp:term":[{"taxonomy":"category","embeddable":true,"href":"https:\/\/ovelanalista.com\/index.php?rest_route=%2Fwp%2Fv2%2Fcategories&post=144593"},{"taxonomy":"post_tag","embeddable":true,"href":"https:\/\/ovelanalista.com\/index.php?rest_route=%2Fwp%2Fv2%2Ftags&post=144593"}],"curies":[{"name":"wp","href":"https:\/\/api.w.org\/{rel}","templated":true}]}}