{"id":144594,"date":"2026-04-15T12:30:55","date_gmt":"2026-04-15T19:30:55","guid":{"rendered":"https:\/\/ovelanalista.com\/?p=144594"},"modified":"2026-04-15T09:34:42","modified_gmt":"2026-04-15T16:34:42","slug":"caso-micky-hair-vinculan-a-proceso-a-presuntos-asesinos-del-estilista","status":"publish","type":"post","link":"https:\/\/ovelanalista.com\/?p=144594","title":{"rendered":"Caso \u201cMicky Hair\u201d: Vinculan a proceso a presuntos asesinos del estilista"},"content":{"rendered":"<p>El estilista mexicano Miguel de la Mora, conocido como \u201cMicky Hair\u201d, fue asesinado a balazos la noche del 29 de septiembre de 2025 en la zona de Polanco.<\/p>\n<p>Un\u00a0<strong>juez de control<\/strong>\u00a0vincul\u00f3 a proceso a\u00a0<strong>\u00c1ngel Jorel D\u00edaz<\/strong>\u00a0y a\u00a0<strong>Kevin Anthony Hern\u00e1ndez<\/strong>, acusados de homicidio calificado en agravio del estilista\u00a0<strong>Miguel de la Mora Larios<\/strong>, conocido como \u201c<strong>Micky Hair<\/strong>\u201c.<\/p>\n<p>En audiencia de continuaci\u00f3n, el juzgador consider\u00f3 suficientes las pruebas para vincular a proceso a los sujetos. Se les impuso la prisi\u00f3n preventiva justificada y se dio un plazo de 3 meses para el cierre de la investigaci\u00f3n complementaria.<\/p>\n<p><img decoding=\"async\" src=\"https:\/\/lopezdoriga.com\/wp-content\/uploads\/2025\/10\/miguel-de-la-mora-asesinos-1024x683.jpg\" alt=\"Caso &quot;Micky Hair&quot;: Vinculan a proceso a presuntos asesinos del estilista - miguel-de-la-mora-asesinos-1024x683\" \/><\/p>\n<p>De acuerdo con reportes, ambos sujetos recibieron unos 80 mil pesos por asesinato de Miguel de la Mora, due\u00f1o de la est\u00e9tica\u00a0<em><strong>Micky\u2019s Hair<\/strong><\/em>, perpetrado la noche del 29 de septiembre de 2025 en la zona de Polanco, Ciudad de M\u00e9xico.<\/p>\n<p>Los agresores interceptaron a bordo de una motocicleta al joven de 28 a\u00f1os de edad y\u00a0le dispararon.<\/p>\n<p>Las investigaciones apuntan a que los sujetos pertenec\u00edan a un grupo de asesinos a sueldo con operaciones en distintas partes de M\u00e9xico.<\/p>\n<h2>\u00bfQui\u00e9n era Miguel de la Mora, el estilista asesinado en Polanco?<\/h2>\n<p><strong>Miguel de la Mora<\/strong>\u00a0era un reconocido\u00a0<strong>estilista<\/strong>, con dos afamados salones de belleza en Polanco y la ciudad de Guadalajara.<\/p>\n<p><strong>Micky\u2019s Hair Salon<\/strong>\u00a0ofrece servicios de belleza, cosm\u00e9tica y cuidado personal.<\/p>\n<figure id=\"attachment_1741520\" class=\"wp-caption alignnone\" aria-labelledby=\"figcaption_attachment_1741520\"><a href=\"https:\/\/lopezdoriga.com\/wp-content\/uploads\/2025\/09\/miguel-de-la-mora-estilista-polanco.jpg\"><img loading=\"lazy\" decoding=\"async\" class=\"size-full wp-image-1741520 img-responsive \" title=\"\" src=\"https:\/\/lopezdoriga.com\/wp-content\/uploads\/2025\/09\/miguel-de-la-mora-estilista-polanco.jpg\" sizes=\"auto, (max-width: 1920px) 100vw, 1920px\" srcset=\"https:\/\/lopezdoriga.com\/wp-content\/uploads\/2025\/09\/miguel-de-la-mora-estilista-polanco.jpg 1920w, https:\/\/lopezdoriga.com\/wp-content\/uploads\/2025\/09\/miguel-de-la-mora-estilista-polanco-300x200.jpg 300w, https:\/\/lopezdoriga.com\/wp-content\/uploads\/2025\/09\/miguel-de-la-mora-estilista-polanco-1024x683.jpg 1024w, https:\/\/lopezdoriga.com\/wp-content\/uploads\/2025\/09\/miguel-de-la-mora-estilista-polanco-768x512.jpg 768w, https:\/\/lopezdoriga.com\/wp-content\/uploads\/2025\/09\/miguel-de-la-mora-estilista-polanco-1536x1024.jpg 1536w\" alt=\"Caso &quot;Micky Hair&quot;: Vinculan a proceso a presuntos asesinos del estilista - miguel-de-la-mora-estilista-polanco\" width=\"1920\" height=\"1280\" \/><\/a><figcaption id=\"figcaption_attachment_1741520\" class=\"wp-caption-text\">Foto de @micky_hair<\/figcaption><\/figure>\n<p>En redes sociales, el estilista presum\u00eda el trabajo hecho a celebridades como la Miss Universo M\u00e9xico 2024, Mar\u00eda Fernanda Beltr\u00e1n Figueroa; la cantante Kenia Os; la\u00a0<em>influencer<\/em>\u00a0Priscila Escoto; la cantante \u00c1ngela Aguilar; y las actrices Natasha Dupeyron y Altair Jarabo.<\/p>\n<p>Con informaci\u00f3n de L\u00f3pez-D\u00f3riga Digital<\/p>\n","protected":false},"excerpt":{"rendered":"<p>El estilista mexicano Miguel de la Mora, conocido como \u201cMicky Hair\u201d, fue asesinado a balazos la noche del 29 de septiembre de 2025 en la zona de Polanco. Un\u00a0juez de control\u00a0vincul\u00f3 a proceso a\u00a0\u00c1ngel Jorel D\u00edaz\u00a0y a\u00a0Kevin Anthony Hern\u00e1ndez, acusados de homicidio calificado en agravio del estilista\u00a0Miguel de la Mora Larios, conocido como \u201cMicky Hair\u201c. En audiencia de continuaci\u00f3n, el juzgador consider\u00f3 suficientes las pruebas para vincular a proceso a los sujetos. Se les impuso la prisi\u00f3n preventiva justificada y se dio un plazo de 3 meses para el cierre de la investigaci\u00f3n complementaria. De acuerdo con reportes, ambos sujetos [&hellip;]<\/p>\n","protected":false},"author":3,"featured_media":144601,"comment_status":"open","ping_status":"open","sticky":false,"template":"","format":"standard","meta":{"_jetpack_newsletter_access":"","_jetpack_dont_email_post_to_subs":false,"_jetpack_newsletter_tier_id":0,"_jetpack_memberships_contains_paywalled_content":false,"_jetpack_feature_clip_id":0,"_jetpack_memberships_contains_paid_content":false,"footnotes":"","jetpack_publicize_message":"","jetpack_publicize_feature_enabled":true,"jetpack_social_post_already_shared":true,"jetpack_social_options":{"image_generator_settings":{"template":"highway","default_image_id":0,"font":"","enabled":false},"version":2},"jetpack_post_was_ever_published":false},"categories":[1],"tags":[],"class_list":["post-144594","post","type-post","status-publish","format-standard","has-post-thumbnail","hentry","category-uncategorized","post--single"],"jetpack_publicize_connections":[],"jetpack_featured_media_url":"https:\/\/ovelanalista.com\/wp-content\/uploads\/2026\/04\/asesinos-del-estilista-miguel-de-la-mora-1.jpg","jetpack_sharing_enabled":true,"_links":{"self":[{"href":"https:\/\/ovelanalista.com\/index.php?rest_route=\/wp\/v2\/posts\/144594","targetHints":{"allow":["GET"]}}],"collection":[{"href":"https:\/\/ovelanalista.com\/index.php?rest_route=\/wp\/v2\/posts"}],"about":[{"href":"https:\/\/ovelanalista.com\/index.php?rest_route=\/wp\/v2\/types\/post"}],"author":[{"embeddable":true,"href":"https:\/\/ovelanalista.com\/index.php?rest_route=\/wp\/v2\/users\/3"}],"replies":[{"embeddable":true,"href":"https:\/\/ovelanalista.com\/index.php?rest_route=%2Fwp%2Fv2%2Fcomments&post=144594"}],"version-history":[{"count":1,"href":"https:\/\/ovelanalista.com\/index.php?rest_route=\/wp\/v2\/posts\/144594\/revisions"}],"predecessor-version":[{"id":144602,"href":"https:\/\/ovelanalista.com\/index.php?rest_route=\/wp\/v2\/posts\/144594\/revisions\/144602"}],"wp:featuredmedia":[{"embeddable":true,"href":"https:\/\/ovelanalista.com\/index.php?rest_route=\/wp\/v2\/media\/144601"}],"wp:attachment":[{"href":"https:\/\/ovelanalista.com\/index.php?rest_route=%2Fwp%2Fv2%2Fmedia&parent=144594"}],"wp:term":[{"taxonomy":"category","embeddable":true,"href":"https:\/\/ovelanalista.com\/index.php?rest_route=%2Fwp%2Fv2%2Fcategories&post=144594"},{"taxonomy":"post_tag","embeddable":true,"href":"https:\/\/ovelanalista.com\/index.php?rest_route=%2Fwp%2Fv2%2Ftags&post=144594"}],"curies":[{"name":"wp","href":"https:\/\/api.w.org\/{rel}","templated":true}]}}