{"id":144603,"date":"2026-04-15T13:30:55","date_gmt":"2026-04-15T20:30:55","guid":{"rendered":"https:\/\/ovelanalista.com\/?p=144603"},"modified":"2026-04-15T09:37:39","modified_gmt":"2026-04-15T16:37:39","slug":"alumno-de-16-anos-mata-a-4-personas-en-colegio-de-turquia","status":"publish","type":"post","link":"https:\/\/ovelanalista.com\/?p=144603","title":{"rendered":"Alumno de 16 a\u00f1os mata a 4 personas en colegio de Turqu\u00eda"},"content":{"rendered":"<p>Un estudiante de 16 a\u00f1os de edad llev\u00f3 a cabo un tiroteo en un colegio ubicado en la provincia de Kahramanmaras, Turqu\u00eda.<\/p>\n<p>Al menos<strong>\u00a0cuatro personas murieron<\/strong>\u00a0y veinte m\u00e1s resultaron heridas, cuatro en estado cr\u00edtico, en un\u00a0<strong>tiroteo<\/strong>\u00a0en un\u00a0<strong>colegio<\/strong>\u00a0en la provincia de\u00a0<strong>Kahramanmaras, Turqu\u00eda<\/strong>, seg\u00fan informaron las autoridades locales, quienes precisaron que el agresor, un alumno de unos 16 a\u00f1os, muri\u00f3 durante el ataque.<\/p>\n<p>El gobernador de esa provincia,\u00a0<strong>M\u00fckerrem \u00dcnl\u00fcer<\/strong>, indic\u00f3 que un profesor y tres alumnos de quinto curso, correspondiente a 10 y 11 a\u00f1os, murieron en el ataque en el\u00a0<strong>colegio Ayser \u00c7alik<\/strong>, situado en un barrio residencial de la periferia de la ciudad de Kahramanmaras.<\/p>\n<div class=\"twitter-tweet twitter-tweet-rendered\"><iframe id=\"twitter-widget-0\" class=\"\" title=\"X Post\" src=\"https:\/\/platform.twitter.com\/embed\/Tweet.html?creatorScreenName=lopezdoriga&amp;dnt=false&amp;embedId=twitter-widget-0&amp;features=eyJ0ZndfdGltZWxpbmVfbGlzdCI6eyJidWNrZXQiOltdLCJ2ZXJzaW9uIjpudWxsfSwidGZ3X2ZvbGxvd2VyX2NvdW50X3N1bnNldCI6eyJidWNrZXQiOnRydWUsInZlcnNpb24iOm51bGx9LCJ0ZndfdHdlZXRfZWRpdF9iYWNrZW5kIjp7ImJ1Y2tldCI6Im9uIiwidmVyc2lvbiI6bnVsbH0sInRmd19yZWZzcmNfc2Vzc2lvbiI6eyJidWNrZXQiOiJvbiIsInZlcnNpb24iOm51bGx9LCJ0ZndfZm9zbnJfc29mdF9pbnRlcnZlbnRpb25zX2VuYWJsZWQiOnsiYnVja2V0Ijoib24iLCJ2ZXJzaW9uIjpudWxsfSwidGZ3X21peGVkX21lZGlhXzE1ODk3Ijp7ImJ1Y2tldCI6InRyZWF0bWVudCIsInZlcnNpb24iOm51bGx9LCJ0ZndfZXhwZXJpbWVudHNfY29va2llX2V4cGlyYXRpb24iOnsiYnVja2V0IjoxMjA5NjAwLCJ2ZXJzaW9uIjpudWxsfSwidGZ3X3Nob3dfYmlyZHdhdGNoX3Bpdm90c19lbmFibGVkIjp7ImJ1Y2tldCI6Im9uIiwidmVyc2lvbiI6bnVsbH0sInRmd19kdXBsaWNhdGVfc2NyaWJlc190b19zZXR0aW5ncyI6eyJidWNrZXQiOiJvbiIsInZlcnNpb24iOm51bGx9LCJ0ZndfdXNlX3Byb2ZpbGVfaW1hZ2Vfc2hhcGVfZW5hYmxlZCI6eyJidWNrZXQiOiJvbiIsInZlcnNpb24iOm51bGx9LCJ0ZndfdmlkZW9faGxzX2R5bmFtaWNfbWFuaWZlc3RzXzE1MDgyIjp7ImJ1Y2tldCI6InRydWVfYml0cmF0ZSIsInZlcnNpb24iOm51bGx9LCJ0ZndfbGVnYWN5X3RpbWVsaW5lX3N1bnNldCI6eyJidWNrZXQiOnRydWUsInZlcnNpb24iOm51bGx9LCJ0ZndfdHdlZXRfZWRpdF9mcm9udGVuZCI6eyJidWNrZXQiOiJvbiIsInZlcnNpb24iOm51bGx9fQ%3D%3D&amp;frame=false&amp;hideCard=false&amp;hideThread=false&amp;id=2044386613506064633&amp;lang=es&amp;origin=https%3A%2F%2Flopezdoriga.com%2Finternacional%2Falumno-16-anos-mata-4-personas-colegio-turquia%2F&amp;sessionId=e6eb42b35af3ab52d61b31d81d9e35735156d7b6&amp;siteScreenName=lopezdoriga&amp;theme=light&amp;widgetsVersion=2615f7e52b7e0%3A1702314776716&amp;width=550px\" frameborder=\"0\" scrolling=\"no\" allowfullscreen=\"allowfullscreen\" data-tweet-id=\"2044386613506064633\" data-mce-fragment=\"1\"><\/iframe><\/div>\n<div>\n<p>\u00dcnl\u00fcer precis\u00f3 que el agresor emple\u00f3 cinco armas pertenecientes a su padre, un antiguo agente de Polic\u00eda, y llevaba siete cargadores en una mochila.<\/p>\n<p>El atacante muri\u00f3 durante el tiroteo, pero a\u00fan no se sabe si se suicid\u00f3 o se dispar\u00f3 accidentalmente, se\u00f1al\u00f3 el gobernador.<\/p>\n<p>El alumno estaba en la octava clase, lo que normalmente corresponde a una edad de 14 a\u00f1os, pero la emisora Halk TV asegura que ten\u00eda alrededor de 16 a\u00f1os.<\/p>\n<p>Seg\u00fan testigos citados por el diario Cumhuriyet, el alumno entr\u00f3 en dos aulas distintas y dispar\u00f3 de forma continua, cambiando los cargadores sin dejar de hacer fuego.<\/p>\n<p>Estas fuentes apuntaron tambi\u00e9n que seg\u00fan responsables de dicho colegio de Turqu\u00eda, el alumno hab\u00eda mostrado ya antes \u201cproblemas psicol\u00f3gicos\u201d, aunque no precisaron m\u00e1s.<\/p>\n<p>Los ministros de Interior, Mustafa \u00c7ift\u00e7i, Educaci\u00f3n, Yusuf Tekin, y Sanidad, Kemal Memisoglu, est\u00e1n viajando a Kahramanmaras y el Ministerio de Justicia ha encargado a varios fiscales jefe investigar el suceso.<\/p>\n<p>Como primera medida, el padre del alumno, antiguo polic\u00eda, ha sido detenido, informa la cadena NTV.<\/p>\n<p>Ayer mismo, un exalumno de un centro de Siverek, municipio de la provincia vecina de Sanliurfa, a 200 kil\u00f3metros de Kahramanmaras, hiri\u00f3 a 16 personas en un centro escolar antes de suicidarse.<\/p>\n<p>Con informaci\u00f3n de EFE<\/p>\n<\/div>\n","protected":false},"excerpt":{"rendered":"<p>Un estudiante de 16 a\u00f1os de edad llev\u00f3 a cabo un tiroteo en un colegio ubicado en la provincia de Kahramanmaras, Turqu\u00eda. Al menos\u00a0cuatro personas murieron\u00a0y veinte m\u00e1s resultaron heridas, cuatro en estado cr\u00edtico, en un\u00a0tiroteo\u00a0en un\u00a0colegio\u00a0en la provincia de\u00a0Kahramanmaras, Turqu\u00eda, seg\u00fan informaron las autoridades locales, quienes precisaron que el agresor, un alumno de unos 16 a\u00f1os, muri\u00f3 durante el ataque. El gobernador de esa provincia,\u00a0M\u00fckerrem \u00dcnl\u00fcer, indic\u00f3 que un profesor y tres alumnos de quinto curso, correspondiente a 10 y 11 a\u00f1os, murieron en el ataque en el\u00a0colegio Ayser \u00c7alik, situado en un barrio residencial de la periferia de [&hellip;]<\/p>\n","protected":false},"author":3,"featured_media":144608,"comment_status":"open","ping_status":"open","sticky":false,"template":"","format":"standard","meta":{"_jetpack_newsletter_access":"","_jetpack_dont_email_post_to_subs":false,"_jetpack_newsletter_tier_id":0,"_jetpack_memberships_contains_paywalled_content":false,"_jetpack_feature_clip_id":0,"_jetpack_memberships_contains_paid_content":false,"footnotes":"","jetpack_publicize_message":"","jetpack_publicize_feature_enabled":true,"jetpack_social_post_already_shared":true,"jetpack_social_options":{"image_generator_settings":{"template":"highway","default_image_id":0,"font":"","enabled":false},"version":2},"jetpack_post_was_ever_published":false},"categories":[89],"tags":[],"class_list":["post-144603","post","type-post","status-publish","format-standard","has-post-thumbnail","hentry","category-internacional","post--single"],"jetpack_publicize_connections":[],"jetpack_featured_media_url":"https:\/\/ovelanalista.com\/wp-content\/uploads\/2026\/04\/turquia-colegio-tiroteo-cuatro-muertos.jpg","jetpack_sharing_enabled":true,"_links":{"self":[{"href":"https:\/\/ovelanalista.com\/index.php?rest_route=\/wp\/v2\/posts\/144603","targetHints":{"allow":["GET"]}}],"collection":[{"href":"https:\/\/ovelanalista.com\/index.php?rest_route=\/wp\/v2\/posts"}],"about":[{"href":"https:\/\/ovelanalista.com\/index.php?rest_route=\/wp\/v2\/types\/post"}],"author":[{"embeddable":true,"href":"https:\/\/ovelanalista.com\/index.php?rest_route=\/wp\/v2\/users\/3"}],"replies":[{"embeddable":true,"href":"https:\/\/ovelanalista.com\/index.php?rest_route=%2Fwp%2Fv2%2Fcomments&post=144603"}],"version-history":[{"count":1,"href":"https:\/\/ovelanalista.com\/index.php?rest_route=\/wp\/v2\/posts\/144603\/revisions"}],"predecessor-version":[{"id":144609,"href":"https:\/\/ovelanalista.com\/index.php?rest_route=\/wp\/v2\/posts\/144603\/revisions\/144609"}],"wp:featuredmedia":[{"embeddable":true,"href":"https:\/\/ovelanalista.com\/index.php?rest_route=\/wp\/v2\/media\/144608"}],"wp:attachment":[{"href":"https:\/\/ovelanalista.com\/index.php?rest_route=%2Fwp%2Fv2%2Fmedia&parent=144603"}],"wp:term":[{"taxonomy":"category","embeddable":true,"href":"https:\/\/ovelanalista.com\/index.php?rest_route=%2Fwp%2Fv2%2Fcategories&post=144603"},{"taxonomy":"post_tag","embeddable":true,"href":"https:\/\/ovelanalista.com\/index.php?rest_route=%2Fwp%2Fv2%2Ftags&post=144603"}],"curies":[{"name":"wp","href":"https:\/\/api.w.org\/{rel}","templated":true}]}}