{"id":144616,"date":"2026-04-15T15:00:08","date_gmt":"2026-04-15T22:00:08","guid":{"rendered":"https:\/\/ovelanalista.com\/?p=144616"},"modified":"2026-04-15T09:42:39","modified_gmt":"2026-04-15T16:42:39","slug":"descartan-agricultura-y-profeco-alza-en-precio-de-la-tortilla","status":"publish","type":"post","link":"https:\/\/ovelanalista.com\/?p=144616","title":{"rendered":"Descartan Agricultura y Profeco alza en precio de la tortilla"},"content":{"rendered":"<p>Ante versiones difundidas sobre un posible incremento en el precio de la tortilla, ambas dependencias se\u00f1alaron que la informaci\u00f3n carece de sustento y llamaron a evitar incrementos injustificados.<\/p>\n<p>La\u00a0<strong>Secretar\u00eda de Agricultura y Desarrollo Rural<\/strong>\u00a0y la\u00a0<strong>Procuradur\u00eda Federal del Consumidor<\/strong>\u00a0(<strong>Profeco<\/strong>) informaron que no existe un\u00a0<strong>aumento en el costo del ma\u00edz<\/strong>\u00a0en grano ni de la harina que\u00a0<strong>justifique un alza en el precio de la tortilla<\/strong>.<\/p>\n<p>Ante versiones difundidas sobre un\u00a0<strong>posible incremento en este producto b\u00e1sico<\/strong>, ambas dependencias se\u00f1alaron que la informaci\u00f3n\u00a0<strong>carece de sustento<\/strong>\u00a0y llamaron a evitar\u00a0<strong>incrementos injustificados<\/strong>\u00a0que afecten a las\u00a0<strong>familias mexicanas<\/strong>.<\/p>\n<p>El\u00a0<strong>gobierno de M\u00e9xico<\/strong>\u00a0indic\u00f3 que la\u00a0<strong>mayor\u00eda de las asociaciones de la industria de la masa y la tortilla<\/strong>, as\u00ed como\u00a0<strong>empresas harineras<\/strong>, mantienen su compromiso de estabilidad de precios a trav\u00e9s del\u00a0<strong>Acuerdo Nacional Ma\u00edz-Tortilla<\/strong>.<\/p>\n<p><img decoding=\"async\" src=\"https:\/\/lopezdoriga.com\/wp-content\/uploads\/2022\/04\/tortillas-tortilla-maiz-1024x683.jpg\" alt=\"Descartan Agricultura y Profeco alza en precio de la tortilla - tortillas-tortilla-maiz-1024x683\" \/><\/p>\n<p>En este sentido, la\u00a0<strong>C\u00e1mara Nacional del Ma\u00edz Industrializado<\/strong>\u00a0y la\u00a0<strong>Uni\u00f3n Nacional de Industriales de la Masa y la Tortilla<\/strong>\u00a0ratificaron su disposici\u00f3n para garantizar una producci\u00f3n y distribuci\u00f3n eficiente que contribuya a mantener el precio.<\/p>\n<div id=\"standard_4\" class=\"st-placement standard_4 inArticle\">\n<div class=\"st-adunit-inarticle st-inarticle-slot\">\n<div class=\"st-adunit st-adunit-tagged st-reset st-show\">\n<div class=\"st-adunit-ad st-reset\">\n<div class=\"st-canvas st-reset full-responsive\">\n<p>Las autoridades destacaron que este acuerdo contempla medidas como el acceso a ma\u00edz y harina a precios preferenciales, financiamiento en condiciones favorables y acciones orientadas a reducir costos en la cadena productiva.<\/p>\n<p>Asimismo, la\u00a0<strong>Profeco<\/strong>\u00a0inform\u00f3 que mantiene un monitoreo permanente en m\u00e1s de 600 tortiller\u00edas del pa\u00eds mediante el programa \u201c<strong>Qui\u00e9n es Qui\u00e9n en los Precios<\/strong>\u201d, adem\u00e1s de realizar verificaciones para garantizar que se entreguen kilos completos a los consumidores.<\/p>\n<\/div>\n<div class=\"ad-container dfp-ad-unit ad-inread ad-slot\" data-ad-type=\"inreadbox\" data-slot=\"inread-multiple\" data-ad-loaded=\"1\" data-ad-setup=\"{&quot;postID&quot;:1779149,&quot;canRefresh&quot;:false,&quot;infinitescroll&quot;:false}\" data-google-query-id=\"COrwjaKm8JMDFfRYCAQd5WcCHg\">\n<p>Las dependencias reiteraron su compromiso de trabajar con los distintos actores de la cadena ma\u00edz-tortilla para asegurar el abasto, precios justos y fortalecer la soberan\u00eda alimentaria en el pa\u00eds.<\/p>\n<p>Con informaci\u00f3n de L\u00f3pez-D\u00f3riga Digital<\/p>\n<\/div>\n<\/div>\n<\/div>\n<\/div>\n<\/div>\n","protected":false},"excerpt":{"rendered":"<p>Ante versiones difundidas sobre un posible incremento en el precio de la tortilla, ambas dependencias se\u00f1alaron que la informaci\u00f3n carece de sustento y llamaron a evitar incrementos injustificados. La\u00a0Secretar\u00eda de Agricultura y Desarrollo Rural\u00a0y la\u00a0Procuradur\u00eda Federal del Consumidor\u00a0(Profeco) informaron que no existe un\u00a0aumento en el costo del ma\u00edz\u00a0en grano ni de la harina que\u00a0justifique un alza en el precio de la tortilla. Ante versiones difundidas sobre un\u00a0posible incremento en este producto b\u00e1sico, ambas dependencias se\u00f1alaron que la informaci\u00f3n\u00a0carece de sustento\u00a0y llamaron a evitar\u00a0incrementos injustificados\u00a0que afecten a las\u00a0familias mexicanas. El\u00a0gobierno de M\u00e9xico\u00a0indic\u00f3 que la\u00a0mayor\u00eda de las asociaciones de la industria de [&hellip;]<\/p>\n","protected":false},"author":3,"featured_media":144617,"comment_status":"open","ping_status":"open","sticky":false,"template":"","format":"standard","meta":{"_jetpack_newsletter_access":"","_jetpack_dont_email_post_to_subs":false,"_jetpack_newsletter_tier_id":0,"_jetpack_memberships_contains_paywalled_content":false,"_jetpack_feature_clip_id":0,"_jetpack_memberships_contains_paid_content":false,"footnotes":"","jetpack_publicize_message":"","jetpack_publicize_feature_enabled":true,"jetpack_social_post_already_shared":true,"jetpack_social_options":{"image_generator_settings":{"template":"highway","default_image_id":0,"font":"","enabled":false},"version":2},"jetpack_post_was_ever_published":false},"categories":[75],"tags":[],"class_list":["post-144616","post","type-post","status-publish","format-standard","has-post-thumbnail","hentry","category-nacional","post--single"],"jetpack_publicize_connections":[],"jetpack_featured_media_url":"https:\/\/ovelanalista.com\/wp-content\/uploads\/2026\/04\/tortilla-tortilleria.jpg","jetpack_sharing_enabled":true,"_links":{"self":[{"href":"https:\/\/ovelanalista.com\/index.php?rest_route=\/wp\/v2\/posts\/144616","targetHints":{"allow":["GET"]}}],"collection":[{"href":"https:\/\/ovelanalista.com\/index.php?rest_route=\/wp\/v2\/posts"}],"about":[{"href":"https:\/\/ovelanalista.com\/index.php?rest_route=\/wp\/v2\/types\/post"}],"author":[{"embeddable":true,"href":"https:\/\/ovelanalista.com\/index.php?rest_route=\/wp\/v2\/users\/3"}],"replies":[{"embeddable":true,"href":"https:\/\/ovelanalista.com\/index.php?rest_route=%2Fwp%2Fv2%2Fcomments&post=144616"}],"version-history":[{"count":1,"href":"https:\/\/ovelanalista.com\/index.php?rest_route=\/wp\/v2\/posts\/144616\/revisions"}],"predecessor-version":[{"id":144618,"href":"https:\/\/ovelanalista.com\/index.php?rest_route=\/wp\/v2\/posts\/144616\/revisions\/144618"}],"wp:featuredmedia":[{"embeddable":true,"href":"https:\/\/ovelanalista.com\/index.php?rest_route=\/wp\/v2\/media\/144617"}],"wp:attachment":[{"href":"https:\/\/ovelanalista.com\/index.php?rest_route=%2Fwp%2Fv2%2Fmedia&parent=144616"}],"wp:term":[{"taxonomy":"category","embeddable":true,"href":"https:\/\/ovelanalista.com\/index.php?rest_route=%2Fwp%2Fv2%2Fcategories&post=144616"},{"taxonomy":"post_tag","embeddable":true,"href":"https:\/\/ovelanalista.com\/index.php?rest_route=%2Fwp%2Fv2%2Ftags&post=144616"}],"curies":[{"name":"wp","href":"https:\/\/api.w.org\/{rel}","templated":true}]}}