{"id":144620,"date":"2026-04-15T12:13:53","date_gmt":"2026-04-15T19:13:53","guid":{"rendered":"https:\/\/ovelanalista.com\/?p=144620"},"modified":"2026-04-15T12:13:53","modified_gmt":"2026-04-15T19:13:53","slug":"diputado-mario-zamora-exige-freno-a-aumento-en-casetas-de-sinaloa-lo-califica-como-abuso","status":"publish","type":"post","link":"https:\/\/ovelanalista.com\/?p=144620","title":{"rendered":"Diputado Mario Zamora exige freno a aumento en casetas de Sinaloa; lo califica como \u201cabuso\u201d"},"content":{"rendered":"\n<p class=\"wp-block-paragraph\"><\/p>\n\n\n\n<p class=\"wp-block-paragraph\">Ciudad de M\u00e9xico.\u2013 Ante el reciente incremento en las tarifas de peaje en diversas autopistas de Sinaloa, el diputado federal Mario Zamora Gast\u00e9lum alz\u00f3 la voz desde la C\u00e1mara de Diputados para exigir un alto a lo que calific\u00f3 como un abuso contra la econom\u00eda de las familias sinaloenses, transportistas y productores agr\u00edcolas.<\/p>\n\n\n\n<p class=\"wp-block-paragraph\">Desde tribuna, el legislador anunci\u00f3 la presentaci\u00f3n de un punto de acuerdo para que se informe de manera clara cu\u00e1les son los criterios y motivos detr\u00e1s del incremento en las casetas, se\u00f1alando que la medida resulta injustificada ante las condiciones actuales de las carreteras.<\/p>\n\n\n\n<p class=\"wp-block-paragraph\">\u201cY de la nada, suben las casetas nada m\u00e1s porque s\u00ed. Estoy proponiendo un punto de acuerdo para que nos informen cu\u00e1les son los criterios, cu\u00e1les son los motivos. Es incre\u00edble que, con carreteras en condiciones casi intransitables, ahora anuncien otro aumento\u201d, expres\u00f3.<\/p>\n\n\n\n<p class=\"wp-block-paragraph\">El diputado subray\u00f3 que, adem\u00e1s del alto costo, las autopistas presentan deterioro evidente, lo que agrava el impacto econ\u00f3mico para quienes dependen diariamente de estas v\u00edas.<\/p>\n\n\n\n<p class=\"wp-block-paragraph\">\u201cHoy, desde el Congreso, levantamos la voz por todos los sinaloenses que usan estas rutas a diario. No solo est\u00e1n caras, est\u00e1n en mal estado y, para colmo, son recursos que se van a empresas particulares y no se ven reflejados en nuestro estado\u201d, a\u00f1adi\u00f3.<\/p>\n\n\n\n<p class=\"wp-block-paragraph\">Zamora Gast\u00e9lum advirti\u00f3 que Sinaloa atraviesa momentos complejos en su econom\u00eda local, particularmente en el sector agropecuario, por lo que incrementar los costos de movilidad sin sensibilidad ni di\u00e1logo previo representa un golpe directo a la productividad del estado.<\/p>\n\n\n\n<p class=\"wp-block-paragraph\">Finalmente, hizo un llamado a las autoridades correspondientes para transparentar el uso de los recursos y reconsiderar el aumento, priorizando las condiciones de las v\u00edas y el bienestar de la ciudadan\u00eda.<\/p>\n","protected":false},"excerpt":{"rendered":"<p>Ciudad de M\u00e9xico.\u2013 Ante el reciente incremento en las tarifas de peaje en diversas autopistas de Sinaloa, el diputado federal Mario Zamora Gast\u00e9lum alz\u00f3 la voz desde la C\u00e1mara de Diputados para exigir un alto a lo que calific\u00f3 como un abuso contra la econom\u00eda de las familias sinaloenses, transportistas y productores agr\u00edcolas. Desde tribuna, el legislador anunci\u00f3 la presentaci\u00f3n de un punto de acuerdo para que se informe de manera clara cu\u00e1les son los criterios y motivos detr\u00e1s del incremento en las casetas, se\u00f1alando que la medida resulta injustificada ante las condiciones actuales de las carreteras. \u201cY de la [&hellip;]<\/p>\n","protected":false},"author":3,"featured_media":144619,"comment_status":"closed","ping_status":"open","sticky":false,"template":"","format":"standard","meta":{"_jetpack_newsletter_access":"","_jetpack_dont_email_post_to_subs":false,"_jetpack_newsletter_tier_id":0,"_jetpack_memberships_contains_paywalled_content":false,"_jetpack_feature_clip_id":0,"_jetpack_memberships_contains_paid_content":false,"footnotes":"","jetpack_publicize_message":"Diputado Mario Zamora exige freno a aumento en casetas de Sinaloa; lo califica como \u201cabuso\u201d","jetpack_publicize_feature_enabled":true,"jetpack_social_post_already_shared":true,"jetpack_social_options":{"image_generator_settings":{"template":"highway","default_image_id":0,"font":"","enabled":false},"version":2},"jetpack_post_was_ever_published":false},"categories":[90,75,72],"tags":[],"class_list":["post-144620","post","type-post","status-publish","format-standard","has-post-thumbnail","hentry","category-estatal","category-nacional","category-portada","post--single"],"jetpack_publicize_connections":[],"jetpack_featured_media_url":"https:\/\/ovelanalista.com\/wp-content\/uploads\/2026\/04\/68abeec8-0f3b-43eb-b1e3-fa853f2aa6a4.jpg","jetpack_sharing_enabled":true,"_links":{"self":[{"href":"https:\/\/ovelanalista.com\/index.php?rest_route=\/wp\/v2\/posts\/144620","targetHints":{"allow":["GET"]}}],"collection":[{"href":"https:\/\/ovelanalista.com\/index.php?rest_route=\/wp\/v2\/posts"}],"about":[{"href":"https:\/\/ovelanalista.com\/index.php?rest_route=\/wp\/v2\/types\/post"}],"author":[{"embeddable":true,"href":"https:\/\/ovelanalista.com\/index.php?rest_route=\/wp\/v2\/users\/3"}],"replies":[{"embeddable":true,"href":"https:\/\/ovelanalista.com\/index.php?rest_route=%2Fwp%2Fv2%2Fcomments&post=144620"}],"version-history":[{"count":1,"href":"https:\/\/ovelanalista.com\/index.php?rest_route=\/wp\/v2\/posts\/144620\/revisions"}],"predecessor-version":[{"id":144621,"href":"https:\/\/ovelanalista.com\/index.php?rest_route=\/wp\/v2\/posts\/144620\/revisions\/144621"}],"wp:featuredmedia":[{"embeddable":true,"href":"https:\/\/ovelanalista.com\/index.php?rest_route=\/wp\/v2\/media\/144619"}],"wp:attachment":[{"href":"https:\/\/ovelanalista.com\/index.php?rest_route=%2Fwp%2Fv2%2Fmedia&parent=144620"}],"wp:term":[{"taxonomy":"category","embeddable":true,"href":"https:\/\/ovelanalista.com\/index.php?rest_route=%2Fwp%2Fv2%2Fcategories&post=144620"},{"taxonomy":"post_tag","embeddable":true,"href":"https:\/\/ovelanalista.com\/index.php?rest_route=%2Fwp%2Fv2%2Ftags&post=144620"}],"curies":[{"name":"wp","href":"https:\/\/api.w.org\/{rel}","templated":true}]}}