{"id":144622,"date":"2026-04-15T18:30:58","date_gmt":"2026-04-16T01:30:58","guid":{"rendered":"https:\/\/ovelanalista.com\/?p=144622"},"modified":"2026-04-15T17:06:33","modified_gmt":"2026-04-16T00:06:33","slug":"senado-aprueba-reforma-constitucional-para-expedir-ley-general-contra-el-feminicidio","status":"publish","type":"post","link":"https:\/\/ovelanalista.com\/?p=144622","title":{"rendered":"Senado aprueba reforma constitucional para expedir ley general contra el feminicidio"},"content":{"rendered":"<p>El cambio constitucional obliga a crear una legislaci\u00f3n nacional con perspectiva de g\u00e9nero y criterios uniformes en todos los estados.<\/p>\n<div>\n<p>El Senado de la Rep\u00fablica aprob\u00f3 por unanimidad el martes una\u00a0<strong>reforma constitucional para fortalecer el combate al feminicidio en M\u00e9xico<\/strong>, al facultar al Congreso de la Uni\u00f3n para\u00a0<strong>expedir una ley general<\/strong>\u00a0en la materia.<\/p>\n<\/div>\n<div>\n<p>Con 109 votos a favor, el Pleno aval\u00f3\u00a0<strong>modificaciones al art\u00edculo 73 de la Constituci\u00f3n,<\/strong>\u00a0con lo que se busca establecer una legislaci\u00f3n que\u00a0<strong>defina un tipo penal homog\u00e9neo,<\/strong>\u00a0as\u00ed como\u00a0<strong>sanciones y criterios de investigaci\u00f3n aplicables en todo el pa\u00eds.<\/strong>\u00a0La minuta fue enviada a la C\u00e1mara de Diputados para su an\u00e1lisis y eventual aprobaci\u00f3n.<\/p>\n<\/div>\n<div>\n<p>De acuerdo con el dictamen, derivado de una iniciativa de la presidenta Claudia Sheinbaum, la futura ley permitir\u00e1 articular acciones entre los distintos niveles de gobierno para garantizar el acceso de mujeres y ni\u00f1as a una vida libre de violencia, adem\u00e1s de fortalecer las capacidades del Estado para\u00a0<strong>prevenir, investigar, sancionar y erradicar estos delitos.<\/strong>\u00a0El documento precisa que la reforma\u00a0<strong>no implica impacto presupuestario adicional.<\/strong><\/p>\n<div>\n<p>Actualmente, el feminicidio est\u00e1<strong>\u00a0tipificado de manera distinta en las legislaciones estatales<\/strong>, lo que, de acuerdo con el dictamen, dificulta una respuesta uniforme.<\/p>\n<\/div>\n<div>\n<p>Ante ello, la reforma plantea establecer\u00a0<strong>bases homog\u00e9neas para su tipificaci\u00f3n, investigaci\u00f3n y sanci\u00f3n,<\/strong>\u00a0as\u00ed como homologar est\u00e1ndares con perspectiva de g\u00e9nero y reforzar la coordinaci\u00f3n entre la Federaci\u00f3n y las entidades.<\/p>\n<\/div>\n<div>\n<div id=\"attachment_1426756\" class=\"wp-caption aligncenter\">\n<div id=\"standard_6\" class=\"st-placement standard_6 inImage\">\n<div class=\"st-adunit st-adunit-tagged st-reset st-show\">\n<div class=\"st-adunit-ad st-reset\">\n<div class=\"st-display-render st-reset open 728x90\">\n<div class=\"st-canvas st-reset horizontal-static\">\n<div class=\"x-to-close st-reset\"><\/div>\n<\/div>\n<\/div>\n<\/div>\n<\/div>\n<\/div>\n<p><a><img loading=\"lazy\" decoding=\"async\" class=\"wp-image-1426756 size-large\" src=\"https:\/\/editorial.aristeguinoticias.com\/wp-content\/uploads\/2024\/10\/feminicidios-15102024--700x438.jpeg\" sizes=\"auto, (max-width: 700px) 100vw, 700px\" srcset=\"https:\/\/editorial.aristeguinoticias.com\/wp-content\/uploads\/2024\/10\/feminicidios-15102024--700x438.jpeg 700w, https:\/\/editorial.aristeguinoticias.com\/wp-content\/uploads\/2024\/10\/feminicidios-15102024--250x156.jpeg 250w, https:\/\/editorial.aristeguinoticias.com\/wp-content\/uploads\/2024\/10\/feminicidios-15102024--768x480.jpeg 768w, https:\/\/editorial.aristeguinoticias.com\/wp-content\/uploads\/2024\/10\/feminicidios-15102024--628x393.jpeg 628w, https:\/\/editorial.aristeguinoticias.com\/wp-content\/uploads\/2024\/10\/feminicidios-15102024--298x186.jpeg 298w, https:\/\/editorial.aristeguinoticias.com\/wp-content\/uploads\/2024\/10\/feminicidios-15102024--295x184.jpeg 295w, https:\/\/editorial.aristeguinoticias.com\/wp-content\/uploads\/2024\/10\/feminicidios-15102024--205x128.jpeg 205w, https:\/\/editorial.aristeguinoticias.com\/wp-content\/uploads\/2024\/10\/feminicidios-15102024--720x450.jpeg 720w, https:\/\/editorial.aristeguinoticias.com\/wp-content\/uploads\/2024\/10\/feminicidios-15102024--333x208.jpeg 333w, https:\/\/editorial.aristeguinoticias.com\/wp-content\/uploads\/2024\/10\/feminicidios-15102024--120x75.jpeg 120w, https:\/\/editorial.aristeguinoticias.com\/wp-content\/uploads\/2024\/10\/feminicidios-15102024-.jpeg 1200w\" alt=\"\" width=\"700\" height=\"438\" aria-describedby=\"caption-attachment-1426756\" \/><\/a><\/p>\n<p id=\"caption-attachment-1426756\" class=\"wp-caption-text\">Foto: Archivo Cuartoscuro<\/p>\n<\/div>\n<div>\n<p>Tambi\u00e9n incluye medidas para g<strong>arantizar el acceso a la justicia y la reparaci\u00f3n del da\u00f1o a las v\u00edctimas<\/strong>, as\u00ed como la protecci\u00f3n de ni\u00f1as, ni\u00f1os y adolescentes que quedan en orfandad por feminicidio. Este grupo, se\u00f1ala el dictamen, enfrenta afectaciones \u201cemocionales, sociales y econ\u00f3micas\u201d que requieren atenci\u00f3n integral, incluyendo servicios de salud, apoyo psicol\u00f3gico y acceso a la educaci\u00f3n.<\/p>\n<\/div>\n<div>\n<p>Durante la discusi\u00f3n, el presidente de la Comisi\u00f3n de Puntos Constitucionales, el morenista \u00d3scar Cant\u00f3n Zetina, afirm\u00f3 que se trata de una reforma de gran relevancia: \u201cNo se habla s\u00f3lo de leyes, sino de mujeres, ni\u00f1as, madres, hijas, de familias que viven con una silla vac\u00eda y de un Estado que ya no puede fallar\u201d. A\u00f1adi\u00f3 que<strong>\u00a0el 90 % de los feminicidios en M\u00e9xico son cometidos por personas cercanas a las v\u00edctimas,<\/strong>\u00a0como parejas, exparejas o familiares.<\/p>\n<\/div>\n<div>\n<p>En el mismo sentido, el presidente de la Comisi\u00f3n de Estudios Legislativos, el tambi\u00e9n morenista Enrique Inzunza, se\u00f1al\u00f3 que el cambio constitucional responde a la necesidad de una acci\u00f3n coordinada frente al delito: \u201cNo es una reforma m\u00e1s ni un cambio menor,\u00a0<strong>sino una decisi\u00f3n de Estado necesaria\u201d.<\/strong><\/p>\n<div>\n<p>Senadoras y senadores de distintos grupos parlamentarios coincidieron en respaldar la reforma, aunque con distintos matices. Martha Luc\u00eda Micher, de Morena, sostuvo que<strong>\u00a0el feminicidio \u201cno admite demoras\u201d<\/strong> y lo calific\u00f3 como una grave violaci\u00f3n a los derechos humanos.<\/p>\n<\/div>\n<div>\n<p><a><img loading=\"lazy\" decoding=\"async\" class=\"aligncenter wp-image-1440541 size-large\" src=\"https:\/\/editorial.aristeguinoticias.com\/wp-content\/uploads\/2024\/12\/violencia-abuso-maltrato-tortura-genero-infantil-agresion-171224-2-700x438.jpg\" sizes=\"auto, (max-width: 700px) 100vw, 700px\" srcset=\"https:\/\/editorial.aristeguinoticias.com\/wp-content\/uploads\/2024\/12\/violencia-abuso-maltrato-tortura-genero-infantil-agresion-171224-2-700x438.jpg 700w, https:\/\/editorial.aristeguinoticias.com\/wp-content\/uploads\/2024\/12\/violencia-abuso-maltrato-tortura-genero-infantil-agresion-171224-2-250x156.jpg 250w, https:\/\/editorial.aristeguinoticias.com\/wp-content\/uploads\/2024\/12\/violencia-abuso-maltrato-tortura-genero-infantil-agresion-171224-2-768x480.jpg 768w, https:\/\/editorial.aristeguinoticias.com\/wp-content\/uploads\/2024\/12\/violencia-abuso-maltrato-tortura-genero-infantil-agresion-171224-2-628x393.jpg 628w, https:\/\/editorial.aristeguinoticias.com\/wp-content\/uploads\/2024\/12\/violencia-abuso-maltrato-tortura-genero-infantil-agresion-171224-2-298x186.jpg 298w, https:\/\/editorial.aristeguinoticias.com\/wp-content\/uploads\/2024\/12\/violencia-abuso-maltrato-tortura-genero-infantil-agresion-171224-2-295x184.jpg 295w, https:\/\/editorial.aristeguinoticias.com\/wp-content\/uploads\/2024\/12\/violencia-abuso-maltrato-tortura-genero-infantil-agresion-171224-2-205x128.jpg 205w, https:\/\/editorial.aristeguinoticias.com\/wp-content\/uploads\/2024\/12\/violencia-abuso-maltrato-tortura-genero-infantil-agresion-171224-2-720x450.jpg 720w, https:\/\/editorial.aristeguinoticias.com\/wp-content\/uploads\/2024\/12\/violencia-abuso-maltrato-tortura-genero-infantil-agresion-171224-2-333x208.jpg 333w, https:\/\/editorial.aristeguinoticias.com\/wp-content\/uploads\/2024\/12\/violencia-abuso-maltrato-tortura-genero-infantil-agresion-171224-2-120x75.jpg 120w, https:\/\/editorial.aristeguinoticias.com\/wp-content\/uploads\/2024\/12\/violencia-abuso-maltrato-tortura-genero-infantil-agresion-171224-2.jpg 1200w\" alt=\"\" width=\"700\" height=\"438\" \/><\/a><\/p>\n<p>Por el PAN, Ver\u00f3nica Rodr\u00edguez Hern\u00e1ndez indic\u00f3 que su voto a favor busca fortalecer la protecci\u00f3n a las mujeres y subray\u00f3 que este delito representa\u00a0<strong>una de las expresiones m\u00e1s graves de violencia de g\u00e9nero.<\/strong><\/p>\n<div>\n<p>En tanto, la senadora del PRI, Paloma S\u00e1nchez Ramos, consider\u00f3 que la reforma obliga al Estado a actuar frente a la impunidad y advirti\u00f3 que la violencia de g\u00e9nero representa\u00a0<strong>\u201cuna deuda que el Congreso lleva a\u00f1os acumulando\u201d.<\/strong><\/p>\n<\/div>\n<div>\n<p>Por su parte, Alejandra Barrales, de Movimiento Ciudadano, reconoci\u00f3 el avance, aunque advirti\u00f3 que el problema requiere medidas adicionales:\u00a0<strong>\u201cSe requiere de acciones m\u00e1s profundas,<\/strong>\u00a0porque este problema no se va a resolver simplemente con este proyecto\u201d.<\/p>\n<\/div>\n<div>\n<p>Durante la sesi\u00f3n, una reserva presentada por la senadora priista\u00a0<strong>Mely Romero Celis<\/strong>\u00a0no fue admitida para discusi\u00f3n.<\/p>\n<p>Con informaci\u00f3n de Aristegui Noticias<\/p>\n<\/div>\n<\/div>\n<\/div>\n<\/div>\n<\/div>\n","protected":false},"excerpt":{"rendered":"<p>El cambio constitucional obliga a crear una legislaci\u00f3n nacional con perspectiva de g\u00e9nero y criterios uniformes en todos los estados. El Senado de la Rep\u00fablica aprob\u00f3 por unanimidad el martes una\u00a0reforma constitucional para fortalecer el combate al feminicidio en M\u00e9xico, al facultar al Congreso de la Uni\u00f3n para\u00a0expedir una ley general\u00a0en la materia. Con 109 votos a favor, el Pleno aval\u00f3\u00a0modificaciones al art\u00edculo 73 de la Constituci\u00f3n,\u00a0con lo que se busca establecer una legislaci\u00f3n que\u00a0defina un tipo penal homog\u00e9neo,\u00a0as\u00ed como\u00a0sanciones y criterios de investigaci\u00f3n aplicables en todo el pa\u00eds.\u00a0La minuta fue enviada a la C\u00e1mara de Diputados para su an\u00e1lisis [&hellip;]<\/p>\n","protected":false},"author":3,"featured_media":144633,"comment_status":"open","ping_status":"open","sticky":false,"template":"","format":"standard","meta":{"_jetpack_newsletter_access":"","_jetpack_dont_email_post_to_subs":false,"_jetpack_newsletter_tier_id":0,"_jetpack_memberships_contains_paywalled_content":false,"_jetpack_feature_clip_id":0,"_jetpack_memberships_contains_paid_content":false,"footnotes":"","jetpack_publicize_message":"","jetpack_publicize_feature_enabled":true,"jetpack_social_post_already_shared":true,"jetpack_social_options":{"image_generator_settings":{"template":"highway","default_image_id":0,"font":"","enabled":false},"version":2},"jetpack_post_was_ever_published":false},"categories":[75],"tags":[],"class_list":["post-144622","post","type-post","status-publish","format-standard","has-post-thumbnail","hentry","category-nacional","post--single"],"jetpack_publicize_connections":[],"jetpack_featured_media_url":"https:\/\/ovelanalista.com\/wp-content\/uploads\/2026\/04\/senado-republica-generica-cuartoscuro-1-26032025.jpg","jetpack_sharing_enabled":true,"_links":{"self":[{"href":"https:\/\/ovelanalista.com\/index.php?rest_route=\/wp\/v2\/posts\/144622","targetHints":{"allow":["GET"]}}],"collection":[{"href":"https:\/\/ovelanalista.com\/index.php?rest_route=\/wp\/v2\/posts"}],"about":[{"href":"https:\/\/ovelanalista.com\/index.php?rest_route=\/wp\/v2\/types\/post"}],"author":[{"embeddable":true,"href":"https:\/\/ovelanalista.com\/index.php?rest_route=\/wp\/v2\/users\/3"}],"replies":[{"embeddable":true,"href":"https:\/\/ovelanalista.com\/index.php?rest_route=%2Fwp%2Fv2%2Fcomments&post=144622"}],"version-history":[{"count":1,"href":"https:\/\/ovelanalista.com\/index.php?rest_route=\/wp\/v2\/posts\/144622\/revisions"}],"predecessor-version":[{"id":144634,"href":"https:\/\/ovelanalista.com\/index.php?rest_route=\/wp\/v2\/posts\/144622\/revisions\/144634"}],"wp:featuredmedia":[{"embeddable":true,"href":"https:\/\/ovelanalista.com\/index.php?rest_route=\/wp\/v2\/media\/144633"}],"wp:attachment":[{"href":"https:\/\/ovelanalista.com\/index.php?rest_route=%2Fwp%2Fv2%2Fmedia&parent=144622"}],"wp:term":[{"taxonomy":"category","embeddable":true,"href":"https:\/\/ovelanalista.com\/index.php?rest_route=%2Fwp%2Fv2%2Fcategories&post=144622"},{"taxonomy":"post_tag","embeddable":true,"href":"https:\/\/ovelanalista.com\/index.php?rest_route=%2Fwp%2Fv2%2Ftags&post=144622"}],"curies":[{"name":"wp","href":"https:\/\/api.w.org\/{rel}","templated":true}]}}