{"id":144625,"date":"2026-04-15T17:30:36","date_gmt":"2026-04-16T00:30:36","guid":{"rendered":"https:\/\/ovelanalista.com\/?p=144625"},"modified":"2026-04-15T17:00:05","modified_gmt":"2026-04-16T00:00:05","slug":"sheinbaum-repite-en-las-100-personas-mas-influyentes-de-time-junto-a-trump-xi-y-netanyahu","status":"publish","type":"post","link":"https:\/\/ovelanalista.com\/?p=144625","title":{"rendered":"Sheinbaum repite en las 100 personas m\u00e1s influyentes de Time, junto a Trump, Xi y Netanyahu"},"content":{"rendered":"<p>La categor\u00eda de L\u00edderes de este a\u00f1o refleja, seg\u00fan la publicaci\u00f3n, &#8220;un escenario global marcado por la rivalidad entre potencias, la reconfiguraci\u00f3n de alianzas internacionales y la creciente concentraci\u00f3n de poder en figuras cuya influencia trasciende sus fronteras y redefine el equilibrio pol\u00edtico mundial&#8221;.<\/p>\n<div class=\"row d-flex justify-content-center align-items-center\">\n<address>\n<div>\n<p>La\u00a0<strong>revista<\/strong>\u00a0<em><strong>Time<\/strong><\/em>\u00a0destac\u00f3 este mi\u00e9rcoles a la presidenta de M\u00e9xico,\u00a0<strong>Claudia Sheinbaum<\/strong>, como\u00a0<strong>una de las 100 personas m\u00e1s influyentes del a\u00f1o<\/strong>, una lista en la que es la\u00a0<strong>\u00fanica mandataria latinoamericana<\/strong>\u00a0y comparte la categor\u00eda de\u00a0<strong>\u2018L\u00edderes\u2019<\/strong>\u00a0junto a su hom\u00f3logo estadounidense,\u00a0<strong>Donald Trump<\/strong>.<\/p>\n<\/div>\n<div>\n<p>La publicaci\u00f3n destaca que Sheinbaum es\u00a0<strong>\u201cuna de los l\u00edderes m\u00e1s populares de la regi\u00f3n\u201d<\/strong>, y ha ofrecido \u201cuna lecci\u00f3n de diplomacia\u201d tras empezar su primer a\u00f1o en el cargo, desde octubre de 2024, con\u00a0<strong>\u201cpresi\u00f3n de todos los lados\u201d<\/strong>, incluyendo las \u201camenazas\u201d de Trump de imponer aranceles a M\u00e9xico y bombardear territorio mexicano.<\/p>\n<\/div>\n<div>\n<p>Su perfil,\u00a0<strong>escrito por el periodista Ioan Grillo<\/strong>, tambi\u00e9n resalta que la gobernante mexicana ha afrontado a los \u201cviolentos g\u00e1nsteres\u201d que trafican fentanilo y migrantes en la frontera, adem\u00e1s de afrontar a los cr\u00edticos en M\u00e9xico que argumentaban que la \u201copacar\u00eda\u201d su antecesor,\u00a0<strong>Andr\u00e9s Manuel L\u00f3pez Obrador<\/strong>.<\/p>\n<p><img decoding=\"async\" src=\"https:\/\/editorial.aristeguinoticias.com\/wp-content\/uploads\/2026\/04\/Captura-de-pantalla-2026-04-15-a-las-10.54.30-a.m-700x538.png\" \/><\/p>\n<div>\n<p><em>\u201c<strong>Ella golpe\u00f3 duro a los carteles<\/strong>, realiz\u00f3 redadas en laboratorios, transfiri\u00f3 a sus jefes a la custodia de EE.UU. y\u00a0<strong>derrib\u00f3 al capo \u2018El Mencho\u2019<\/strong>, ayudando a evitar una intervenci\u00f3n estadounidense m\u00e1s agresiva.<\/em><\/p>\n<\/div>\n<div>\n<p><em>Ella habl\u00f3 con calma en defensa de la soberan\u00eda mexicana mientras eludi\u00f3 la confrontaci\u00f3n\u201d.<\/em><\/p>\n<div>\n<p><strong>Estas \u201cvictorias\u201d<\/strong>, argument\u00f3 la revista, \u201cla han hecho una de las l\u00edderes m\u00e1s populares en la regi\u00f3n\u201d, y\u00a0<strong>una \u201chistoria de \u00e9xito<\/strong>\u00a0por mezclar\u00a0<strong>populismo con pragmatismo<\/strong>\u201c.<\/p>\n<\/div>\n<div>\n<p>A\u00fan as\u00ed, la nota advierte de\u00a0<strong>retos como una econom\u00eda mexicana \u201clenta\u201d<\/strong>, la persistencia del crimen y la crisis de decenas de miles de desaparecidos.<\/p>\n<\/div>\n<div>\n<h2><strong>Trump, Xi, Netanyahu y Mamdani, entre los l\u00edderes m\u00e1s influyentes de 2026<\/strong><\/h2>\n<div>\n<p>El presidente estadounidense,\u00a0<strong>Donald Trump<\/strong>; su hom\u00f3logo chino,\u00a0<strong>Xi Jinping<\/strong>; el primer ministro israel\u00ed,\u00a0<strong>Benjam\u00edn Netanyahu<\/strong>, el\u00a0<strong>papa Le\u00f3n XIV<\/strong>\u00a0y el alcalde de Nueva York,\u00a0<strong>Zohran Mamdani<\/strong>, forman parte de la lista de las 100 personas m\u00e1s influyentes de 2026 de la revista Time en la categor\u00eda de L\u00edderes por<strong>\u00a0\u201csu influencia para marcar la agenda global contempor\u00e1nea\u201d<\/strong>.<\/p>\n<\/div>\n<div>\n<p>En el caso de Trump, la revista destaca\u00a0<strong>\u201csu capacidad para redefinir la pol\u00edtica estadounidense y la exterior del pa\u00eds\u201d<\/strong>\u00a0mediante \u201cuna agenda expansiva que ha alterado los equilibrios internos y ha tenido un fuerte impacto en la escena internacional\u201d.<\/p>\n<\/div>\n<div>\n<div id=\"attachment_1529063\" class=\"wp-caption aligncenter\">\n<div id=\"standard_7\" class=\"st-placement standard_7 inImage\">\n<div class=\"st-adunit st-adunit-tagged st-reset st-show\"><\/div>\n<\/div>\n<p><a><img loading=\"lazy\" decoding=\"async\" class=\"wp-image-1529063 size-large\" src=\"https:\/\/editorial.aristeguinoticias.com\/wp-content\/uploads\/2026\/04\/donald-trump-estrecho-ormuz-13042026-1-700x438.jpg\" sizes=\"auto, (max-width: 700px) 100vw, 700px\" srcset=\"https:\/\/editorial.aristeguinoticias.com\/wp-content\/uploads\/2026\/04\/donald-trump-estrecho-ormuz-13042026-1-700x438.jpg 700w, https:\/\/editorial.aristeguinoticias.com\/wp-content\/uploads\/2026\/04\/donald-trump-estrecho-ormuz-13042026-1-250x156.jpg 250w, https:\/\/editorial.aristeguinoticias.com\/wp-content\/uploads\/2026\/04\/donald-trump-estrecho-ormuz-13042026-1-768x480.jpg 768w, https:\/\/editorial.aristeguinoticias.com\/wp-content\/uploads\/2026\/04\/donald-trump-estrecho-ormuz-13042026-1-628x393.jpg 628w, https:\/\/editorial.aristeguinoticias.com\/wp-content\/uploads\/2026\/04\/donald-trump-estrecho-ormuz-13042026-1-298x186.jpg 298w, https:\/\/editorial.aristeguinoticias.com\/wp-content\/uploads\/2026\/04\/donald-trump-estrecho-ormuz-13042026-1-295x184.jpg 295w, https:\/\/editorial.aristeguinoticias.com\/wp-content\/uploads\/2026\/04\/donald-trump-estrecho-ormuz-13042026-1-205x128.jpg 205w, https:\/\/editorial.aristeguinoticias.com\/wp-content\/uploads\/2026\/04\/donald-trump-estrecho-ormuz-13042026-1-720x450.jpg 720w, https:\/\/editorial.aristeguinoticias.com\/wp-content\/uploads\/2026\/04\/donald-trump-estrecho-ormuz-13042026-1-333x208.jpg 333w, https:\/\/editorial.aristeguinoticias.com\/wp-content\/uploads\/2026\/04\/donald-trump-estrecho-ormuz-13042026-1-120x75.jpg 120w, https:\/\/editorial.aristeguinoticias.com\/wp-content\/uploads\/2026\/04\/donald-trump-estrecho-ormuz-13042026-1.jpg 1200w\" alt=\"\" width=\"700\" height=\"438\" aria-describedby=\"caption-attachment-1529063\" \/><\/a><\/p>\n<p id=\"caption-attachment-1529063\" class=\"wp-caption-text\">Donald Trump<\/p>\n<\/div>\n<div>\n<p>Sobre Xi, el editor Charlie Campbell subray\u00f3 el\u00a0<strong>refuerzo del control pol\u00edtico y econ\u00f3mico de China y \u201csu estrategia para ampliar la influencia global de Pek\u00edn\u201d<\/strong>\u00a0en un contexto de \u201ccreciente rivalidad entre potencias\u201d y de \u201ctransformaci\u00f3n del sistema internacional hacia un modelo m\u00e1s fragmentado y competitivo\u201d.<\/p>\n<\/div>\n<div>\n<p>En el perfil de Netanyahu, el polit\u00f3logo Ian Bremmer resalt\u00f3 su regreso al poder en 2022 y\u00a0<strong>su papel en la reconfiguraci\u00f3n de Oriente Medio<\/strong>, marcado por la guerra en Gaza y el aumento de las tensiones geopol\u00edticas, incluyendo la guerra con Ir\u00e1n.<\/p>\n<div>\n<p>El texto sobre el papa Le\u00f3n XIV, firmado por el director de cine Martin Scorsese,\u00a0<strong>presenta al pont\u00edfice como \u201cuna figura de renovaci\u00f3n\u201d dentro de la Iglesia cat\u00f3lica<\/strong>\u00a0y el primero norteamericano, destacando sus llamamientos a la reforma institucional y su visi\u00f3n de una Iglesia m\u00e1s abierta.<\/p>\n<\/div>\n<div>\n<p>Por su parte, la periodista Julia Terruso elige a Mamdani por\u00a0<strong>ser \u201cuna de las figuras emergentes de la pol\u00edtica estadounidense\u201d tras su ascenso a la alcald\u00eda de Nueva York<\/strong>, subrayando su capacidad para movilizar a nuevos votantes con un discurso centrado en la vivienda, el transporte p\u00fablico y los servicios esenciales, convirti\u00e9ndose as\u00ed en \u201cun referente del progresismo urbano\u201d.<\/p>\n<\/div>\n<div>\n<div id=\"attachment_1512849\" class=\"wp-caption aligncenter\">\n<div id=\"standard_8\" class=\"st-placement standard_8 inImage\">\n<div class=\"st-adunit st-adunit-tagged st-reset st-show\"><\/div>\n<\/div>\n<p><a><img loading=\"lazy\" decoding=\"async\" class=\"wp-image-1512849 size-large\" src=\"https:\/\/editorial.aristeguinoticias.com\/wp-content\/uploads\/2025\/12\/zohran-mamdani-nuevo-alcalde-nueva-york-toma-posesion-2-31122025-700x467.jpg\" sizes=\"auto, (max-width: 700px) 100vw, 700px\" srcset=\"https:\/\/editorial.aristeguinoticias.com\/wp-content\/uploads\/2025\/12\/zohran-mamdani-nuevo-alcalde-nueva-york-toma-posesion-2-31122025-700x467.jpg 700w, https:\/\/editorial.aristeguinoticias.com\/wp-content\/uploads\/2025\/12\/zohran-mamdani-nuevo-alcalde-nueva-york-toma-posesion-2-31122025-250x167.jpg 250w, https:\/\/editorial.aristeguinoticias.com\/wp-content\/uploads\/2025\/12\/zohran-mamdani-nuevo-alcalde-nueva-york-toma-posesion-2-31122025-768x512.jpg 768w, https:\/\/editorial.aristeguinoticias.com\/wp-content\/uploads\/2025\/12\/zohran-mamdani-nuevo-alcalde-nueva-york-toma-posesion-2-31122025-628x419.jpg 628w, https:\/\/editorial.aristeguinoticias.com\/wp-content\/uploads\/2025\/12\/zohran-mamdani-nuevo-alcalde-nueva-york-toma-posesion-2-31122025-298x199.jpg 298w, https:\/\/editorial.aristeguinoticias.com\/wp-content\/uploads\/2025\/12\/zohran-mamdani-nuevo-alcalde-nueva-york-toma-posesion-2-31122025-295x197.jpg 295w, https:\/\/editorial.aristeguinoticias.com\/wp-content\/uploads\/2025\/12\/zohran-mamdani-nuevo-alcalde-nueva-york-toma-posesion-2-31122025-205x137.jpg 205w, https:\/\/editorial.aristeguinoticias.com\/wp-content\/uploads\/2025\/12\/zohran-mamdani-nuevo-alcalde-nueva-york-toma-posesion-2-31122025-1536x1024.jpg 1536w, https:\/\/editorial.aristeguinoticias.com\/wp-content\/uploads\/2025\/12\/zohran-mamdani-nuevo-alcalde-nueva-york-toma-posesion-2-31122025-2048x1366.jpg 2048w, https:\/\/editorial.aristeguinoticias.com\/wp-content\/uploads\/2025\/12\/zohran-mamdani-nuevo-alcalde-nueva-york-toma-posesion-2-31122025-120x80.jpg 120w\" alt=\"\" width=\"700\" height=\"467\" aria-describedby=\"caption-attachment-1512849\" \/><\/a><\/p>\n<p id=\"caption-attachment-1512849\" class=\"wp-caption-text\">Zohran Mamdani<\/p>\n<\/div>\n<\/div>\n<div>\n<p>La lista incluye tambi\u00e9n al exsenador y secretario de Estado\u00a0<strong>Marco Rubio<\/strong>\u00a0y al gobernador de California,\u00a0<strong>Gavin Newsom<\/strong>, ambos se\u00f1alados como \u201cpiezas clave en la pol\u00edtica estadounidense actual\u201d y posibles futuros presidentes, seg\u00fan la revista.<\/p>\n<\/div>\n<div>\n<p>En el \u00e1mbito internacional, la economista Christine Lagarde firma el perfil del primer ministro canadiense,\u00a0<strong>Mark Carney<\/strong>, al que define como una \u201cfigura central en la arquitectura financiera global\u201d desde la crisis de 2008, mientras que la pol\u00edtica Yuriko Koike destaca a la primera ministra japonesa,\u00a0<strong>Sanae Takaichi<\/strong>, como \u201cs\u00edmbolo de un avance hist\u00f3rico en la representaci\u00f3n femenina dentro de la pol\u00edtica nipona\u201d.<\/p>\n<\/div>\n<div>\n<p>Asimismo, la revista incluye al director del\u00a0<strong>Organismo Internacional de Energ\u00eda At\u00f3mica<\/strong>\u00a0(OIEA), el argentino\u00a0<strong>Rafael Grossi<\/strong>, uno de los candidatos a hacerse con la secretar\u00eda general de Naciones Unidas a finales de este a\u00f1o, por \u201csu papel en la gesti\u00f3n de crisis nucleares recientes y su relevancia en la diplomacia multilateral\u201d.<\/p>\n<\/div>\n<div>\n<p>La categor\u00eda de L\u00edderes de este a\u00f1o refleja, seg\u00fan la publicaci\u00f3n, \u201c<strong>un escenario global marcado por la rivalidad entre potencias<\/strong>, la reconfiguraci\u00f3n de alianzas internacionales y la creciente concentraci\u00f3n de poder en figuras cuya influencia trasciende sus fronteras y redefine el equilibrio pol\u00edtico mundial\u201d.<\/p>\n<\/div>\n<div>\n<p><a><img loading=\"lazy\" decoding=\"async\" class=\"aligncenter size-large wp-image-1529389\" src=\"https:\/\/editorial.aristeguinoticias.com\/wp-content\/uploads\/2026\/04\/Captura-de-pantalla-2026-04-15-a-las-10.54.08-a.m-700x830.png\" sizes=\"auto, (max-width: 700px) 100vw, 700px\" srcset=\"https:\/\/editorial.aristeguinoticias.com\/wp-content\/uploads\/2026\/04\/Captura-de-pantalla-2026-04-15-a-las-10.54.08-a.m-700x830.png 700w, https:\/\/editorial.aristeguinoticias.com\/wp-content\/uploads\/2026\/04\/Captura-de-pantalla-2026-04-15-a-las-10.54.08-a.m-250x296.png 250w, https:\/\/editorial.aristeguinoticias.com\/wp-content\/uploads\/2026\/04\/Captura-de-pantalla-2026-04-15-a-las-10.54.08-a.m-768x910.png 768w, https:\/\/editorial.aristeguinoticias.com\/wp-content\/uploads\/2026\/04\/Captura-de-pantalla-2026-04-15-a-las-10.54.08-a.m-628x744.png 628w, https:\/\/editorial.aristeguinoticias.com\/wp-content\/uploads\/2026\/04\/Captura-de-pantalla-2026-04-15-a-las-10.54.08-a.m-298x353.png 298w, https:\/\/editorial.aristeguinoticias.com\/wp-content\/uploads\/2026\/04\/Captura-de-pantalla-2026-04-15-a-las-10.54.08-a.m-295x350.png 295w, https:\/\/editorial.aristeguinoticias.com\/wp-content\/uploads\/2026\/04\/Captura-de-pantalla-2026-04-15-a-las-10.54.08-a.m-205x243.png 205w, https:\/\/editorial.aristeguinoticias.com\/wp-content\/uploads\/2026\/04\/Captura-de-pantalla-2026-04-15-a-las-10.54.08-a.m-1296x1536.png 1296w, https:\/\/editorial.aristeguinoticias.com\/wp-content\/uploads\/2026\/04\/Captura-de-pantalla-2026-04-15-a-las-10.54.08-a.m-1728x2048.png 1728w, https:\/\/editorial.aristeguinoticias.com\/wp-content\/uploads\/2026\/04\/Captura-de-pantalla-2026-04-15-a-las-10.54.08-a.m-120x142.png 120w, https:\/\/editorial.aristeguinoticias.com\/wp-content\/uploads\/2026\/04\/Captura-de-pantalla-2026-04-15-a-las-10.54.08-a.m.png 1876w\" alt=\"\" width=\"700\" height=\"830\" \/><\/a><\/p>\n<\/div>\n<div>\n<p><em>Con informaci\u00f3n de EFE<\/em><\/p>\n<\/div>\n<\/div>\n<\/div>\n<\/div>\n<\/div>\n<\/div>\n<\/address>\n<\/div>\n","protected":false},"excerpt":{"rendered":"<p>La categor\u00eda de L\u00edderes de este a\u00f1o refleja, seg\u00fan la publicaci\u00f3n, &#8220;un escenario global marcado por la rivalidad entre potencias, la reconfiguraci\u00f3n de alianzas internacionales y la creciente concentraci\u00f3n de poder en figuras cuya influencia trasciende sus fronteras y redefine el equilibrio pol\u00edtico mundial&#8221;. La\u00a0revista\u00a0Time\u00a0destac\u00f3 este mi\u00e9rcoles a la presidenta de M\u00e9xico,\u00a0Claudia Sheinbaum, como\u00a0una de las 100 personas m\u00e1s influyentes del a\u00f1o, una lista en la que es la\u00a0\u00fanica mandataria latinoamericana\u00a0y comparte la categor\u00eda de\u00a0\u2018L\u00edderes\u2019\u00a0junto a su hom\u00f3logo estadounidense,\u00a0Donald Trump. La publicaci\u00f3n destaca que Sheinbaum es\u00a0\u201cuna de los l\u00edderes m\u00e1s populares de la regi\u00f3n\u201d, y ha ofrecido \u201cuna lecci\u00f3n de [&hellip;]<\/p>\n","protected":false},"author":3,"featured_media":144629,"comment_status":"open","ping_status":"open","sticky":false,"template":"","format":"standard","meta":{"_jetpack_newsletter_access":"","_jetpack_dont_email_post_to_subs":false,"_jetpack_newsletter_tier_id":0,"_jetpack_memberships_contains_paywalled_content":false,"_jetpack_feature_clip_id":0,"_jetpack_memberships_contains_paid_content":false,"footnotes":"","jetpack_publicize_message":"","jetpack_publicize_feature_enabled":true,"jetpack_social_post_already_shared":true,"jetpack_social_options":{"image_generator_settings":{"template":"highway","default_image_id":0,"font":"","enabled":false},"version":2},"jetpack_post_was_ever_published":false},"categories":[75],"tags":[],"class_list":["post-144625","post","type-post","status-publish","format-standard","has-post-thumbnail","hentry","category-nacional","post--single"],"jetpack_publicize_connections":[],"jetpack_featured_media_url":"https:\/\/ovelanalista.com\/wp-content\/uploads\/2026\/04\/sheinbaum-revista-time-15042026.jpg","jetpack_sharing_enabled":true,"_links":{"self":[{"href":"https:\/\/ovelanalista.com\/index.php?rest_route=\/wp\/v2\/posts\/144625","targetHints":{"allow":["GET"]}}],"collection":[{"href":"https:\/\/ovelanalista.com\/index.php?rest_route=\/wp\/v2\/posts"}],"about":[{"href":"https:\/\/ovelanalista.com\/index.php?rest_route=\/wp\/v2\/types\/post"}],"author":[{"embeddable":true,"href":"https:\/\/ovelanalista.com\/index.php?rest_route=\/wp\/v2\/users\/3"}],"replies":[{"embeddable":true,"href":"https:\/\/ovelanalista.com\/index.php?rest_route=%2Fwp%2Fv2%2Fcomments&post=144625"}],"version-history":[{"count":1,"href":"https:\/\/ovelanalista.com\/index.php?rest_route=\/wp\/v2\/posts\/144625\/revisions"}],"predecessor-version":[{"id":144630,"href":"https:\/\/ovelanalista.com\/index.php?rest_route=\/wp\/v2\/posts\/144625\/revisions\/144630"}],"wp:featuredmedia":[{"embeddable":true,"href":"https:\/\/ovelanalista.com\/index.php?rest_route=\/wp\/v2\/media\/144629"}],"wp:attachment":[{"href":"https:\/\/ovelanalista.com\/index.php?rest_route=%2Fwp%2Fv2%2Fmedia&parent=144625"}],"wp:term":[{"taxonomy":"category","embeddable":true,"href":"https:\/\/ovelanalista.com\/index.php?rest_route=%2Fwp%2Fv2%2Fcategories&post=144625"},{"taxonomy":"post_tag","embeddable":true,"href":"https:\/\/ovelanalista.com\/index.php?rest_route=%2Fwp%2Fv2%2Ftags&post=144625"}],"curies":[{"name":"wp","href":"https:\/\/api.w.org\/{rel}","templated":true}]}}