{"id":144635,"date":"2026-04-15T19:00:17","date_gmt":"2026-04-16T02:00:17","guid":{"rendered":"https:\/\/ovelanalista.com\/?p=144635"},"modified":"2026-04-15T17:09:27","modified_gmt":"2026-04-16T00:09:27","slug":"alcalde-dice-que-no-renuncia-niega-desacuerdo-con-sheinbaum-o-manotazo-de-amlo","status":"publish","type":"post","link":"https:\/\/ovelanalista.com\/?p=144635","title":{"rendered":"Alcalde dice que no renuncia: niega desacuerdo con Sheinbaum o manotazo de AMLO"},"content":{"rendered":"<p>La presidenta del partido sali\u00f3 a desmentir las versiones que circulan en medios de comunicaci\u00f3n.<\/p>\n<div>\n<p>Luisa Mar\u00eda Alcalde, presidenta de Morena, rechaz\u00f3 las versiones que se\u00f1alaron presuntas divisiones, conflictos internos o inconformidades de la presidenta Claudia Sheinbaum con la dirigencia del partido.<\/p>\n<\/div>\n<div>\n<p>La versi\u00f3n de que Alcalde dejar\u00e1 el cargo ha sido publicada por periodistas como Julio Hern\u00e1ndez y Carlos Loret de Mola los \u00faltimos d\u00edas.<\/p>\n<\/div>\n<div>\n<p>La dirigente calific\u00f3 estos se\u00f1alamientos como rumores y calumnias difundidos por la derecha durante las \u00faltimas semanas.<\/p>\n<div>\n<p>Alcalde neg\u00f3 que existan malos manejos o resultados negativos dentro de la organizaci\u00f3n. Asimismo, conden\u00f3 las versiones que sugirieron una\u00a0<strong>intervenci\u00f3n pol\u00edtica desde Palenque<\/strong>, del expresidente Andr\u00e9s Manuel L\u00f3pez Obrador, lo cual calific\u00f3 como un recurso basado en el machismo.<\/p>\n<\/div>\n<div>\n<p class=\"st-swap-parent st-swap--active\">Afirm\u00f3 que el movimiento se mantuvo fuerte y unido frente a dichas cr\u00edticas.<\/p>\n<p><iframe loading=\"lazy\" title=\"Alcalde dice que no renuncia: niega desacuerdo con Sheinbaum o manotazo de AMLO\" width=\"1200\" height=\"675\" src=\"https:\/\/www.youtube.com\/embed\/6FhEymQrb58?feature=oembed\" frameborder=\"0\" allow=\"accelerometer; autoplay; clipboard-write; encrypted-media; gyroscope; picture-in-picture; web-share\" referrerpolicy=\"strict-origin-when-cross-origin\" allowfullscreen><\/iframe><\/p>\n<div>\n<p>La presidenta del partido asegur\u00f3 que continuar\u00e1 al frente de Morena. No obstante, precis\u00f3 que la \u00fanica raz\u00f3n por la cual dejar\u00eda dicha responsabilidad ser\u00eda ante un eventual\u00a0<strong>llamado de la presidenta de la Rep\u00fablica<\/strong>\u00a0para colaborar en el fortalecimiento de la transformaci\u00f3n.<\/p>\n<\/div>\n<div class=\"box_b\">\n<div>\n<div data-google-query-id=\"CJP40ImK8ZMDFRNZCAQdmbwu-A\">\n<div>\n<p>Por otro lado, Alcalde agradeci\u00f3 el reconocimiento expresado por la mandataria, quien destac\u00f3 su trayectoria como parte de una nueva generaci\u00f3n de cuadros pol\u00edticos.<\/p>\n<\/div>\n<div>\n<p>La presidenta describi\u00f3 a la dirigente como una mujer extraordinaria, trabajadora y con convicci\u00f3n, resaltando su labor previa en la organizaci\u00f3n de los j\u00f3venes dentro del movimiento.<\/p>\n<p>Con informaci\u00f3n de Aristegui Noticias<\/p>\n<\/div>\n<\/div>\n<\/div>\n<\/div>\n<\/div>\n<\/div>\n","protected":false},"excerpt":{"rendered":"<p>La presidenta del partido sali\u00f3 a desmentir las versiones que circulan en medios de comunicaci\u00f3n. Luisa Mar\u00eda Alcalde, presidenta de Morena, rechaz\u00f3 las versiones que se\u00f1alaron presuntas divisiones, conflictos internos o inconformidades de la presidenta Claudia Sheinbaum con la dirigencia del partido. La versi\u00f3n de que Alcalde dejar\u00e1 el cargo ha sido publicada por periodistas como Julio Hern\u00e1ndez y Carlos Loret de Mola los \u00faltimos d\u00edas. La dirigente calific\u00f3 estos se\u00f1alamientos como rumores y calumnias difundidos por la derecha durante las \u00faltimas semanas. Alcalde neg\u00f3 que existan malos manejos o resultados negativos dentro de la organizaci\u00f3n. Asimismo, conden\u00f3 las versiones [&hellip;]<\/p>\n","protected":false},"author":3,"featured_media":144639,"comment_status":"open","ping_status":"open","sticky":false,"template":"","format":"standard","meta":{"_jetpack_newsletter_access":"","_jetpack_dont_email_post_to_subs":false,"_jetpack_newsletter_tier_id":0,"_jetpack_memberships_contains_paywalled_content":false,"_jetpack_feature_clip_id":0,"_jetpack_memberships_contains_paid_content":false,"footnotes":"","jetpack_publicize_message":"","jetpack_publicize_feature_enabled":true,"jetpack_social_post_already_shared":true,"jetpack_social_options":{"image_generator_settings":{"template":"highway","default_image_id":0,"font":"","enabled":false},"version":2},"jetpack_post_was_ever_published":false},"categories":[75],"tags":[],"class_list":["post-144635","post","type-post","status-publish","format-standard","has-post-thumbnail","hentry","category-nacional","post--single"],"jetpack_publicize_connections":[],"jetpack_featured_media_url":"https:\/\/ovelanalista.com\/wp-content\/uploads\/2026\/04\/luisa-alcalde-renunciara-ella-responde-14042026.jpg","jetpack_sharing_enabled":true,"_links":{"self":[{"href":"https:\/\/ovelanalista.com\/index.php?rest_route=\/wp\/v2\/posts\/144635","targetHints":{"allow":["GET"]}}],"collection":[{"href":"https:\/\/ovelanalista.com\/index.php?rest_route=\/wp\/v2\/posts"}],"about":[{"href":"https:\/\/ovelanalista.com\/index.php?rest_route=\/wp\/v2\/types\/post"}],"author":[{"embeddable":true,"href":"https:\/\/ovelanalista.com\/index.php?rest_route=\/wp\/v2\/users\/3"}],"replies":[{"embeddable":true,"href":"https:\/\/ovelanalista.com\/index.php?rest_route=%2Fwp%2Fv2%2Fcomments&post=144635"}],"version-history":[{"count":1,"href":"https:\/\/ovelanalista.com\/index.php?rest_route=\/wp\/v2\/posts\/144635\/revisions"}],"predecessor-version":[{"id":144640,"href":"https:\/\/ovelanalista.com\/index.php?rest_route=\/wp\/v2\/posts\/144635\/revisions\/144640"}],"wp:featuredmedia":[{"embeddable":true,"href":"https:\/\/ovelanalista.com\/index.php?rest_route=\/wp\/v2\/media\/144639"}],"wp:attachment":[{"href":"https:\/\/ovelanalista.com\/index.php?rest_route=%2Fwp%2Fv2%2Fmedia&parent=144635"}],"wp:term":[{"taxonomy":"category","embeddable":true,"href":"https:\/\/ovelanalista.com\/index.php?rest_route=%2Fwp%2Fv2%2Fcategories&post=144635"},{"taxonomy":"post_tag","embeddable":true,"href":"https:\/\/ovelanalista.com\/index.php?rest_route=%2Fwp%2Fv2%2Ftags&post=144635"}],"curies":[{"name":"wp","href":"https:\/\/api.w.org\/{rel}","templated":true}]}}