{"id":144636,"date":"2026-04-15T19:30:36","date_gmt":"2026-04-16T02:30:36","guid":{"rendered":"https:\/\/ovelanalista.com\/?p=144636"},"modified":"2026-04-15T17:12:47","modified_gmt":"2026-04-16T00:12:47","slug":"mexico-acogera-la-proxima-conferencia-internacional-sobre-educacion-en-cambio-climatico","status":"publish","type":"post","link":"https:\/\/ovelanalista.com\/?p=144636","title":{"rendered":"M\u00e9xico acoger\u00e1 la pr\u00f3xima Conferencia Internacional sobre Educaci\u00f3n en Cambio Clim\u00e1tico"},"content":{"rendered":"<p>La Conferencia Internacional sobre Educaci\u00f3n en Cambio Clim\u00e1tico se llevar\u00e1 a cabo el pr\u00f3ximo 16 de abril en la Ciudad de M\u00e9xico.<\/p>\n<p>M\u00e9xico ser\u00e1 la pr\u00f3xima sede de la tercera edici\u00f3n de la\u00a0<strong>Conferencia Internacional sobre Educaci\u00f3n en Cambio Clim\u00e1tico<\/strong>, un encuentro donde, el pr\u00f3ximo 16 de abril, especialistas y organismos internacionales debatir\u00e1n sobre c\u00f3mo fortalecer la educaci\u00f3n frente a la crisis clim\u00e1tica, una de las prioridades impulsadas por la presidencia francesa del Grupo de los Siete\u00a0<strong>(G7).<\/strong><\/p>\n<p>El comit\u00e9 organizador, conformado por organizaciones como la Oficina de Educaci\u00f3n Clim\u00e1tica\u00a0<strong>(OCE)<\/strong>\u00a0y el Instituto Franc\u00e9s de Investigaciones para el Desarrollo\u00a0<strong>(IRD),<\/strong>\u00a0inform\u00f3, en un comunicado, que el evento se llevar\u00e1 a cabo en el\u00a0<strong>Tecnol\u00f3gico de Monterrey<\/strong>, campus Ciudad de M\u00e9xico, y se enmarcar\u00e1 en la conmemoraci\u00f3n del bicentenario de las relaciones diplom\u00e1ticas entre\u00a0<strong>Francia y M\u00e9xico<\/strong>.<\/p>\n<p>Los organizadores destacaron que este ser\u00e1 \u201cun espacio de reflexi\u00f3n, intercambio de experiencias y articulaci\u00f3n entre actores clave, con el objetivo de fortalecer la\u00a0<strong>educaci\u00f3n en cambio clim\u00e1tico<\/strong>\u00a0en el pa\u00eds\u201d.<\/p>\n<p>Tambi\u00e9n detallaron que tendr\u00e1 como objetivo \u201cvincular la investigaci\u00f3n cient\u00edfica con la pr\u00e1ctica educativa y promover la incorporaci\u00f3n de este enfoque en pol\u00edticas p\u00fablicas\u201d.<\/p>\n<div id=\"standard_4\" class=\"st-placement standard_4 inArticle\">\n<div class=\"st-adunit-inarticle st-inarticle-slot\">\n<div class=\"st-adunit st-adunit-tagged st-reset st-show\">\n<div class=\"st-adunit-ad st-reset\">\n<div class=\"st-display-render st-reset open 970x250\">\n<div class=\"x-to-close st-reset\">\n<p>Adem\u00e1s, puntualizaron que este encuentro forma parte del programa\u00a0<strong>ALEC<\/strong>\u00a0(Am\u00e9rica Latina para la Educaci\u00f3n Clim\u00e1tica) y del proyecto\u00a0<strong>CSIELO<\/strong>\u00a0(Ciencias y Cambio Clim\u00e1tico en Am\u00e9rica Latina: educar para un futuro mejor), iniciativas que han contribuido a posicionar la educaci\u00f3n clim\u00e1tica como una herramienta clave para la adaptaci\u00f3n y la transformaci\u00f3n social.<\/p>\n<p>El texto destac\u00f3 que el resultado de estos programas ha permitido la formaci\u00f3n de 6 mil docentes en esta materia, dando como resultado la ense\u00f1anza de 400 mil estudiantes, as\u00ed como la construcci\u00f3n de una red de colaboraci\u00f3n en 13 pa\u00edses de Am\u00e9rica Latina.<\/p>\n<p>Entre los especialistas incluidos en el programa destaca el consejero de Cooperaci\u00f3n y Acci\u00f3n Cultural\u00a0<strong>(COCAC)<\/strong>\u00a0de la Embajada de Francia, Jean-Fran\u00e7ois Gu\u00e9ganno; la vicepresidenta de los Campus en la Ciudad de M\u00e9xico del Tecnol\u00f3gico de Monterrey, Paulina Campos Villase\u00f1or; el director de relaciones internacionales de la Oficina de Educaci\u00f3n Clim\u00e1tica, Djian Sadadou, y la directora de INNOVEC, Claudia Robles.<\/p>\n<p>Tambi\u00e9n contar\u00e1 con la presencia de diferentes acad\u00e9micos e investigadores en ciencias atmosf\u00e9ricas y tecnolog\u00edas sostenibles, adem\u00e1s de autoridades educativas de distintos estados del pa\u00eds.<\/p>\n<p>El\u00a0<strong>cambio clim\u00e1tico en M\u00e9xico<\/strong>\u00a0es un problema que preocupa al 85 % de los mexicanos, principalmente por sus consecuencias a largo plazo, seg\u00fan revel\u00f3 un estudio realizado por Ipsos; sin embargo, el pa\u00eds sigue siendo uno de los m\u00e1s afectados de esta crisis reflejada en tormentas tropicales, sequ\u00edas e inundaciones.<\/p>\n<p>Con informaci\u00f3n de EFE.<\/p>\n<\/div>\n<\/div>\n<\/div>\n<\/div>\n<\/div>\n<\/div>\n","protected":false},"excerpt":{"rendered":"<p>La Conferencia Internacional sobre Educaci\u00f3n en Cambio Clim\u00e1tico se llevar\u00e1 a cabo el pr\u00f3ximo 16 de abril en la Ciudad de M\u00e9xico. M\u00e9xico ser\u00e1 la pr\u00f3xima sede de la tercera edici\u00f3n de la\u00a0Conferencia Internacional sobre Educaci\u00f3n en Cambio Clim\u00e1tico, un encuentro donde, el pr\u00f3ximo 16 de abril, especialistas y organismos internacionales debatir\u00e1n sobre c\u00f3mo fortalecer la educaci\u00f3n frente a la crisis clim\u00e1tica, una de las prioridades impulsadas por la presidencia francesa del Grupo de los Siete\u00a0(G7). El comit\u00e9 organizador, conformado por organizaciones como la Oficina de Educaci\u00f3n Clim\u00e1tica\u00a0(OCE)\u00a0y el Instituto Franc\u00e9s de Investigaciones para el Desarrollo\u00a0(IRD),\u00a0inform\u00f3, en un comunicado, que [&hellip;]<\/p>\n","protected":false},"author":3,"featured_media":144641,"comment_status":"open","ping_status":"open","sticky":false,"template":"","format":"standard","meta":{"_jetpack_newsletter_access":"","_jetpack_dont_email_post_to_subs":false,"_jetpack_newsletter_tier_id":0,"_jetpack_memberships_contains_paywalled_content":false,"_jetpack_feature_clip_id":0,"_jetpack_memberships_contains_paid_content":false,"footnotes":"","jetpack_publicize_message":"","jetpack_publicize_feature_enabled":true,"jetpack_social_post_already_shared":true,"jetpack_social_options":{"image_generator_settings":{"template":"highway","default_image_id":0,"font":"","enabled":false},"version":2},"jetpack_post_was_ever_published":false},"categories":[75],"tags":[],"class_list":["post-144636","post","type-post","status-publish","format-standard","has-post-thumbnail","hentry","category-nacional","post--single"],"jetpack_publicize_connections":[],"jetpack_featured_media_url":"https:\/\/ovelanalista.com\/wp-content\/uploads\/2026\/04\/la-inaccion-en-el-cambio-climatico-deja-un-panorama-sombrio-millones-de-muertes-al-ano-3.jpg","jetpack_sharing_enabled":true,"_links":{"self":[{"href":"https:\/\/ovelanalista.com\/index.php?rest_route=\/wp\/v2\/posts\/144636","targetHints":{"allow":["GET"]}}],"collection":[{"href":"https:\/\/ovelanalista.com\/index.php?rest_route=\/wp\/v2\/posts"}],"about":[{"href":"https:\/\/ovelanalista.com\/index.php?rest_route=\/wp\/v2\/types\/post"}],"author":[{"embeddable":true,"href":"https:\/\/ovelanalista.com\/index.php?rest_route=\/wp\/v2\/users\/3"}],"replies":[{"embeddable":true,"href":"https:\/\/ovelanalista.com\/index.php?rest_route=%2Fwp%2Fv2%2Fcomments&post=144636"}],"version-history":[{"count":1,"href":"https:\/\/ovelanalista.com\/index.php?rest_route=\/wp\/v2\/posts\/144636\/revisions"}],"predecessor-version":[{"id":144642,"href":"https:\/\/ovelanalista.com\/index.php?rest_route=\/wp\/v2\/posts\/144636\/revisions\/144642"}],"wp:featuredmedia":[{"embeddable":true,"href":"https:\/\/ovelanalista.com\/index.php?rest_route=\/wp\/v2\/media\/144641"}],"wp:attachment":[{"href":"https:\/\/ovelanalista.com\/index.php?rest_route=%2Fwp%2Fv2%2Fmedia&parent=144636"}],"wp:term":[{"taxonomy":"category","embeddable":true,"href":"https:\/\/ovelanalista.com\/index.php?rest_route=%2Fwp%2Fv2%2Fcategories&post=144636"},{"taxonomy":"post_tag","embeddable":true,"href":"https:\/\/ovelanalista.com\/index.php?rest_route=%2Fwp%2Fv2%2Ftags&post=144636"}],"curies":[{"name":"wp","href":"https:\/\/api.w.org\/{rel}","templated":true}]}}