{"id":144646,"date":"2026-04-16T06:25:02","date_gmt":"2026-04-16T13:25:02","guid":{"rendered":"https:\/\/ovelanalista.com\/?p=144646"},"modified":"2026-04-16T06:25:02","modified_gmt":"2026-04-16T13:25:02","slug":"hoy-jueves-estara-garcia-harfuch-en-culiacan-para-encabezar-reunion-de-seguridad","status":"publish","type":"post","link":"https:\/\/ovelanalista.com\/?p=144646","title":{"rendered":"Hoy jueves estar\u00e1 Garc\u00eda Harfuch en Culiac\u00e1n para encabezar reuni\u00f3n de seguridad"},"content":{"rendered":"\n<p class=\"wp-block-paragraph\"><\/p>\n\n\n\n<p class=\"wp-block-paragraph\">Culiac\u00e1n, Sinaloa.- El titular de la Secretar\u00eda de Seguridad y Protecci\u00f3n Ciudadana (SSPC), Omar Garc\u00eda Harfuch, encabezar\u00e1 este jueves 16 de abril la reuni\u00f3n del Gabinete de Seguridad del Gobierno de M\u00e9xico en la ciudad de Culiac\u00e1n, de acuerdo con fuentes estatales.<\/p>\n\n\n\n<p class=\"wp-block-paragraph\">La sesi\u00f3n se llevar\u00e1 a cabo en las instalaciones de la Novena Zona A\u00e9rea Militar, ubicada en las inmediaciones del Aeropuerto Internacional de Culiac\u00e1n, espacio que anteriormente ha sido sede de encuentros entre autoridades y diversos sectores sociales para abordar temas relacionados con la seguridad en la entidad.<\/p>\n\n\n\n<p class=\"wp-block-paragraph\">Se inform\u00f3 que durante esta visita, el funcionario federal sostendr\u00e1 reuniones de trabajo enfocadas en la revisi\u00f3n de la estrategia de seguridad implementada en Sinaloa, as\u00ed como en la evaluaci\u00f3n de los avances y el cumplimiento de acuerdos entre los tres \u00f3rdenes de gobierno.<\/p>\n\n\n\n<p class=\"wp-block-paragraph\">A la reuni\u00f3n se prev\u00e9 la asistencia del gobernador de Sinaloa, Rub\u00e9n Rocha Moya; del secretario de Seguridad P\u00fablica estatal, Sinuh\u00e9 T\u00e9llez L\u00f3pez; as\u00ed como de mandos federales, entre ellos el titular de la Secretar\u00eda de la Defensa Nacional, Ricardo Trevilla Trejo; el comandante de la Guardia Nacional, Guillermo Brise\u00f1o Lobera; y el secretario de Marina, Raymundo Pedro Morales \u00c1ngeles.<\/p>\n\n\n\n<p class=\"wp-block-paragraph\">Cabe recordar que la \u00faltima visita de Garc\u00eda Harfuch a la capital sinaloense ocurri\u00f3 el pasado 4 de febrero de 2026, cuando particip\u00f3 en la Mesa de Seguridad realizada en Palacio de Gobierno.<\/p>\n\n\n\n<p class=\"wp-block-paragraph\">Se espera que, tras la reuni\u00f3n, autoridades federales y estatales den a conocer los resultados y posibles ajustes a la estrategia de seguridad en la entidad.<\/p>\n","protected":false},"excerpt":{"rendered":"<p>Culiac\u00e1n, Sinaloa.- El titular de la Secretar\u00eda de Seguridad y Protecci\u00f3n Ciudadana (SSPC), Omar Garc\u00eda Harfuch, encabezar\u00e1 este jueves 16 de abril la reuni\u00f3n del Gabinete de Seguridad del Gobierno de M\u00e9xico en la ciudad de Culiac\u00e1n, de acuerdo con fuentes estatales. La sesi\u00f3n se llevar\u00e1 a cabo en las instalaciones de la Novena Zona A\u00e9rea Militar, ubicada en las inmediaciones del Aeropuerto Internacional de Culiac\u00e1n, espacio que anteriormente ha sido sede de encuentros entre autoridades y diversos sectores sociales para abordar temas relacionados con la seguridad en la entidad. Se inform\u00f3 que durante esta visita, el funcionario federal sostendr\u00e1 [&hellip;]<\/p>\n","protected":false},"author":3,"featured_media":144645,"comment_status":"closed","ping_status":"open","sticky":false,"template":"","format":"standard","meta":{"_jetpack_newsletter_access":"","_jetpack_dont_email_post_to_subs":false,"_jetpack_newsletter_tier_id":0,"_jetpack_memberships_contains_paywalled_content":false,"_jetpack_feature_clip_id":0,"_jetpack_memberships_contains_paid_content":false,"footnotes":"","jetpack_publicize_message":"Hoy jueves estar\u00e1 Garc\u00eda Harfuch en Culiac\u00e1n para encabezar reuni\u00f3n de seguridad","jetpack_publicize_feature_enabled":true,"jetpack_social_post_already_shared":true,"jetpack_social_options":{"image_generator_settings":{"template":"highway","default_image_id":0,"font":"","enabled":false},"version":2},"jetpack_post_was_ever_published":false},"categories":[90,72,84],"tags":[],"class_list":["post-144646","post","type-post","status-publish","format-standard","has-post-thumbnail","hentry","category-estatal","category-portada","category-sinaloa-centro","post--single"],"jetpack_publicize_connections":[],"jetpack_featured_media_url":"https:\/\/ovelanalista.com\/wp-content\/uploads\/2026\/04\/4731545a-b44f-4f9d-90ac-b195bcabc3d9.jpg","jetpack_sharing_enabled":true,"_links":{"self":[{"href":"https:\/\/ovelanalista.com\/index.php?rest_route=\/wp\/v2\/posts\/144646","targetHints":{"allow":["GET"]}}],"collection":[{"href":"https:\/\/ovelanalista.com\/index.php?rest_route=\/wp\/v2\/posts"}],"about":[{"href":"https:\/\/ovelanalista.com\/index.php?rest_route=\/wp\/v2\/types\/post"}],"author":[{"embeddable":true,"href":"https:\/\/ovelanalista.com\/index.php?rest_route=\/wp\/v2\/users\/3"}],"replies":[{"embeddable":true,"href":"https:\/\/ovelanalista.com\/index.php?rest_route=%2Fwp%2Fv2%2Fcomments&post=144646"}],"version-history":[{"count":1,"href":"https:\/\/ovelanalista.com\/index.php?rest_route=\/wp\/v2\/posts\/144646\/revisions"}],"predecessor-version":[{"id":144647,"href":"https:\/\/ovelanalista.com\/index.php?rest_route=\/wp\/v2\/posts\/144646\/revisions\/144647"}],"wp:featuredmedia":[{"embeddable":true,"href":"https:\/\/ovelanalista.com\/index.php?rest_route=\/wp\/v2\/media\/144645"}],"wp:attachment":[{"href":"https:\/\/ovelanalista.com\/index.php?rest_route=%2Fwp%2Fv2%2Fmedia&parent=144646"}],"wp:term":[{"taxonomy":"category","embeddable":true,"href":"https:\/\/ovelanalista.com\/index.php?rest_route=%2Fwp%2Fv2%2Fcategories&post=144646"},{"taxonomy":"post_tag","embeddable":true,"href":"https:\/\/ovelanalista.com\/index.php?rest_route=%2Fwp%2Fv2%2Ftags&post=144646"}],"curies":[{"name":"wp","href":"https:\/\/api.w.org\/{rel}","templated":true}]}}