{"id":144650,"date":"2026-04-16T09:12:05","date_gmt":"2026-04-16T16:12:05","guid":{"rendered":"https:\/\/ovelanalista.com\/?p=144650"},"modified":"2026-04-16T09:12:05","modified_gmt":"2026-04-16T16:12:05","slug":"sat-cobrar-o-espantar","status":"publish","type":"post","link":"https:\/\/ovelanalista.com\/?p=144650","title":{"rendered":"SAT: cobrar o espantar"},"content":{"rendered":"<p><strong>Jos\u00e9 Luis Parra<\/strong><\/p>\n<p>&nbsp;<\/p>\n<p>Otra vez el dinero levanta la voz. Y cuando el dinero habla en ingl\u00e9s\u2026 en M\u00e9xico se escucha m\u00e1s fuerte.<\/p>\n<p>No es menor que m\u00e1s de 300 multinacionales estadounidenses \u2014de esas que no mandan cartas, mandan se\u00f1ales\u2014 acusen al SAT de acoso. No es un berrinche empresarial ni una pataleta fiscal: es una advertencia. Y de las que suelen venir acompa\u00f1adas de decisiones.<\/p>\n<p>Porque aqu\u00ed el punto no es si pagan o no impuestos. Ese debate es viejo y hasta ocioso. El fondo es otro: la certeza jur\u00eddica. Ese concepto que en el discurso pol\u00edtico suena s\u00f3lido, pero en la pr\u00e1ctica parece gelatina.<\/p>\n<p>Las empresas hablan de auditor\u00edas agresivas, de obst\u00e1culos para apelar, de cargas \u201csin precedentes\u201d. Traducido al espa\u00f1ol de la calle: te cobro, te presiono y luego vemos si tienes con qui\u00e9n defenderte.<\/p>\n<p>Y ah\u00ed est\u00e1 el detalle.<\/p>\n<p>M\u00e9xico, en su nueva etapa de reformas profundas \u2014judiciales, fiscales, estructurales\u2014 empieza a proyectar algo que en los mercados no gusta: incertidumbre. Ya lo advert\u00edan algunos an\u00e1lisis recientes: cuando el tablero cambia demasiado r\u00e1pido, el capital no se queda a ver c\u00f3mo termina la partida. Se levanta y se va.<\/p>\n<p>El SAT, en este contexto, deja de ser un recaudador y se convierte en actor pol\u00edtico. Uno inc\u00f3modo. Uno que, seg\u00fan los denunciantes, juega rudo\u2026 y sin \u00e1rbitro visible.<\/p>\n<p>Porque la otra queja no es menor: la reforma judicial de 2024. Las multinacionales dicen, sin rodeos, que hoy tienen menos herramientas para defenderse. Menos tribunales confiables, menos rutas claras, menos garant\u00edas.<\/p>\n<p>Menos Estado de Derecho.<\/p>\n<p>Y eso s\u00ed espanta.<\/p>\n<p>Mientras tanto, del lado mexicano, silencio selectivo. La Secretar\u00eda de Hacienda habla de cooperaci\u00f3n bilateral, de combate al narcotr\u00e1fico, de lavado de dinero. Todo muy correcto. Todo muy diplom\u00e1tico.<\/p>\n<p>Pero del elefante en la sala \u2014el SAT\u2014, ni p\u00edo.<\/p>\n<p>Curioso: se habla de combatir flujos il\u00edcitos, pero se ignoran las se\u00f1ales de quienes traen inversi\u00f3n l\u00edcita.<\/p>\n<p>El secretario \u00c9dgar Amador pisa Washington en estos d\u00edas. Buen momento para reuniones, fotos y discursos. Falta saber si tambi\u00e9n habr\u00e1 espacio para escuchar.<\/p>\n<p>Porque esto no es solo una queja empresarial. Es un term\u00f3metro.<\/p>\n<p>Y la temperatura est\u00e1 subiendo.<\/p>\n<p>M\u00e9xico se encuentra, otra vez, en esa delgada l\u00ednea donde debe decidir si quiere ser atractivo para la inversi\u00f3n\u2026 o simplemente eficiente para la recaudaci\u00f3n.<\/p>\n<p>Ambas cosas no siempre son compatibles cuando se ejecutan mal.<\/p>\n<p>Al final, la historia suele ser implacable con estos episodios. Primero llegan las cartas. Luego las advertencias. Despu\u00e9s, las decisiones.<\/p>\n<p>Y cuando el capital se va, no manda otra carta.<\/p>\n","protected":false},"excerpt":{"rendered":"<p>Jos\u00e9 Luis Parra &nbsp; Otra vez el dinero levanta la voz. Y cuando el dinero habla en ingl\u00e9s\u2026 en M\u00e9xico se escucha m\u00e1s fuerte. No es menor que m\u00e1s de 300 multinacionales estadounidenses \u2014de esas que no mandan cartas, mandan se\u00f1ales\u2014 acusen al SAT de acoso. No es un berrinche empresarial ni una pataleta fiscal: es una advertencia. Y de las que suelen venir acompa\u00f1adas de decisiones. Porque aqu\u00ed el punto no es si pagan o no impuestos. Ese debate es viejo y hasta ocioso. El fondo es otro: la certeza jur\u00eddica. Ese concepto que en el discurso pol\u00edtico suena [&hellip;]<\/p>\n","protected":false},"author":3,"featured_media":123171,"comment_status":"open","ping_status":"open","sticky":false,"template":"","format":"standard","meta":{"_jetpack_newsletter_access":"","_jetpack_dont_email_post_to_subs":false,"_jetpack_newsletter_tier_id":0,"_jetpack_memberships_contains_paywalled_content":false,"_jetpack_feature_clip_id":0,"_jetpack_memberships_contains_paid_content":false,"footnotes":"","jetpack_publicize_message":"","jetpack_publicize_feature_enabled":true,"jetpack_social_post_already_shared":true,"jetpack_social_options":{"image_generator_settings":{"template":"highway","default_image_id":0,"font":"","enabled":false},"version":2},"jetpack_post_was_ever_published":false},"categories":[79],"tags":[],"class_list":["post-144650","post","type-post","status-publish","format-standard","has-post-thumbnail","hentry","category-columnistas-nacionales","post--single"],"jetpack_publicize_connections":[],"jetpack_featured_media_url":"https:\/\/ovelanalista.com\/wp-content\/uploads\/2025\/06\/jose_luis_parra-1140x570-1.jpg","jetpack_sharing_enabled":true,"_links":{"self":[{"href":"https:\/\/ovelanalista.com\/index.php?rest_route=\/wp\/v2\/posts\/144650","targetHints":{"allow":["GET"]}}],"collection":[{"href":"https:\/\/ovelanalista.com\/index.php?rest_route=\/wp\/v2\/posts"}],"about":[{"href":"https:\/\/ovelanalista.com\/index.php?rest_route=\/wp\/v2\/types\/post"}],"author":[{"embeddable":true,"href":"https:\/\/ovelanalista.com\/index.php?rest_route=\/wp\/v2\/users\/3"}],"replies":[{"embeddable":true,"href":"https:\/\/ovelanalista.com\/index.php?rest_route=%2Fwp%2Fv2%2Fcomments&post=144650"}],"version-history":[{"count":1,"href":"https:\/\/ovelanalista.com\/index.php?rest_route=\/wp\/v2\/posts\/144650\/revisions"}],"predecessor-version":[{"id":144659,"href":"https:\/\/ovelanalista.com\/index.php?rest_route=\/wp\/v2\/posts\/144650\/revisions\/144659"}],"wp:featuredmedia":[{"embeddable":true,"href":"https:\/\/ovelanalista.com\/index.php?rest_route=\/wp\/v2\/media\/123171"}],"wp:attachment":[{"href":"https:\/\/ovelanalista.com\/index.php?rest_route=%2Fwp%2Fv2%2Fmedia&parent=144650"}],"wp:term":[{"taxonomy":"category","embeddable":true,"href":"https:\/\/ovelanalista.com\/index.php?rest_route=%2Fwp%2Fv2%2Fcategories&post=144650"},{"taxonomy":"post_tag","embeddable":true,"href":"https:\/\/ovelanalista.com\/index.php?rest_route=%2Fwp%2Fv2%2Ftags&post=144650"}],"curies":[{"name":"wp","href":"https:\/\/api.w.org\/{rel}","templated":true}]}}