{"id":144652,"date":"2026-04-16T08:58:38","date_gmt":"2026-04-16T15:58:38","guid":{"rendered":"https:\/\/ovelanalista.com\/?p=144652"},"modified":"2026-04-16T08:58:38","modified_gmt":"2026-04-16T15:58:38","slug":"en-el-blanco-fernando-zepeda-h-2","status":"publish","type":"post","link":"https:\/\/ovelanalista.com\/?p=144652","title":{"rendered":"En el blanco Fernando Zepeda H."},"content":{"rendered":"<p><strong>*Aunque no resuelve nada, la ausencia de Garc\u00eda Harfuch en Sinaloa ya se nota en las mesas de seguridad estatal que a diario se llevan a cabo<\/strong><br \/>\n<strong>*Pero a distancia, Garc\u00eda Harfuch cada vez que habla de seguridad en las \u201cma\u00f1aneras del pueblo\u201d saca de la chistera alg\u00fan dato de Sinaloa. Ayer no fue la excepci\u00f3n<\/strong><br \/>\n<strong>*Las versiones de que los agentes federales conocidos como \u201charfuch\u201d en Sinaloa apuntan a que est\u00e1n creando \u201cchivos expiatorios\u201d ante la falta de resultados<\/strong><br \/>\n<strong>*El caso de los dos maestros de educaci\u00f3n f\u00edsica detenidos por los \u201charfuch\u201d en Mazatl\u00e1n pintan de cuerpo completo la creaci\u00f3n de \u201cculpables\u201d<\/strong><br \/>\n<strong>*Si no puedes contra las violaciones a la Ley electoral, entonces hay que sumarse, pareciera decir la diputada Tere Guerra que advirti\u00f3 que seguir\u00e1 su trabajo territorial<\/strong><br \/>\n<strong>*Morena se prepara para ejercer el control del INE. En marcha el proceso para nombrar tres nuevos consejeros. Ya Morena asesto el golpe econ\u00f3mico. Hoy va por el control<\/strong><br \/>\n<strong>*En Elota amanecieron ayer con un \u201cbloqueo\u201d en la carretera que comunica a Pueblo Nuevo con Potrerillo del Morote y detonaciones de armas de fuego<\/strong><br \/>\n<strong>*En Escuinapa la crisis de inseguridad y amenaza de renuncia masiva de polic\u00edas municipales no frenar\u00e1 la celebraci\u00f3n de las fiestas del mar<\/strong><br \/>\n<strong>*El regidor Felipe Parada le recomienda a la alcaldesa Estrella Palacios que antes de pensar en la reelecci\u00f3n, de resultados a los mazatlecos<\/strong><\/p>\n<p>\u00bfY Harfuch?. El Secretario de Seguridad federal Omar Garc\u00eda Harfuch no aparece por ning\u00fan lado en Sinaloa. Y aunque no marca diferencia el que este o no en Sinaloa, la ausencia de Garc\u00eda Harfuch es notoria. Ahh, pero eso s\u00ed, las veces que le toca participar en la \u201cma\u00f1anera del pueblo\u201d, siempre ha tenido alguna menci\u00f3n hacia Sinaloa. Ayer no fue la excepci\u00f3n. Dio a conocer la detenci\u00f3n de varios sujetos, entre ellos uno buscado por el FBI y que seg\u00fan Garc\u00eda Harfuch fue detenido en Culiac\u00e1n. Lo mismo menciono de un \u201cgenerador\u201d de violencia \u201cencargado de distribuir droga\u201d en Mazatl\u00e1n. Los pormenores ni se abordan. La ausencia de Garc\u00eda Harfuch de las \u201cmesas de seguridad\u201d que a diario se llevan a cabo, no marca ninguna diferencia. En cambio, el \u201ctrabajo\u201d de sus elementos ha comenzado a marcar un camino cuestionable. Cada vez aumenta la versi\u00f3n de que los \u201charfuch\u201d cuando no logran resultados, est\u00e1n \u201cfabricando chivos expiatorios\u201d. Ese es el caso de los profesores Cuauht\u00e9moc Pe\u00f1a y Dagoberto Tejeda. Los agentes federales los aprehendieron y supuestamente les encontraron armas y drogas. Familiarez, amigos y alumnos de los dos maestros refutan totalmente la versi\u00f3n de los agentes federales. M\u00e1s de cinco manifestaciones se han organizado para exigir la libertad inmediata de los maestros. Y el gobierno hace mutis.<\/p>\n<p><img class=\"alignnone size-large wp-image-193248 td-animation-stack-type0-2\" alt=\"\" \/><img loading=\"lazy\" decoding=\"async\" class=\"alignnone size-large wp-image-223496 td-animation-stack-type0-2\" src=\"https:\/\/sinaloaenlinea.com\/wp-content\/uploads\/2026\/04\/670528921_971763782028918_156450151482531258_n-1024x682.jpg\" sizes=\"auto, (max-width: 696px) 100vw, 696px\" srcset=\"https:\/\/sinaloaenlinea.com\/wp-content\/uploads\/2026\/04\/670528921_971763782028918_156450151482531258_n-1024x682.jpg 1024w, https:\/\/sinaloaenlinea.com\/wp-content\/uploads\/2026\/04\/670528921_971763782028918_156450151482531258_n-300x200.jpg 300w, https:\/\/sinaloaenlinea.com\/wp-content\/uploads\/2026\/04\/670528921_971763782028918_156450151482531258_n-768x511.jpg 768w, https:\/\/sinaloaenlinea.com\/wp-content\/uploads\/2026\/04\/670528921_971763782028918_156450151482531258_n-1536x1022.jpg 1536w, https:\/\/sinaloaenlinea.com\/wp-content\/uploads\/2026\/04\/670528921_971763782028918_156450151482531258_n-631x420.jpg 631w, https:\/\/sinaloaenlinea.com\/wp-content\/uploads\/2026\/04\/670528921_971763782028918_156450151482531258_n-150x100.jpg 150w, https:\/\/sinaloaenlinea.com\/wp-content\/uploads\/2026\/04\/670528921_971763782028918_156450151482531258_n-696x463.jpg 696w, https:\/\/sinaloaenlinea.com\/wp-content\/uploads\/2026\/04\/670528921_971763782028918_156450151482531258_n-1068x711.jpg 1068w, https:\/\/sinaloaenlinea.com\/wp-content\/uploads\/2026\/04\/670528921_971763782028918_156450151482531258_n.jpg 1600w\" alt=\"\" width=\"696\" height=\"464\" \/><\/p>\n<p>Otro escandaloso fracaso fue la movilizaci\u00f3n que los agentes federales apoyados por elementos de Marina y un helic\u00f3ptero llevaron a cabo en el Fraccionamiento privado \u201cCibeles\u201d. Por horas mantuvieron un \u201creten\u201d que cerro el acceso a ese asentamiento, en tanto un helic\u00f3ptero sobrevolaba la zona. Federales y militares ingresaron al fraccionamiento. \u00bfY que creen?. A quien buscaban se les pelo. Los federales jam\u00e1s se enteraron que en ese fraccionamiento opera una salida y entrada de servicio por la parte de atr\u00e1s. Pues por ah\u00ed se les pelo o pelaron por los que iban. Algunos mencionan que se trataba de parte de una c\u00e9lula criminal que secuestro y despu\u00e9s asesino al empresario frutero Rafael Tirado. El Secretario de Seguridad Omar Garc\u00eda Harfuch ha quedado a deber a los sinaloenses. Habla de sujetos detenidos en torno a la desaparici\u00f3n de cuatro turistas del Estado de M\u00e9xico en Mazatl\u00e1n. Pero los desaparecidos no aparecen. Menciona avances en materia de seguridad, pero los asesinatos contin\u00faan. El que venga o no a Sinaloa Garc\u00eda Harfuch sencillamente no ha marcado ninguna diferencia.<\/p>\n<p>Sumarse a la ilegalidad. Respetar las leyes no es para nada el \u201cfuerte\u201d de la 4T. Respetar a las instituciones a las que mando \u201cal diablo\u201d el mentor de Morena, pareciera ser la directriz. Y en Sinaloa parece seguirse al pie de la letra la lecci\u00f3n del fundador de Morena. Si la Senadora Imelda Castro est\u00e1 violando la Ley electoral al encabezar e impulsar una campa\u00f1a anticipada para alcanzar la candidatura al gobierno de Sinaloa, la l\u00edder del Congreso del estado la tambi\u00e9n morenista Teresa Guerra declaro ayer que \u201ccorre el riesgo\u201d de que la se\u00f1alen por incurrir en \u201cactos anticipados de campa\u00f1a\u201d, porque advirti\u00f3: \u201crealizando trabajo territorial\u201d. Es decir, si ya la Ley electoral la est\u00e1n violando, entonces en lugar de exigir respeto a la Ley, Teresa Guerra se suma a seguir violentando la Ley electoral. El camino pareciera ya estar trazado para todos los aspirantes de Morena. Y de otros partidos. Porque todo parece indicar que no hay sanciones para aquellos que evidentemente violan la Ley. Ya se olvidaron que al asumir sus respectivos cargos, juraron respetar y hacer respetar la Ley. \u00bfCon que cara volver\u00e1n a jurar?, cuando lleguen a ganar otro cargo p\u00fablico.<\/p>\n<p>Morena va por el INE. El gobierno de Sheinbaum tiene bien claro que por el control del Instituto Nacional Electoral. Ya cuenta con mayor\u00eda en las c\u00e1maras de Diputados y Senadores. Ya controla el poder judicial a trav\u00e9s de los \u201cmagistrados del acorde\u00f3n\u201d y ahora ya puso la mira hacia el INE. De entrada, por disposici\u00f3n presidencial acaban de reducir presupuesto al INE. Y en estos momentos corre el \u201cproceso\u201d para la designaci\u00f3n de tres nuevos consejeros en el INE. Y aunque intentan hacer creer que todo ser\u00e1 transparente, los \u201cdados est\u00e1n cargados\u201d. Hay simpatizantes y cercanos al gobierno federal que se busca sean los beneficiados. Con esto, el gobierno federal estar\u00eda en condiciones de manipular al INE, el organismo independiente que tanto costo a los mexicanos y que ahora pretenden sujetarlo para beneficio del partido en el gobierno.<\/p>\n<p><img loading=\"lazy\" decoding=\"async\" class=\"alignnone size-large wp-image-223495 td-animation-stack-type0-2\" src=\"https:\/\/sinaloaenlinea.com\/wp-content\/uploads\/2026\/04\/a1172cf3-5d5e-44bf-9926-a0beeb95bab9-1024x795.jpeg\" sizes=\"auto, (max-width: 696px) 100vw, 696px\" srcset=\"https:\/\/sinaloaenlinea.com\/wp-content\/uploads\/2026\/04\/a1172cf3-5d5e-44bf-9926-a0beeb95bab9-1024x795.jpeg 1024w, https:\/\/sinaloaenlinea.com\/wp-content\/uploads\/2026\/04\/a1172cf3-5d5e-44bf-9926-a0beeb95bab9-300x233.jpeg 300w, https:\/\/sinaloaenlinea.com\/wp-content\/uploads\/2026\/04\/a1172cf3-5d5e-44bf-9926-a0beeb95bab9-768x596.jpeg 768w, https:\/\/sinaloaenlinea.com\/wp-content\/uploads\/2026\/04\/a1172cf3-5d5e-44bf-9926-a0beeb95bab9-541x420.jpeg 541w, https:\/\/sinaloaenlinea.com\/wp-content\/uploads\/2026\/04\/a1172cf3-5d5e-44bf-9926-a0beeb95bab9-150x116.jpeg 150w, https:\/\/sinaloaenlinea.com\/wp-content\/uploads\/2026\/04\/a1172cf3-5d5e-44bf-9926-a0beeb95bab9-696x540.jpeg 696w, https:\/\/sinaloaenlinea.com\/wp-content\/uploads\/2026\/04\/a1172cf3-5d5e-44bf-9926-a0beeb95bab9-1068x829.jpeg 1068w, https:\/\/sinaloaenlinea.com\/wp-content\/uploads\/2026\/04\/a1172cf3-5d5e-44bf-9926-a0beeb95bab9.jpeg 1076w\" alt=\"\" width=\"696\" height=\"540\" \/><\/p>\n<p>Elota otra vez. Vecinos de la comunidad de Elota reportaron ayer un bloqueo en la carretera que comunica a Pueblo Nuevo y Potrerillo del Norote. Al mismo tiempo las detonaciones de explosiones y armas de diversos calibres sembraron el temor entre los pobladores. Los reportes llegaron desde temprano ayer martes. Y fuerzas federales se desplazaron a la zona. Sin embargo, por la tarde el bloqueo continuo y las detonaciones de armas de fuego reaparecieron. Oficialmente no se sabe nada. Porque el gobierno como es su costumbre se guarda la informaci\u00f3n oficial.<\/p>\n<p>Escuinapa la crisis de seguridad. El municipio sinaloense que colinda al sur de Sinaloa con Nayarit, enfrenta una crisis de inseguridad que ni el gobierno federal ni el estatal han logrado resolver. Los asesinatos a polic\u00edas municipales llevaron a la amenaza de renuncia masiva de los elementos que aun permanecen activos en esa corporaci\u00f3n. Y aun cuando la amenaza ha quedado aparentemente resuelta, los riesgos de que se presenten ms hechos violentos est\u00e1n presentes. El alcalde V\u00edctor Diaz Simental ha tenido que enfrentar la crisis, como puede. Y viene la celebraci\u00f3n de la fiesta m\u00e1s importante del municipio: Las Fiestas del Mar de Las Cabras. Diaz Simental acaba de jugarse un \u201cvoladito\u201d. Anuncio que \u201ccon gobierno, sin gobierno o a pesar del gobierno\u201d, las fiestas del Mar se llevaran a cabo. Esta celebraci\u00f3n se llevar\u00e1 a cabo del 21 al 25 de mayo y ya quedo armada la cartelera art\u00edstica.<\/p>\n<p><img loading=\"lazy\" decoding=\"async\" class=\"alignnone size-full wp-image-223463 td-animation-stack-type0-2\" src=\"https:\/\/sinaloaenlinea.com\/wp-content\/uploads\/2026\/04\/Captura-de-pantalla-2026-04-14-a-las-16.22.59.png\" sizes=\"auto, (max-width: 748px) 100vw, 748px\" srcset=\"https:\/\/sinaloaenlinea.com\/wp-content\/uploads\/2026\/04\/Captura-de-pantalla-2026-04-14-a-las-16.22.59.png 748w, https:\/\/sinaloaenlinea.com\/wp-content\/uploads\/2026\/04\/Captura-de-pantalla-2026-04-14-a-las-16.22.59-300x262.png 300w, https:\/\/sinaloaenlinea.com\/wp-content\/uploads\/2026\/04\/Captura-de-pantalla-2026-04-14-a-las-16.22.59-481x420.png 481w, https:\/\/sinaloaenlinea.com\/wp-content\/uploads\/2026\/04\/Captura-de-pantalla-2026-04-14-a-las-16.22.59-150x131.png 150w, https:\/\/sinaloaenlinea.com\/wp-content\/uploads\/2026\/04\/Captura-de-pantalla-2026-04-14-a-las-16.22.59-696x608.png 696w\" alt=\"\" width=\"748\" height=\"653\" \/><\/p>\n<p>Que primero de resultados. El regidor panista Felipe Parada le recomend\u00f3 a la alcaldesa Estrella Palacios que antes de pensar en la reelecci\u00f3n, primero debe dar resultados. Dijo que \u201cprimero sacar la chamba, resolver los problemas de la ciudad, recuperar la imagen de Mazatl\u00e1n hacia afuera, pues se tiene una imagen de puerto inseguro\u201d. Parada se suma a los cuestionamientos que se han lanzado luego de que Estrella Palacios diera a conocer que pretende \u201ccontinuar sirviendo a Mazatl\u00e1n\u201d. Parada recorre calles y colonias y se ha dado cuenta del abandono en que se encuentra la ciudadan\u00eda. Pero eso pareciera no importarle a la alcaldesa. Como bien se\u00f1ala la regidora Maribel Chollet, creen que con unas fotos y videos mostrando la sonrisa, los problemas se resuelven.<\/p>\n","protected":false},"excerpt":{"rendered":"<p>*Aunque no resuelve nada, la ausencia de Garc\u00eda Harfuch en Sinaloa ya se nota en las mesas de seguridad estatal que a diario se llevan a cabo *Pero a distancia, Garc\u00eda Harfuch cada vez que habla de seguridad en las \u201cma\u00f1aneras del pueblo\u201d saca de la chistera alg\u00fan dato de Sinaloa. Ayer no fue la excepci\u00f3n *Las versiones de que los agentes federales conocidos como \u201charfuch\u201d en Sinaloa apuntan a que est\u00e1n creando \u201cchivos expiatorios\u201d ante la falta de resultados *El caso de los dos maestros de educaci\u00f3n f\u00edsica detenidos por los \u201charfuch\u201d en Mazatl\u00e1n pintan de cuerpo completo la [&hellip;]<\/p>\n","protected":false},"author":3,"featured_media":92500,"comment_status":"open","ping_status":"open","sticky":false,"template":"","format":"standard","meta":{"_jetpack_newsletter_access":"","_jetpack_dont_email_post_to_subs":false,"_jetpack_newsletter_tier_id":0,"_jetpack_memberships_contains_paywalled_content":false,"_jetpack_feature_clip_id":0,"_jetpack_memberships_contains_paid_content":false,"footnotes":"","jetpack_publicize_message":"","jetpack_publicize_feature_enabled":true,"jetpack_social_post_already_shared":true,"jetpack_social_options":{"image_generator_settings":{"template":"highway","default_image_id":0,"font":"","enabled":false},"version":2},"jetpack_post_was_ever_published":false},"categories":[104],"tags":[],"class_list":["post-144652","post","type-post","status-publish","format-standard","has-post-thumbnail","hentry","category-columnistas-estatales","post--single"],"jetpack_publicize_connections":[],"jetpack_featured_media_url":"https:\/\/ovelanalista.com\/wp-content\/uploads\/2024\/03\/Fernando-Zepeda-Hurtado-300x150-1.png","jetpack_sharing_enabled":true,"_links":{"self":[{"href":"https:\/\/ovelanalista.com\/index.php?rest_route=\/wp\/v2\/posts\/144652","targetHints":{"allow":["GET"]}}],"collection":[{"href":"https:\/\/ovelanalista.com\/index.php?rest_route=\/wp\/v2\/posts"}],"about":[{"href":"https:\/\/ovelanalista.com\/index.php?rest_route=\/wp\/v2\/types\/post"}],"author":[{"embeddable":true,"href":"https:\/\/ovelanalista.com\/index.php?rest_route=\/wp\/v2\/users\/3"}],"replies":[{"embeddable":true,"href":"https:\/\/ovelanalista.com\/index.php?rest_route=%2Fwp%2Fv2%2Fcomments&post=144652"}],"version-history":[{"count":1,"href":"https:\/\/ovelanalista.com\/index.php?rest_route=\/wp\/v2\/posts\/144652\/revisions"}],"predecessor-version":[{"id":144655,"href":"https:\/\/ovelanalista.com\/index.php?rest_route=\/wp\/v2\/posts\/144652\/revisions\/144655"}],"wp:featuredmedia":[{"embeddable":true,"href":"https:\/\/ovelanalista.com\/index.php?rest_route=\/wp\/v2\/media\/92500"}],"wp:attachment":[{"href":"https:\/\/ovelanalista.com\/index.php?rest_route=%2Fwp%2Fv2%2Fmedia&parent=144652"}],"wp:term":[{"taxonomy":"category","embeddable":true,"href":"https:\/\/ovelanalista.com\/index.php?rest_route=%2Fwp%2Fv2%2Fcategories&post=144652"},{"taxonomy":"post_tag","embeddable":true,"href":"https:\/\/ovelanalista.com\/index.php?rest_route=%2Fwp%2Fv2%2Ftags&post=144652"}],"curies":[{"name":"wp","href":"https:\/\/api.w.org\/{rel}","templated":true}]}}