{"id":144654,"date":"2026-04-16T09:12:44","date_gmt":"2026-04-16T16:12:44","guid":{"rendered":"https:\/\/ovelanalista.com\/?p=144654"},"modified":"2026-04-16T09:12:44","modified_gmt":"2026-04-16T16:12:44","slug":"aceleran-morena-pri-y-pan-figuras-de-candidatos-a-los-17-estados","status":"publish","type":"post","link":"https:\/\/ovelanalista.com\/?p=144654","title":{"rendered":"Aceleran Morena, PRI y PAN figuras de candidatos a los 17 estados"},"content":{"rendered":"<p><strong>Aqu\u00ed en el Congreso<\/strong><\/p>\n<p><strong>Por Jos\u00e9 Antonio Ch\u00e1vez<\/strong><\/p>\n<p>&nbsp;<\/p>\n<p>El 22 de junio Morena agend\u00f3 dar inicio al registro de los aspirantes a las 17 gubernaturas con un mecanismo permitido por la ley electoral con la figura de Coordinadores.<\/p>\n<p>Naturalmente que estar\u00edamos hablando que Morena quiere comenzar sus recorridos de campa\u00f1a con esa figura de Coordinadores pero que al final del d\u00eda ya est\u00e1n etiquetados como los candidatos a las diferentes entidades.<\/p>\n<p>Esas figuras permitir\u00e1n que puedan ser identificados en las calles, manzanas y colonias de los municipios del estado donde van a buscar gobernar.<\/p>\n<p>Bueno, al recibir el banderazo del propio INE de Guadalupe Taddei que no incurren en actos anticipados de campa\u00f1a, los priistas de Alejandro Moreno \u201cAlito\u201d aprovecharon para ir un paso adelante y no esperar hasta junio para el nombramiento de los que ser\u00e1n sus aspirantes.<\/p>\n<p>Los priistas le llamaron Defensores de M\u00e9xico y fueron presentados los aspirantes de las 17 entidades que estar\u00e1n en juego para cambio de gobierno. Tambi\u00e9n se decidir\u00e1 posterior quienes ser\u00e1n esos defensores.<\/p>\n<p>Pero los panistas de Jorge Romero no se quisieron quedar atr\u00e1s y pr\u00e1cticamente copiaron el modelo de los priistas para incorporar la figura de Coordinadores del Cambio y defensa de la Familia.<\/p>\n<p>En Michoac\u00e1n estrenaron pr\u00e1cticamente el primer nombramiento del que ser\u00e1 su candidato al gobierno del estado, el actual Alcalde de Morelia, Alfonso Mart\u00ednez, el mismo que se oficializar\u00e1 este jueves en su entidad con la presencia del l\u00edder nacional panista.<\/p>\n<p>El Partido Verde ya solt\u00f3 que en San Luis Potos\u00ed se la jugar\u00e1n solos sin alianza con Morena y su candidata ser\u00e1 la esposa del gobernador, Ricardo Gallardo, la senadora Ruth Gonz\u00e1lez.<\/p>\n<p>No pierda de vista que en los pr\u00f3ximos d\u00edas tambi\u00e9n salga Movimiento Ciudadano de Dante Delgado para ofrecer la identidad de sus aspirantes a esas 17 entidades, en el mismo mecanismo de figuras de defensores o representantes.<\/p>\n<p><strong>Y PARA EL 2030 TAMBIEN QUIEREN<\/strong><\/p>\n<p>Vicente Fox se recuerda que comenz\u00f3 su campa\u00f1a Presidencial tres a\u00f1os antes del 2000, era gobernador de Guanajuato y ya andaba por todo el pa\u00eds.<\/p>\n<p>Hoy son cuatro a\u00f1os y los tiempos ya comenzaron a jalar las figuras de los candidateables para la sucesi\u00f3n Presidencial del 2030.<\/p>\n<p>Para nadie es secreto que en Morena los jaloneos est\u00e1n que arden, las dos figuras de hoy son el secretario de Seguridad, Omar Garc\u00eda Harfuch y de Econom\u00eda, Marcelo Ebrard. Pueden surgir otras figuras de gobernadores, entre ellos de Puebla Alejandro Armenta que comenz\u00f3 su administraci\u00f3n con una intensidad laboral y de apoyo ciudadano. Despu\u00e9s del 2027 la lista crecer\u00e1.<\/p>\n<p>En el PAN, figuran como naturales, el excandidato Presidencial y coordinador de los senadores, Ricardo Anaya, la senadora Lilly T\u00e9llez y la actual presidenta de la C\u00e1mara de Diputados, Kenia L\u00f3pez, dos legisladoras que han sido un verdadero dolor de cabeza del movimiento de la 4T y con mayor fuerza a los senadores Ad\u00e1n Augusto y Gerardo Fern\u00e1ndez Noro\u00f1a.<\/p>\n<p>En el PRI, la figura m\u00e1s que clara es el actual l\u00edder nacional del partido tricolor, Alejandro Moreno \u201cAlito\u201d, un personaje pol\u00edtico que se ha convertido en la oposici\u00f3n que levanta \u00e1mpula en Palacio Nacional.<\/p>\n<p>Se ha convertido en el m\u00e1s incomodo del movimiento de Morena con severas cr\u00edticas y denuncias que ha presentado, no solo en M\u00e9xico sino en Estados Unidos, donde les duele la relaci\u00f3n con Marco Rubio, brazo derecho de Trump. De narco-gobierno no los baja, frase que les ha restado popularidad y preocupaci\u00f3n.<\/p>\n<p><strong>SALON HEBERTO CASTILLO Y EL LIBRO \u201cSI TE AGARRAN, TE MATAN\u201d<\/strong><\/p>\n<p>El l\u00edder de la bancada de Morena, Ignacio Mier dio la bienvenida a la secretaria de Gobernaci\u00f3n, Rosa Icela Rodr\u00edguez invitada de honor a la inauguraci\u00f3n del Sal\u00f3n de la Comisi\u00f3n Permanente \u201cHeberto Castillo\u201d del Senado de la Rep\u00fablica la tarde-noche del pasado martes.<\/p>\n<p>Mier reconoci\u00f3 al ingeniero Heberto Castillo que hizo de la pol\u00edtica \u201cel arte del di\u00e1logo y de la paz\u201d. Naturalmente que ah\u00ed estaba su hija, la senadora presidenta de la C\u00e1mara Alta, Laura Itzel Castillo.<\/p>\n<p>La legisladora no ocult\u00f3 su gusto por recordar la memoria de su padre, un luchador de izquierda. Cabe recordar que Laura Itzel cuando lleg\u00f3 al cargo, en septiembre, comparti\u00f3 el pan y la sal con los periodistas que cubren la fuente y les obsequi\u00f3 un libro de la historia de su padre con un t\u00edtulo vendedor: \u201cSi te agarran te matan\u201d. Es la historia de su lucha como izquierda y en los acontecimientos del 68 con el movimiento estudiantil. Lectura recomendable.<\/p>\n<p>Jachavez77@yahoo.com<\/p>\n","protected":false},"excerpt":{"rendered":"<p>Aqu\u00ed en el Congreso Por Jos\u00e9 Antonio Ch\u00e1vez &nbsp; El 22 de junio Morena agend\u00f3 dar inicio al registro de los aspirantes a las 17 gubernaturas con un mecanismo permitido por la ley electoral con la figura de Coordinadores. Naturalmente que estar\u00edamos hablando que Morena quiere comenzar sus recorridos de campa\u00f1a con esa figura de Coordinadores pero que al final del d\u00eda ya est\u00e1n etiquetados como los candidatos a las diferentes entidades. Esas figuras permitir\u00e1n que puedan ser identificados en las calles, manzanas y colonias de los municipios del estado donde van a buscar gobernar. Bueno, al recibir el banderazo [&hellip;]<\/p>\n","protected":false},"author":3,"featured_media":89737,"comment_status":"open","ping_status":"open","sticky":false,"template":"","format":"standard","meta":{"_jetpack_newsletter_access":"","_jetpack_dont_email_post_to_subs":false,"_jetpack_newsletter_tier_id":0,"_jetpack_memberships_contains_paywalled_content":false,"_jetpack_feature_clip_id":0,"_jetpack_memberships_contains_paid_content":false,"footnotes":"","jetpack_publicize_message":"","jetpack_publicize_feature_enabled":true,"jetpack_social_post_already_shared":true,"jetpack_social_options":{"image_generator_settings":{"template":"highway","default_image_id":0,"font":"","enabled":false},"version":2},"jetpack_post_was_ever_published":false},"categories":[79],"tags":[],"class_list":["post-144654","post","type-post","status-publish","format-standard","has-post-thumbnail","hentry","category-columnistas-nacionales","post--single"],"jetpack_publicize_connections":[],"jetpack_featured_media_url":"https:\/\/ovelanalista.com\/wp-content\/uploads\/2024\/02\/jose_antonio_chavez.jpeg","jetpack_sharing_enabled":true,"_links":{"self":[{"href":"https:\/\/ovelanalista.com\/index.php?rest_route=\/wp\/v2\/posts\/144654","targetHints":{"allow":["GET"]}}],"collection":[{"href":"https:\/\/ovelanalista.com\/index.php?rest_route=\/wp\/v2\/posts"}],"about":[{"href":"https:\/\/ovelanalista.com\/index.php?rest_route=\/wp\/v2\/types\/post"}],"author":[{"embeddable":true,"href":"https:\/\/ovelanalista.com\/index.php?rest_route=\/wp\/v2\/users\/3"}],"replies":[{"embeddable":true,"href":"https:\/\/ovelanalista.com\/index.php?rest_route=%2Fwp%2Fv2%2Fcomments&post=144654"}],"version-history":[{"count":1,"href":"https:\/\/ovelanalista.com\/index.php?rest_route=\/wp\/v2\/posts\/144654\/revisions"}],"predecessor-version":[{"id":144660,"href":"https:\/\/ovelanalista.com\/index.php?rest_route=\/wp\/v2\/posts\/144654\/revisions\/144660"}],"wp:featuredmedia":[{"embeddable":true,"href":"https:\/\/ovelanalista.com\/index.php?rest_route=\/wp\/v2\/media\/89737"}],"wp:attachment":[{"href":"https:\/\/ovelanalista.com\/index.php?rest_route=%2Fwp%2Fv2%2Fmedia&parent=144654"}],"wp:term":[{"taxonomy":"category","embeddable":true,"href":"https:\/\/ovelanalista.com\/index.php?rest_route=%2Fwp%2Fv2%2Fcategories&post=144654"},{"taxonomy":"post_tag","embeddable":true,"href":"https:\/\/ovelanalista.com\/index.php?rest_route=%2Fwp%2Fv2%2Ftags&post=144654"}],"curies":[{"name":"wp","href":"https:\/\/api.w.org\/{rel}","templated":true}]}}