{"id":144661,"date":"2026-04-16T09:50:07","date_gmt":"2026-04-16T16:50:07","guid":{"rendered":"https:\/\/ovelanalista.com\/?p=144661"},"modified":"2026-04-16T09:50:07","modified_gmt":"2026-04-16T16:50:07","slug":"en-el-blanco-por-fernando-zepeda-h-25","status":"publish","type":"post","link":"https:\/\/ovelanalista.com\/?p=144661","title":{"rendered":"En el blanco por Fernando Zepeda H."},"content":{"rendered":"<p><em><strong>*La senadora Imelda Castro no solicitar\u00e1 licencia hasta que Morena emita la convocatoria<\/strong><\/em><br \/>\n<em><strong>*Todo lo contrario de la tambi\u00e9n Senadora de Morena Andrea Ch\u00e1vez que ya solicito \u201clicencia\u201d para ir a trabajar territorio para la candidatura a Gobernador de Chihuahua<\/strong><\/em><br \/>\n<em><strong>*\u00bfQu\u00e9 mensaje manda lo sucedido entre Imelda y Ch\u00e1vez?. Pues que la de Chihuahua ya la tiene segura.<\/strong><\/em><br \/>\n<em><strong>*Sheinbaum lanzo la advertencia de que todo aquel servidor publico debe dejar su cargo si aspira a convertirse en candidato para el 2027<\/strong><\/em><br \/>\n<em><strong>*Lo mismo aplica a las diputadas Tere Guerra, Graciela Dominguez y a los alcaldes de Mazatl\u00e1n, Culiac\u00e1n y Ahome que dicen ser aspirantes<\/strong><\/em><br \/>\n<em><strong>*No es novedad que \u201cPio\u201d Esquer reconozca que busca ser candidato a la gubernatura por MC. La dirigencia estatal le cayo del cielo tras el atentado que sufri\u00f3 Sergio Torres<\/strong><\/em><br \/>\n<em><strong>*La diputada Ely Montoya quien resultara gravemente lesionada en el atentado contra Torres y perdi\u00f3 uno de sus ojos, se coloca por la carrera a candidato por Culiac\u00e1n<\/strong><\/em><br \/>\n<em><strong>*Pucheta afirma que no esta en la espera de nada para el proceso electoral del 2027. Pero ah\u00ed est\u00e1 su capital pol\u00edtico. Sin duda es un atractivo pol\u00edtico para los partidos<\/strong><\/em><br \/>\n<em><strong>*El arribo del crucero \u201cBrillante Lady\u201d por primera vez a Mazatl\u00e1n mostro las evidentes diferencias entre la alcaldesa y la titular de turismo en Sinaloa. No se quieren<\/strong><\/em><br \/>\n<em><strong>*Para complicar m\u00e1s la imagen de Mazatl\u00e1n se report\u00f3 ayer la desaparici\u00f3n de una menor de edad. Se tema por su integridad<\/strong><\/em><\/p>\n<p><em><strong>Imelda no solicitar\u00e1 licencia.<\/strong>\u00a0<\/em>A tres d\u00edas de que la Presidenta Claudia Sheinbaum advirtiera que quienes aspiran a cargos de elecci\u00f3n para el 2027 deben dejar sus cargos, la respuesta llego desde el Senado de la Republica. La senadora Imelda Castro declaro ayer su aspiraci\u00f3n a convertirse en candidata a la gubernatura de Sinaloa. Pero que no dejar\u00e1 el cargo hasta que haya una convocatoria de su partido Morena. A diferencia de Imelda, su compa\u00f1era senadora Andrea Ch\u00e1vez solicito licencia para ir a realizar trabajo de territorio y buscar la postulaci\u00f3n al Gobierno del Estado de Chihuahua. Sheinbaum fue clara al pronunciarse en contra de estar ocupando un cargo publico y participar en procesos internos de partido. \u201cDeben dejar sus cargos con tiempo\u2026No se puede ser servidor publico y al mismo tiempo candidato, precandidato o querer ser coordinador de la transformaci\u00f3n en un estado, en un municipio o en una diputaci\u00f3n\u201d, fijo como postura.<\/p>\n<p><img class=\"alignnone size-large wp-image-205664\" alt=\"\" \/><img loading=\"lazy\" decoding=\"async\" class=\"alignnone size-large wp-image-223553\" src=\"https:\/\/sinaloaenlinea.com\/wp-content\/uploads\/2026\/04\/670404989_1561919765302864_7403360582728771582_n-1024x683.jpg\" sizes=\"auto, (max-width: 696px) 100vw, 696px\" srcset=\"https:\/\/sinaloaenlinea.com\/wp-content\/uploads\/2026\/04\/670404989_1561919765302864_7403360582728771582_n-1024x683.jpg 1024w, https:\/\/sinaloaenlinea.com\/wp-content\/uploads\/2026\/04\/670404989_1561919765302864_7403360582728771582_n-300x200.jpg 300w, https:\/\/sinaloaenlinea.com\/wp-content\/uploads\/2026\/04\/670404989_1561919765302864_7403360582728771582_n-768x512.jpg 768w, https:\/\/sinaloaenlinea.com\/wp-content\/uploads\/2026\/04\/670404989_1561919765302864_7403360582728771582_n-1536x1025.jpg 1536w, https:\/\/sinaloaenlinea.com\/wp-content\/uploads\/2026\/04\/670404989_1561919765302864_7403360582728771582_n-630x420.jpg 630w, https:\/\/sinaloaenlinea.com\/wp-content\/uploads\/2026\/04\/670404989_1561919765302864_7403360582728771582_n-150x100.jpg 150w, https:\/\/sinaloaenlinea.com\/wp-content\/uploads\/2026\/04\/670404989_1561919765302864_7403360582728771582_n-696x464.jpg 696w, https:\/\/sinaloaenlinea.com\/wp-content\/uploads\/2026\/04\/670404989_1561919765302864_7403360582728771582_n-1068x712.jpg 1068w, https:\/\/sinaloaenlinea.com\/wp-content\/uploads\/2026\/04\/670404989_1561919765302864_7403360582728771582_n-1920x1281.jpg 1920w, https:\/\/sinaloaenlinea.com\/wp-content\/uploads\/2026\/04\/670404989_1561919765302864_7403360582728771582_n.jpg 2048w\" alt=\"\" width=\"696\" height=\"464\" \/><\/p>\n<p>En el Senado que se sepa, de la bancada de Morena se tiene a tres senadoras que podr\u00edan ser consideradas como candidatas a gobierno del estado. Andrea Chav\u00e9z de Chihuahua fue la primera en solicitar licencia. Y quedan Ana Lilia Rivera de Tlaxcala y la sinaloense Imelda Castro. Ana Lilia no hab\u00eda fijado su postura hasta ayer, pero Imelda Castro si lo hizo. Dijo que no pod\u00eda anticipar \u201cuna licencia\u201d sin que se tenga una convocatoria oficial de parte de Morena. Es decir, no planea dejar la senadur\u00eda sin tener algo concreto. Y ese es el mensaje que sin querer surgi\u00f3 con la \u201clicencia\u201d de la senadora Andrea Ch\u00e1vez de Chihuahua. Ella al parecer ya tiene la certeza de que se convertir\u00e1 en candidata por Morena. Y en el caso de Imelda Castro, \u00bfhay o no hay certeza?. Ch\u00e1vez solicito licencia para irse de lleno a realizar \u201ctrabajo de territorio\u201d. Imelda Castro sin \u201clicencia\u201d ya lo hace desde hace tiempo. Morena ha fijado posici\u00f3n en torno a que no se permitir\u00e1 que se incurra en \u201ccampa\u00f1as anticipadas\u201d. De ah\u00ed la decisi\u00f3n de la senadora Andrea Ch\u00e1vez. Y que se sepa, contra Ch\u00e1vez no hay denuncias que la se\u00f1alen por realizar campa\u00f1a anticipada. Y contra Imelda Castro si las hay. Son dos, una que presento el Partido Acci\u00f3n Nacional y otra por Movimiento Ciudadano. El caso est\u00e1 en manos del Instituto Estatal Electoral de Sinaloa. Hay voces que apuntan que Morena lanzar\u00e1 candidata para suceder a Ruben Rocha Moya. Y esto indudablemente colocar\u00eda a Imelda Castro en primer\u00edsimo lugar. Entonces \u00bfpero qu\u00e9 necesidad?, dijera el ilustre Juan Gabriel.<\/p>\n<p><em><strong>Lo mismo aplica.<\/strong><\/em>\u00a0La l\u00edder del Congreso del Estado Teresa Guerra si como dice se considera estar en condiciones de aspirar a convertirse en candidata a la gubernatura, tendr\u00eda que ir pensando en dejar su cargo. Y seria tres meses antes de los registros de candidatos. El mismo caso se aplica para los alcaldes Estrella Palacios de Mazatl\u00e1n, Juan de Dios G\u00e1mez de Culiac\u00e1n y Antonio Men\u00e9ndez de Ahome, que es alcalde sustituto tras el desafuero de Gerardo Vargas Landeros.<\/p>\n<p><img class=\"alignnone size-large wp-image-207148\" alt=\"\" \/><img loading=\"lazy\" decoding=\"async\" class=\"alignnone size-large wp-image-223554\" src=\"https:\/\/sinaloaenlinea.com\/wp-content\/uploads\/2026\/04\/671487645_1623076143161175_185139823227581026_n-1024x709.jpg\" sizes=\"auto, (max-width: 696px) 100vw, 696px\" srcset=\"https:\/\/sinaloaenlinea.com\/wp-content\/uploads\/2026\/04\/671487645_1623076143161175_185139823227581026_n-1024x709.jpg 1024w, https:\/\/sinaloaenlinea.com\/wp-content\/uploads\/2026\/04\/671487645_1623076143161175_185139823227581026_n-300x208.jpg 300w, https:\/\/sinaloaenlinea.com\/wp-content\/uploads\/2026\/04\/671487645_1623076143161175_185139823227581026_n-768x532.jpg 768w, https:\/\/sinaloaenlinea.com\/wp-content\/uploads\/2026\/04\/671487645_1623076143161175_185139823227581026_n-606x420.jpg 606w, https:\/\/sinaloaenlinea.com\/wp-content\/uploads\/2026\/04\/671487645_1623076143161175_185139823227581026_n-150x104.jpg 150w, https:\/\/sinaloaenlinea.com\/wp-content\/uploads\/2026\/04\/671487645_1623076143161175_185139823227581026_n-218x150.jpg 218w, https:\/\/sinaloaenlinea.com\/wp-content\/uploads\/2026\/04\/671487645_1623076143161175_185139823227581026_n-696x482.jpg 696w, https:\/\/sinaloaenlinea.com\/wp-content\/uploads\/2026\/04\/671487645_1623076143161175_185139823227581026_n-1068x740.jpg 1068w, https:\/\/sinaloaenlinea.com\/wp-content\/uploads\/2026\/04\/671487645_1623076143161175_185139823227581026_n-100x70.jpg 100w, https:\/\/sinaloaenlinea.com\/wp-content\/uploads\/2026\/04\/671487645_1623076143161175_185139823227581026_n.jpg 1351w\" alt=\"\" width=\"696\" height=\"482\" \/><\/p>\n<p>Los diputados federales de Morena y del Verde, Graciela Dominguez y Ricardo Madrid respectivamente, tendr\u00edan que ir plante\u00e1ndose su posible \u201clicencia\u201d al cargo, si es que en verdad piensan lanzarse como candidatos, ya sea por la gubernatura, por una senadur\u00eda y tal vez por alguna alcald\u00eda. Aqu\u00ed veremos quien tiene el mayor temple. O m\u00e1s bien el oficio pol\u00edtico que requieren los nuevos tiempos y que desde hace m\u00e1s de siete a\u00f1os ha estado ausente tanto en el gobierno federal como en los estados y municipios gobernados por Morena.<\/p>\n<p>El pollo quiere brincar a gallo. El nuevo dirigente de MC en Sinaloa Sergio \u201cPio\u201d Esquer estuvo ayer de visita en Mazatl\u00e1n. Y en medio de una invitaci\u00f3n a conferencia de prensa y desayuno con militantes, no descarto la posibilidad de lanzarse por la candidatura a Gobernador. \u00bfY como se iba a descartar si es lo que siempre ha querido?. \u201cEl Pio\u201d como se le conoce pretende ahora cantar como \u201cgallo\u201d. Y para concretar su siempre aspiraci\u00f3n por la gubernatura, la dirigencia nacional de MC le regalo la designaci\u00f3n de Presidente de ese partido en Sinaloa. Llega ante la vileza de delincuentes que atentaron contra la vida del diputado Sergio Torres quien milagrosamente logro sobrevivir al atentado, pero en el mismo la diputada Ely Montoya fue alcanzada por un proyectil que le hizo perder uno de sus ojos. Por cierto, Ely Montoya se ha colocado por el camino de aspirar a la candidatura por la alcald\u00eda de Culiac\u00e1n. Ayer Esquer no quiso hablar de alianzas con otros partidos. Pero habr\u00e1 que esperar los tiempos porque podr\u00eda darse una alianza entre el PAN y MC.<\/p>\n<p><em><strong>No estoy a la espera de nada.<\/strong>\u00a0<\/em>El exalcalde de Mazatl\u00e1n Fernando Pucheta afirmo que no anda buscando candidaturas. Pero aseguro que \u201cmi capital pol\u00edtico ah\u00ed est\u00e1\u2026Y puede servir\u201d. Pucheta es quiz\u00e1s el \u00fanico exalcalde de Mazatl\u00e1n que ha logrado hasta estos momentos mantenerse presente en la opini\u00f3n p\u00fablica. Y en las redes sociales su presencia es innegable.<\/p>\n<p><iframe id=\"instagram-embed-0\" class=\"instagram-media instagram-media-rendered\" src=\"https:\/\/www.instagram.com\/reel\/DXLBcayCHX3\/embed\/?cr=1&amp;v=14&amp;wp=1080&amp;rd=https%3A%2F%2Fsinaloaenlinea.com&amp;rp=%2Fen-el-blanco-por-fernando-zepeda-h-534%2F#%7B%22ci%22%3A0%2C%22os%22%3A4790.60000000149%2C%22ls%22%3A4473.80000000447%2C%22le%22%3A4784.70000000298%7D\" height=\"1073\" frameborder=\"0\" scrolling=\"no\" allowfullscreen=\"allowfullscreen\" data-instgrm-payload-id=\"instagram-media-payload-0\" data-mce-fragment=\"1\"><\/iframe><\/p>\n<p>&nbsp;<\/p>\n<p>Sabe que dif\u00edcilmente Morena lo podr\u00eda considerar entre sus aspirantes a candidatos. Recuerda que \u00e9l renuncio al PRI y que si bien es cierto tiene una buena relaci\u00f3n con el Gobernador Ruben Rocha Moya, no est\u00e1 afiliado a Morena ni a ning\u00fan partido pol\u00edtico. Dadas sus caracter\u00edsticas, Pucheta podr\u00eda ser evaluado como un aspirante ciudadano a alguno de los cargos p\u00fablicos que estar\u00e1n en juego para el 2027. Y sin duda resulta pol\u00edticamente atractivo para los partidos pol\u00edticos.<\/p>\n<p><em><strong>Comprobado: No se quieren.<\/strong>\u00a0<\/em>Las diferencias entre la alcaldesa Estrella Palacios y la titular de Turismo en el Estado Mireya Sosa ya resulta inocultable. Y ellas mismas lo hacen notar en sus comunicados oficiales. Ayer en la recepci\u00f3n del crucero \u201cBrilliante Lady\u201d que por primera ocasi\u00f3n visita Mazatl\u00e1n, el Ayuntamiento emiti\u00f3 un comunicado oficial en el que solo destaca la presencia de la alcaldesa Estrella Palacios. En tanto que Sectur distribuyo su comunicado en el que destaca que en representaci\u00f3n de la titular Mireya Sosa, en la recepci\u00f3n del nav\u00edo participo Celia Jauregui, Subsecretaria de Turismo.<\/p>\n<p><img loading=\"lazy\" decoding=\"async\" class=\"alignnone size-large wp-image-223555\" src=\"https:\/\/sinaloaenlinea.com\/wp-content\/uploads\/2026\/04\/671166661_926275560403184_4258138308637638800_n-768x1024.jpg\" sizes=\"auto, (max-width: 696px) 100vw, 696px\" srcset=\"https:\/\/sinaloaenlinea.com\/wp-content\/uploads\/2026\/04\/671166661_926275560403184_4258138308637638800_n-768x1024.jpg 768w, https:\/\/sinaloaenlinea.com\/wp-content\/uploads\/2026\/04\/671166661_926275560403184_4258138308637638800_n-225x300.jpg 225w, https:\/\/sinaloaenlinea.com\/wp-content\/uploads\/2026\/04\/671166661_926275560403184_4258138308637638800_n-315x420.jpg 315w, https:\/\/sinaloaenlinea.com\/wp-content\/uploads\/2026\/04\/671166661_926275560403184_4258138308637638800_n-150x200.jpg 150w, https:\/\/sinaloaenlinea.com\/wp-content\/uploads\/2026\/04\/671166661_926275560403184_4258138308637638800_n-696x928.jpg 696w, https:\/\/sinaloaenlinea.com\/wp-content\/uploads\/2026\/04\/671166661_926275560403184_4258138308637638800_n.jpg 960w\" alt=\"\" width=\"696\" height=\"928\" \/><\/p>\n<p>En el comunicado de Sectur para nada mencionan a Palacios. Y en el comunicado del Ayuntamiento para nada mencionan a Celia Jauregui, menos a Mireya Sosa que se encuentra en un encuentro con navieros en Miami, Florida. Las diferencias entre Palacios y Sosa ya trascienden a los eventos oficiales. No se pueden ocultar. No se quieren. Y aunque algunos apuntan a que sus diferencias son porque Sosa podr\u00eda \u201cbrincar\u201d de candidata a la alcald\u00eda de Mazatl\u00e1n y Estrella Palacios tambi\u00e9n la quiere. Lo evidente es que hay una competencia de quien viste mejor, de quien se ve mejor y de quien sonr\u00ede mejor. Simplemente lo superficial rifa.<\/p>\n<p><em><strong>Desaparece menor de edad en Mazatl\u00e1n.<\/strong><\/em>\u00a0Una jovencita de apenas 15 a\u00f1os fue reportada como desaparecida desde la tarde del 14 de abril en Mazatl\u00e1n. Se teme que su integridad f\u00edsica esta en riesgo. La Fiscal\u00eda de Sinaloa ya emiti\u00f3 la alerta Ambar. La jovencita de 15 a\u00f1os de nombre Karely fue vista por ultima vez luego de salir de su domicilio ubicado en la colonia Francisco I. Madero. Esta desaparici\u00f3n en Mazatl\u00e1n llega justo cuando se reporta un incremento en el despojo de motocicletas y autom\u00f3viles. \u00bfY que dice el gobierno?. Pues que \u201camamos Mazatl\u00e1n\u201d. Y \u201cMazatl\u00e1n te queremos limpio\u201d. De la inseguridad ni se acuerdan.<\/p>\n","protected":false},"excerpt":{"rendered":"<p>*La senadora Imelda Castro no solicitar\u00e1 licencia hasta que Morena emita la convocatoria *Todo lo contrario de la tambi\u00e9n Senadora de Morena Andrea Ch\u00e1vez que ya solicito \u201clicencia\u201d para ir a trabajar territorio para la candidatura a Gobernador de Chihuahua *\u00bfQu\u00e9 mensaje manda lo sucedido entre Imelda y Ch\u00e1vez?. Pues que la de Chihuahua ya la tiene segura. *Sheinbaum lanzo la advertencia de que todo aquel servidor publico debe dejar su cargo si aspira a convertirse en candidato para el 2027 *Lo mismo aplica a las diputadas Tere Guerra, Graciela Dominguez y a los alcaldes de Mazatl\u00e1n, Culiac\u00e1n y Ahome [&hellip;]<\/p>\n","protected":false},"author":3,"featured_media":92500,"comment_status":"open","ping_status":"open","sticky":false,"template":"","format":"standard","meta":{"_jetpack_newsletter_access":"","_jetpack_dont_email_post_to_subs":false,"_jetpack_newsletter_tier_id":0,"_jetpack_memberships_contains_paywalled_content":false,"_jetpack_feature_clip_id":0,"_jetpack_memberships_contains_paid_content":false,"footnotes":"","jetpack_publicize_message":"","jetpack_publicize_feature_enabled":true,"jetpack_social_post_already_shared":true,"jetpack_social_options":{"image_generator_settings":{"template":"highway","default_image_id":0,"font":"","enabled":false},"version":2},"jetpack_post_was_ever_published":false},"categories":[79],"tags":[],"class_list":["post-144661","post","type-post","status-publish","format-standard","has-post-thumbnail","hentry","category-columnistas-nacionales","post--single"],"jetpack_publicize_connections":[],"jetpack_featured_media_url":"https:\/\/ovelanalista.com\/wp-content\/uploads\/2024\/03\/Fernando-Zepeda-Hurtado-300x150-1.png","jetpack_sharing_enabled":true,"_links":{"self":[{"href":"https:\/\/ovelanalista.com\/index.php?rest_route=\/wp\/v2\/posts\/144661","targetHints":{"allow":["GET"]}}],"collection":[{"href":"https:\/\/ovelanalista.com\/index.php?rest_route=\/wp\/v2\/posts"}],"about":[{"href":"https:\/\/ovelanalista.com\/index.php?rest_route=\/wp\/v2\/types\/post"}],"author":[{"embeddable":true,"href":"https:\/\/ovelanalista.com\/index.php?rest_route=\/wp\/v2\/users\/3"}],"replies":[{"embeddable":true,"href":"https:\/\/ovelanalista.com\/index.php?rest_route=%2Fwp%2Fv2%2Fcomments&post=144661"}],"version-history":[{"count":1,"href":"https:\/\/ovelanalista.com\/index.php?rest_route=\/wp\/v2\/posts\/144661\/revisions"}],"predecessor-version":[{"id":144665,"href":"https:\/\/ovelanalista.com\/index.php?rest_route=\/wp\/v2\/posts\/144661\/revisions\/144665"}],"wp:featuredmedia":[{"embeddable":true,"href":"https:\/\/ovelanalista.com\/index.php?rest_route=\/wp\/v2\/media\/92500"}],"wp:attachment":[{"href":"https:\/\/ovelanalista.com\/index.php?rest_route=%2Fwp%2Fv2%2Fmedia&parent=144661"}],"wp:term":[{"taxonomy":"category","embeddable":true,"href":"https:\/\/ovelanalista.com\/index.php?rest_route=%2Fwp%2Fv2%2Fcategories&post=144661"},{"taxonomy":"post_tag","embeddable":true,"href":"https:\/\/ovelanalista.com\/index.php?rest_route=%2Fwp%2Fv2%2Ftags&post=144661"}],"curies":[{"name":"wp","href":"https:\/\/api.w.org\/{rel}","templated":true}]}}