{"id":144662,"date":"2026-04-16T09:51:41","date_gmt":"2026-04-16T16:51:41","guid":{"rendered":"https:\/\/ovelanalista.com\/?p=144662"},"modified":"2026-04-16T09:51:41","modified_gmt":"2026-04-16T16:51:41","slug":"cachorros-del-bienestar","status":"publish","type":"post","link":"https:\/\/ovelanalista.com\/?p=144662","title":{"rendered":"Cachorros del Bienestar"},"content":{"rendered":"<p><strong>HOMO POL\u00cdTICUS<\/strong><\/p>\n<p><strong>PAVE SOBERANES<\/strong><\/p>\n<ul>\n<li><i>Cuernavaca: una Anciana fue \u2018Secuestrada\u2019 por un Polic\u00eda<\/i><\/li>\n<\/ul>\n<blockquote><p>\u00abA\u00fan entre los demonios hay unos peores que otros\u00bb.\u00a0<b>Miguel de Cervantes<\/b>,\u00a0<i>Don Quijote<\/i><\/p><\/blockquote>\n<p>&nbsp;<\/p>\n<p>La\u00a0<i>repatriaci\u00f3n<\/i>\u00a0de Andr\u00e9s Manuel chico de la Ciudad de M\u00e9xico a Tabasco, tiene tres lecturas \u00fanicas:<\/p>\n<p>1. Como a Emiliano Zapata, no le da para andar con calzado en las banquetas, es decir, no le va la capital del pa\u00eds, no ahora, pol\u00edticamente.<\/p>\n<p>2. En su patria chica \u2014de la que sali\u00f3 su pap\u00e1 para ser dirigente del PRD y jefe de Gobierno de la CDMX gracias a Graco Ram\u00edrez, Cuauht\u00e9moc C\u00e1rdenas y Ernesto Zedillo\u2014, podr\u00e1 ser lo que \u00e9l prefiera: diputado estatal o candidato a gobernador.<\/p>\n<p>3. Lejos del centro, donde se toman las grandes decisiones grandes, es menos t\u00f3xico para la Marca MORENA, a\u00fan propiedad de L\u00f3pez Obrador, que alguna vez amenaz\u00f3 con irse, si el partido se echaba a perder. Incumpli\u00f3 su palabra.<\/p>\n<p>El primer Cachorro del Bienestar \u2014le siguen en ese orden sus hermanos Jos\u00e9 Ram\u00f3n, Gonzalo Alfonso y Jes\u00fas Ernesto\u2014 prob\u00f3 a su corta edad las hieles y mieles de la vida, transformando su vida \u2014es la \u00fanica transformaci\u00f3n\u2014, pasando de la precariedad que Ju\u00e1rez le llamaba de otra forma, al estilo porfirista-carrancista-obregonista de aprovechar los caudales p\u00fablicos y los negocios que facilita el poder.<\/p>\n<p>Estos d\u00edas aparecieron el hijo de Marcelo Ebrard \u2014Marcelo Patrick\u2014 y el de Gerardo Fern\u00e1ndez, cuyo apellido materno es Noro\u00f1a \u2014Kin Yael\u2014. El primero vivi\u00f3 en la embajada de M\u00e9xico en Londres, con todos los gastos pagados. El segundo pas\u00f3 de ganar 20 mil pesos mensuales en la Comisi\u00f3n Federal de Electricidad, a m\u00e1s de un mill\u00f3n de pesos cada 30 d\u00edas.<\/p>\n<p>&nbsp;<\/p>\n<p>&nbsp;<\/p>\n<p>Cachorros del Bienestar los hay en todo el pa\u00eds, y bribones tambi\u00e9n. Ebrard chico estudiaba y Noro\u00f1ita holgazanea, tal vez ayudando a papi a pagar la millonaria residencia de Tepoztl\u00e1n y de cuya propietaria no se sabe nada, con las percepciones mensuales que obten\u00eda con el sudor de su frente.<\/p>\n<p>&nbsp;<\/p>\n<p><b>letras <\/b>chiquitas<\/p>\n<p class=\"x_MsoNormal\">El encarecimiento de las leyes penales es prioridad de\u00a0<b>Rafael Reyes<\/b>, para coadyuvar en la disminuci\u00f3n del delito. Anunci\u00f3 el diputado estatal de MORENA que est\u00e1 lista una reforma al C\u00f3digo Penal para castigar el despojo, que pasar\u00eda de \u00a06-10 a\u00f1os a 9-12 a\u00f1os de prisi\u00f3n***. El jefe\u00a0<b>Nivardo<\/b>\u00a0de la Polic\u00eda de Cuernavaca,\u00a0<b>Aguilera Casados<\/b>\u00a0son sus apellidos paterno y materno, es un genio: del par de mozalbetes que perpetraron robo con violencia a usuarios de una unidad de la Ruta 9, dijo que se subieron en Temixco, tratando de minimizar el delito y esconder su ineptitud para capturarlos***. Sobre el tema, el tambi\u00e9n lento coordinador de Movilidad y Transporte,\u00a0<b>Jorge Barrera<\/b>, heredero al trono de\u00a0<b>V\u00edctor Mercado<\/b>, y todo lo que representa, asegur\u00f3 que s\u00f3lo 400 unidades del transporte p\u00fablico de pasajeros cuentan con c\u00e1maras de vigilancia***. De piedritas se est\u00e1 llenando el buche social de las familias de Cuernavaca, v\u00edctimas sistem\u00e1ticas de la Polic\u00eda Extorsiva, antes de vialidad, ante el consentimiento del jefe\u00a0<b>Nivardo Aguilera<\/b>. Ayer una anciana y su hijo denunciaron la \u00abprivaci\u00f3n ilegal de su libertad\u00bb-\u00absecuestro\u00bb-abuso de autoridad, de parte de un delincuente disfrazado de polic\u00eda, cuya camioneta y ellos a bordo se llev\u00f3 al corral\u00f3n. Un caso para el zar anticorrupci\u00f3n, Leonel D\u00edaz, para limpiar su imagen, o mancharla m\u00e1s.<\/p>\n<p>&nbsp;<\/p>\n","protected":false},"excerpt":{"rendered":"<p>HOMO POL\u00cdTICUS PAVE SOBERANES Cuernavaca: una Anciana fue \u2018Secuestrada\u2019 por un Polic\u00eda \u00abA\u00fan entre los demonios hay unos peores que otros\u00bb.\u00a0Miguel de Cervantes,\u00a0Don Quijote &nbsp; La\u00a0repatriaci\u00f3n\u00a0de Andr\u00e9s Manuel chico de la Ciudad de M\u00e9xico a Tabasco, tiene tres lecturas \u00fanicas: 1. Como a Emiliano Zapata, no le da para andar con calzado en las banquetas, es decir, no le va la capital del pa\u00eds, no ahora, pol\u00edticamente. 2. En su patria chica \u2014de la que sali\u00f3 su pap\u00e1 para ser dirigente del PRD y jefe de Gobierno de la CDMX gracias a Graco Ram\u00edrez, Cuauht\u00e9moc C\u00e1rdenas y Ernesto Zedillo\u2014, podr\u00e1 [&hellip;]<\/p>\n","protected":false},"author":3,"featured_media":123567,"comment_status":"open","ping_status":"open","sticky":false,"template":"","format":"standard","meta":{"_jetpack_newsletter_access":"","_jetpack_dont_email_post_to_subs":false,"_jetpack_newsletter_tier_id":0,"_jetpack_memberships_contains_paywalled_content":false,"_jetpack_feature_clip_id":0,"_jetpack_memberships_contains_paid_content":false,"footnotes":"","jetpack_publicize_message":"","jetpack_publicize_feature_enabled":true,"jetpack_social_post_already_shared":true,"jetpack_social_options":{"image_generator_settings":{"template":"highway","default_image_id":0,"font":"","enabled":false},"version":2},"jetpack_post_was_ever_published":false},"categories":[79],"tags":[],"class_list":["post-144662","post","type-post","status-publish","format-standard","has-post-thumbnail","hentry","category-columnistas-nacionales","post--single"],"jetpack_publicize_connections":[],"jetpack_featured_media_url":"https:\/\/ovelanalista.com\/wp-content\/uploads\/2025\/06\/pave_soberanes.jpg","jetpack_sharing_enabled":true,"_links":{"self":[{"href":"https:\/\/ovelanalista.com\/index.php?rest_route=\/wp\/v2\/posts\/144662","targetHints":{"allow":["GET"]}}],"collection":[{"href":"https:\/\/ovelanalista.com\/index.php?rest_route=\/wp\/v2\/posts"}],"about":[{"href":"https:\/\/ovelanalista.com\/index.php?rest_route=\/wp\/v2\/types\/post"}],"author":[{"embeddable":true,"href":"https:\/\/ovelanalista.com\/index.php?rest_route=\/wp\/v2\/users\/3"}],"replies":[{"embeddable":true,"href":"https:\/\/ovelanalista.com\/index.php?rest_route=%2Fwp%2Fv2%2Fcomments&post=144662"}],"version-history":[{"count":1,"href":"https:\/\/ovelanalista.com\/index.php?rest_route=\/wp\/v2\/posts\/144662\/revisions"}],"predecessor-version":[{"id":144667,"href":"https:\/\/ovelanalista.com\/index.php?rest_route=\/wp\/v2\/posts\/144662\/revisions\/144667"}],"wp:featuredmedia":[{"embeddable":true,"href":"https:\/\/ovelanalista.com\/index.php?rest_route=\/wp\/v2\/media\/123567"}],"wp:attachment":[{"href":"https:\/\/ovelanalista.com\/index.php?rest_route=%2Fwp%2Fv2%2Fmedia&parent=144662"}],"wp:term":[{"taxonomy":"category","embeddable":true,"href":"https:\/\/ovelanalista.com\/index.php?rest_route=%2Fwp%2Fv2%2Fcategories&post=144662"},{"taxonomy":"post_tag","embeddable":true,"href":"https:\/\/ovelanalista.com\/index.php?rest_route=%2Fwp%2Fv2%2Ftags&post=144662"}],"curies":[{"name":"wp","href":"https:\/\/api.w.org\/{rel}","templated":true}]}}