{"id":144663,"date":"2026-04-16T09:54:17","date_gmt":"2026-04-16T16:54:17","guid":{"rendered":"https:\/\/ovelanalista.com\/?p=144663"},"modified":"2026-04-16T09:54:17","modified_gmt":"2026-04-16T16:54:17","slug":"juan-antonio-perez-simon-con-la-presea-de-la-unam-egresado-empresario-ejemplar","status":"publish","type":"post","link":"https:\/\/ovelanalista.com\/?p=144663","title":{"rendered":"Juan Antonio P\u00e9rez Sim\u00f3n, con la presea de la UNAM \u201cEgresado Empresario Ejemplar\u201d"},"content":{"rendered":"<p><strong>LOS CAPITALES<\/strong><\/p>\n<p><strong>Por EDGAR GONZALEZ MARTINEZ<\/strong><\/p>\n<p>&nbsp;<\/p>\n<p>En una jornada marcada por el orgullo y la identidad universitaria, la Facultad de Contadur\u00eda y Administraci\u00f3n (FCA) de la Universidad Nacional Aut\u00f3noma de M\u00e9xico, en conjunto con su Sociedad de Egresados, celebr\u00f3 ayer mi\u00e9rcoles 15 de abril de 2026, una ceremonia con una profunda relevancia institucional, para entregarle Juan Antonio P\u00e9rez Sim\u00f3n el reconocimiento de \u201cEgresado Empresario Ejemplar\u201d.<\/p>\n<p>El evento, programado para las 14:00 horas, no solo busc\u00f3 exaltar una trayectoria empresarial impecable, sino tambi\u00e9n reconocer el impacto de un hombre que ha sabido amalgamar el rigor de la contadur\u00eda con la sensibilidad del coleccionismo de arte de clase mundial.<\/p>\n<p>La historia de Juan Antonio P\u00e9rez Sim\u00f3n es, en muchos sentidos, la personificaci\u00f3n del sue\u00f1o del esfuerzo y la formaci\u00f3n acad\u00e9mica s\u00f3lida. Nacido en Asturias, en 1941, emigr\u00f3 a M\u00e9xico a los cinco a\u00f1os. Su v\u00ednculo con la M\u00e1xima Casa de Estudios comenz\u00f3 en la Generaci\u00f3n 1959-1963 de la entonces Escuela Nacional de Comercio y Administraci\u00f3n.<\/p>\n<p>P\u00e9rez Sim\u00f3n inici\u00f3 su ascenso profesional incluso antes de graduarse, trabajando como auditor junior en Price Waterhouse en 1962. Se titul\u00f3 como Contador P\u00fablico en 1966 con la tesis \u201cEl Contador P\u00fablico en la Investigaci\u00f3n de Negocios para Inversi\u00f3n\u201d, un t\u00edtulo que resultar\u00eda prof\u00e9tico para su carrera. Su visi\u00f3n estrat\u00e9gica lo llev\u00f3 a certificarse como Agente de Bolsa Profesional, pero fue en 1976 cuando su trayectoria tom\u00f3 un rumbo definitivo al aceptar la invitaci\u00f3n de Carlos Slim para dirigir Inversora Burs\u00e1til.<\/p>\n<p>Esta alianza fue el motor de adquisiciones legendarias que forjaron el Grupo Carso, incluyendo Galas de M\u00e9xico, Sanborns y Cigarros La Tabacalera Mexicana. No obstante, su mayor reto lleg\u00f3 en 1990 con la privatizaci\u00f3n de Tel\u00e9fonos de M\u00e9xico (Telmex). Como Director General, P\u00e9rez Sim\u00f3n lider\u00f3 una transformaci\u00f3n hist\u00f3rica, implementando programas de productividad que involucraron a m\u00e1s de 50 mil trabajadores, modernizando las telecomunicaciones del pa\u00eds.<\/p>\n<p>M\u00e1s all\u00e1 de las cifras y los consejos de administraci\u00f3n, P\u00e9rez Sim\u00f3n ha construido un legado que trasciende el \u00e1mbito empresarial. Su pasi\u00f3n por el arte ha dado lugar a la Colecci\u00f3n P\u00e9rez Sim\u00f3n, una de las m\u00e1s relevantes del mundo privado.<\/p>\n<p>Con miles de piezas, el acervo es un recorrido por la historia de la humanidad, desde la Edad Media hasta el arte contempor\u00e1neo. Los muros de su colecci\u00f3n custodian obras de maestros como Goya, El Greco, Rubens, Van Gogh, Monet, Frida Kahlo y Diego Rivera. Sobre su pasi\u00f3n por el coleccionismo, Perez Sim\u00f3n ha comentado que \u201cEl arte es una forma de devolver a la sociedad lo mucho que nos ha dado; es la memoria viva de nuestra especie\u201d.<\/p>\n<p>Para la FCA y su Sociedad de Egresados, este acto refuerza la misi\u00f3n de la UNAM como motor de movilidad social y excelencia. Al premiar a Juan Antonio P\u00e9rez Sim\u00f3n, la instituci\u00f3n celebra al contador que analiz\u00f3 negocios, al director que moderniz\u00f3 industrias y al hombre que hoy protege la belleza para las futuras generaciones. Es, en suma, el homenaje al esp\u00edritu de un \u201cPuma\u201d que nunca dej\u00f3 de rugir en la cima del \u00e9xito internacional.<\/p>\n<p>loscapitales@yahoo.com.mx<br \/>\nTwiter: @Edgar4712<\/p>\n","protected":false},"excerpt":{"rendered":"<p>LOS CAPITALES Por EDGAR GONZALEZ MARTINEZ &nbsp; En una jornada marcada por el orgullo y la identidad universitaria, la Facultad de Contadur\u00eda y Administraci\u00f3n (FCA) de la Universidad Nacional Aut\u00f3noma de M\u00e9xico, en conjunto con su Sociedad de Egresados, celebr\u00f3 ayer mi\u00e9rcoles 15 de abril de 2026, una ceremonia con una profunda relevancia institucional, para entregarle Juan Antonio P\u00e9rez Sim\u00f3n el reconocimiento de \u201cEgresado Empresario Ejemplar\u201d. El evento, programado para las 14:00 horas, no solo busc\u00f3 exaltar una trayectoria empresarial impecable, sino tambi\u00e9n reconocer el impacto de un hombre que ha sabido amalgamar el rigor de la contadur\u00eda con la [&hellip;]<\/p>\n","protected":false},"author":3,"featured_media":92027,"comment_status":"open","ping_status":"open","sticky":false,"template":"","format":"standard","meta":{"_jetpack_newsletter_access":"","_jetpack_dont_email_post_to_subs":false,"_jetpack_newsletter_tier_id":0,"_jetpack_memberships_contains_paywalled_content":false,"_jetpack_feature_clip_id":0,"_jetpack_memberships_contains_paid_content":false,"footnotes":"","jetpack_publicize_message":"","jetpack_publicize_feature_enabled":true,"jetpack_social_post_already_shared":true,"jetpack_social_options":{"image_generator_settings":{"template":"highway","default_image_id":0,"font":"","enabled":false},"version":2},"jetpack_post_was_ever_published":false},"categories":[79],"tags":[],"class_list":["post-144663","post","type-post","status-publish","format-standard","has-post-thumbnail","hentry","category-columnistas-nacionales","post--single"],"jetpack_publicize_connections":[],"jetpack_featured_media_url":"https:\/\/ovelanalista.com\/wp-content\/uploads\/2024\/03\/edgar_gonzalez.jpeg","jetpack_sharing_enabled":true,"_links":{"self":[{"href":"https:\/\/ovelanalista.com\/index.php?rest_route=\/wp\/v2\/posts\/144663","targetHints":{"allow":["GET"]}}],"collection":[{"href":"https:\/\/ovelanalista.com\/index.php?rest_route=\/wp\/v2\/posts"}],"about":[{"href":"https:\/\/ovelanalista.com\/index.php?rest_route=\/wp\/v2\/types\/post"}],"author":[{"embeddable":true,"href":"https:\/\/ovelanalista.com\/index.php?rest_route=\/wp\/v2\/users\/3"}],"replies":[{"embeddable":true,"href":"https:\/\/ovelanalista.com\/index.php?rest_route=%2Fwp%2Fv2%2Fcomments&post=144663"}],"version-history":[{"count":1,"href":"https:\/\/ovelanalista.com\/index.php?rest_route=\/wp\/v2\/posts\/144663\/revisions"}],"predecessor-version":[{"id":144670,"href":"https:\/\/ovelanalista.com\/index.php?rest_route=\/wp\/v2\/posts\/144663\/revisions\/144670"}],"wp:featuredmedia":[{"embeddable":true,"href":"https:\/\/ovelanalista.com\/index.php?rest_route=\/wp\/v2\/media\/92027"}],"wp:attachment":[{"href":"https:\/\/ovelanalista.com\/index.php?rest_route=%2Fwp%2Fv2%2Fmedia&parent=144663"}],"wp:term":[{"taxonomy":"category","embeddable":true,"href":"https:\/\/ovelanalista.com\/index.php?rest_route=%2Fwp%2Fv2%2Fcategories&post=144663"},{"taxonomy":"post_tag","embeddable":true,"href":"https:\/\/ovelanalista.com\/index.php?rest_route=%2Fwp%2Fv2%2Ftags&post=144663"}],"curies":[{"name":"wp","href":"https:\/\/api.w.org\/{rel}","templated":true}]}}