{"id":144673,"date":"2026-04-16T11:30:38","date_gmt":"2026-04-16T18:30:38","guid":{"rendered":"https:\/\/ovelanalista.com\/?p=144673"},"modified":"2026-04-16T10:35:07","modified_gmt":"2026-04-16T17:35:07","slug":"rescatan-a-victima-de-secuestro-en-guamuchil-y-detienen-a-presunto-responsable","status":"publish","type":"post","link":"https:\/\/ovelanalista.com\/?p=144673","title":{"rendered":"Rescatan a v\u00edctima de secuestro en Guam\u00fachil y detienen a presunto responsable"},"content":{"rendered":"<div class=\"nd-title-headline-title-headline-base\" data-cdn=\"https:\/\/www.milenio.com\/dist\/images\/placeholder\/300x352.jpg\">\n<h2 class=\"nd-title-headline-title-headline-base__abstract\">Tras siete d\u00edas de secuestro, el operativo permiti\u00f3 la liberaci\u00f3n de la v\u00edctima sin realizar el pago de 5 millones de pesos exigidos y concluy\u00f3 con la detenci\u00f3n de Yovani &#8216;N&#8217;.<\/h2>\n<\/div>\n<section class=\"nd-media-detail-base\">\n<div class=\"nd-media-detail-base__slide\"><picture class=\"nd-media-detail-base__picture img-container\"><source srcset=\"https:\/\/images.milenio.com\/6H1z4uf8P1lPJ36j8zzQULF_Z9c=\/942x532\/uploads\/media\/2026\/04\/16\/detenido-flagrancia-yovani-alexis-investigado_102_0_1074_678.jpg\" media=\"(min-width: 968px)\" \/><\/picture><\/div>\n<div><strong><a href=\"https:\/\/www.milenio.com\/autores\/manuel-aceves\" rel=\"author\" data-mrf-link=\"https:\/\/www.milenio.com\/autores\/manuel-aceves\">Manuel Aceves<\/a><\/strong><\/div>\n<\/section>\n<div><\/div>\n<div>\n<div>Una v\u00edctima de secuestro fue rescatada con vida en el municipio de Salvador Alvarado tras un operativo encabezado por la Fiscal\u00eda General del Estado (FGE) de Sinaloa, el cual tambi\u00e9n deriv\u00f3 en la detenci\u00f3n de un hombre se\u00f1alado como probable responsable.<\/div>\n<div><\/div>\n<div>De acuerdo con la informaci\u00f3n oficial, la acci\u00f3n fue ejecutada este 15 de abril por elementos de la Unidad Especializada Antisecuestros (UEA), en coordinaci\u00f3n con la Inspecci\u00f3n General de Detenciones en Flagrancia y con apoyo de la Secretar\u00eda de Seguridad y Protecci\u00f3n Ciudadana (SSPC).<\/div>\n<\/div>\n<div><\/div>\n<div>\n<div>As\u00ed dieron con el presunto secuestrador\u200b que exig\u00eda 5 mdp por liberaci\u00f3n de la v\u00edctima<\/div>\n<div><\/div>\n<div>Las investigaciones de inteligencia permitieron ubicar una habitaci\u00f3n en renta en la ciudad de Guam\u00fachil, donde la v\u00edctima se encontraba retenida en contra de su voluntad. Seg\u00fan los datos recabados, la persona hab\u00eda permanecido privada de la libertad durante siete d\u00edas, tiempo en el que los responsables exig\u00edan un pago de cinco millones de pesos a cambio de su liberaci\u00f3n.<\/div>\n<div><\/div>\n<div>Durante el desarrollo del operativo, y tras las labores de negociaci\u00f3n por parte de la UEA, se logr\u00f3 la liberaci\u00f3n de la v\u00edctima sin que se realizara pago alguno por el rescate. En el mismo despliegue fue detenido en flagrancia Yovani Alexis &#8216;N&#8217;, quien ya es investigado por su probable participaci\u00f3n en el delito de secuestro agravado.<\/div>\n<div><\/div>\n<div>La persona afectada fue localizada en buen estado de salud; no obstante, recibi\u00f3 atenci\u00f3n m\u00e9dica inmediata como parte del protocolo correspondiente antes de reencontrarse con sus familiares.<\/div>\n<div><\/div>\n<div>El detenido fue puesto a disposici\u00f3n del Ministerio P\u00fablico, autoridad que definir\u00e1 su situaci\u00f3n jur\u00eddica en las pr\u00f3ximas horas conforme a lo establecido por la ley.<\/div>\n<div><\/div>\n<div><\/div>\n<div>Con informaci\u00f3n de Milenio<\/div>\n<div><\/div>\n<\/div>\n<div>\n<div><\/div>\n<\/div>\n","protected":false},"excerpt":{"rendered":"<p>Tras siete d\u00edas de secuestro, el operativo permiti\u00f3 la liberaci\u00f3n de la v\u00edctima sin realizar el pago de 5 millones de pesos exigidos y concluy\u00f3 con la detenci\u00f3n de Yovani &#8216;N&#8217;. Manuel Aceves Una v\u00edctima de secuestro fue rescatada con vida en el municipio de Salvador Alvarado tras un operativo encabezado por la Fiscal\u00eda General del Estado (FGE) de Sinaloa, el cual tambi\u00e9n deriv\u00f3 en la detenci\u00f3n de un hombre se\u00f1alado como probable responsable. De acuerdo con la informaci\u00f3n oficial, la acci\u00f3n fue ejecutada este 15 de abril por elementos de la Unidad Especializada Antisecuestros (UEA), en coordinaci\u00f3n con la [&hellip;]<\/p>\n","protected":false},"author":3,"featured_media":144686,"comment_status":"open","ping_status":"open","sticky":false,"template":"","format":"standard","meta":{"_jetpack_newsletter_access":"","_jetpack_dont_email_post_to_subs":false,"_jetpack_newsletter_tier_id":0,"_jetpack_memberships_contains_paywalled_content":false,"_jetpack_feature_clip_id":0,"_jetpack_memberships_contains_paid_content":false,"footnotes":"","jetpack_publicize_message":"","jetpack_publicize_feature_enabled":true,"jetpack_social_post_already_shared":true,"jetpack_social_options":{"image_generator_settings":{"template":"highway","default_image_id":0,"font":"","enabled":false},"version":2},"jetpack_post_was_ever_published":false},"categories":[90],"tags":[],"class_list":["post-144673","post","type-post","status-publish","format-standard","has-post-thumbnail","hentry","category-estatal","post--single"],"jetpack_publicize_connections":[],"jetpack_featured_media_url":"https:\/\/ovelanalista.com\/wp-content\/uploads\/2026\/04\/detenido-flagrancia-yovani-alexis-investigado_102_0_1074_678.webp","jetpack_sharing_enabled":true,"_links":{"self":[{"href":"https:\/\/ovelanalista.com\/index.php?rest_route=\/wp\/v2\/posts\/144673","targetHints":{"allow":["GET"]}}],"collection":[{"href":"https:\/\/ovelanalista.com\/index.php?rest_route=\/wp\/v2\/posts"}],"about":[{"href":"https:\/\/ovelanalista.com\/index.php?rest_route=\/wp\/v2\/types\/post"}],"author":[{"embeddable":true,"href":"https:\/\/ovelanalista.com\/index.php?rest_route=\/wp\/v2\/users\/3"}],"replies":[{"embeddable":true,"href":"https:\/\/ovelanalista.com\/index.php?rest_route=%2Fwp%2Fv2%2Fcomments&post=144673"}],"version-history":[{"count":1,"href":"https:\/\/ovelanalista.com\/index.php?rest_route=\/wp\/v2\/posts\/144673\/revisions"}],"predecessor-version":[{"id":144687,"href":"https:\/\/ovelanalista.com\/index.php?rest_route=\/wp\/v2\/posts\/144673\/revisions\/144687"}],"wp:featuredmedia":[{"embeddable":true,"href":"https:\/\/ovelanalista.com\/index.php?rest_route=\/wp\/v2\/media\/144686"}],"wp:attachment":[{"href":"https:\/\/ovelanalista.com\/index.php?rest_route=%2Fwp%2Fv2%2Fmedia&parent=144673"}],"wp:term":[{"taxonomy":"category","embeddable":true,"href":"https:\/\/ovelanalista.com\/index.php?rest_route=%2Fwp%2Fv2%2Fcategories&post=144673"},{"taxonomy":"post_tag","embeddable":true,"href":"https:\/\/ovelanalista.com\/index.php?rest_route=%2Fwp%2Fv2%2Ftags&post=144673"}],"curies":[{"name":"wp","href":"https:\/\/api.w.org\/{rel}","templated":true}]}}