{"id":144678,"date":"2026-04-16T11:00:04","date_gmt":"2026-04-16T18:00:04","guid":{"rendered":"https:\/\/ovelanalista.com\/?p=144678"},"modified":"2026-04-16T10:21:58","modified_gmt":"2026-04-16T17:21:58","slug":"en-vilo-cosecha-de-maiz-en-sinaloa-ante-negociacion-de-agricultores-y-gobierno-federal","status":"publish","type":"post","link":"https:\/\/ovelanalista.com\/?p=144678","title":{"rendered":"En vilo cosecha de ma\u00edz en Sinaloa ante negociaci\u00f3n de agricultores y gobierno federal"},"content":{"rendered":"<header class=\"main-article--header\">\n<p class=\"bajada\">El gobernador Rub\u00e9n Rocha Moya declar\u00f3 desde la Ciudad de M\u00e9xico que dio inicio a gestiones con el gobierno federal para asegurar condiciones favorables para los productores de Sinaloa.<\/p>\n<p><strong><a class=\"nota-link-autor\" title=\"Ir al perfil de  RAM\u00d3N AISPURO \/ CORRESPONSAL\" href=\"https:\/\/lasillarota.com\/autor\/ramon-aispuro-corresponsal.html\">Por\u00a0<span class=\"post-author-name change-utf\">RAM\u00d3N AISPURO<\/span><\/a><\/strong><\/p>\n<p>CULIAC\u00c1N.- Los\u00a0<a href=\"https:\/\/lasillarota.com\/veracruz\/opinion\/2026\/4\/10\/transportistas-agricultores-demandas-urgentes-594067.html\"><strong>agricultores<\/strong><\/a>\u00a0de\u00a0<strong>Sinaloa<\/strong>\u00a0rechazaron la\u00a0<strong>propuesta<\/strong>\u00a0presentada por el\u00a0<strong>gobierno federal<\/strong>\u00a0en la\u00a0<strong>mesa de di\u00e1logo<\/strong>\u00a0realizada en Ciudad de M\u00e9xico, en un contexto en el que la\u00a0<a href=\"https:\/\/lasillarota.com\/estados\/2026\/3\/20\/dispersados-mas-de-374-mdp-en-incentivos-para-productores-de-maiz-en-michoacan-591309.html\"><strong>cosecha de ma\u00edz<\/strong><\/a>\u00a0ya comenz\u00f3 y el sector agr\u00edcola sigue sin una referencia de comercializaci\u00f3n.<\/p>\n<p>La comitiva de productores permaneci\u00f3 en la capital del pa\u00eds a la espera de una nueva propuesta oficial, despu\u00e9s de que el planteamiento de la federaci\u00f3n no alcanz\u00f3 las expectativas del sector.<\/p>\n<p>El dirigente Baltazar Valdez Arment\u00eda sostuvo que mantener la comunicaci\u00f3n no significa que el problema est\u00e9 resuelto, en un escenario que los propios\u00a0<strong>agricultores<\/strong>\u00a0consideran cr\u00edtico para el\u00a0<strong>campo sinaloense<\/strong>.<\/p>\n<\/header>\n<div class=\"content-banner\">\n<h2>Levantan toma de casetas<\/h2>\n<p>El pasado 12 de abril, productores levantaron de forma temporal la toma de casetas en la entidad tras ser convocados a una reuni\u00f3n con autoridades federales y estatales para buscar una salida al diferendo.<\/p>\n<p>Sin embargo, el retiro fue condicionado a una respuesta favorable sobre el precio del grano, con la advertencia de que las movilizaciones podr\u00edan reactivarse si no se alcanzaba un acuerdo.<\/p>\n<p class=\"image-align-center\"><img decoding=\"async\" class=\"i-amphtml-fill-content i-amphtml-replaced-content\" src=\"https:\/\/lasillarota.com\/u\/fotografias\/m\/2026\/4\/15\/f768x1-852702_852829_5050.jpg\" alt=\"\" \/><\/p>\n<p>La disputa de fondo se concentra en la brecha entre el valor de mercado y el precio que los productores consideran viable.<\/p>\n<p>Mientras el ma\u00edz se ubica en niveles cercanos a 4 mil 200 y 4 mil 500 pesos por tonelada, las\u00a0<strong>organizaciones agr\u00edcolas<\/strong>\u00a0han insistido en que el punto de equilibrio debe acercarse a 7 mil 200 pesos por tonelada, al considerar que solo as\u00ed podr\u00edan cubrir costos de producci\u00f3n y evitar p\u00e9rdidas.<\/p>\n<h2>La propuesta del\u00a0<strong>gobierno federal<\/strong><\/h2>\n<p>En medio de esa presi\u00f3n, autoridades anunciaron un esquema de apoyo para la comercializaci\u00f3n del ciclo oto\u00f1o-invierno 2025-2026.<\/p>\n<p>La mec\u00e1nica difundida contempla un incentivo total de mil 100 pesos por tonelada, integrado por 800 pesos federales y 300 pesos estatales.<\/p>\n<p class=\"image-align-center\"><img decoding=\"async\" class=\"i-amphtml-fill-content i-amphtml-replaced-content\" src=\"https:\/\/lasillarota.com\/u\/fotografias\/m\/2026\/4\/15\/f768x1-852703_852830_5050.jpg\" alt=\"\" \/><\/p>\n<p>El\u00a0<strong>gobierno estatal<\/strong>\u00a0inform\u00f3 en marzo que ya exist\u00eda compromiso de comercializaci\u00f3n para 2.8 millones de toneladas, equivalente a 70 por ciento de una producci\u00f3n estimada en 4 millones de toneladas, con la promesa de continuar las gestiones para colocar el volumen restante.<\/p>\n<p>A la discusi\u00f3n actual se suma el rezago de apoyos pendientes de ciclos anteriores. Apenas el 10 de abril, el\u00a0<strong>gobierno estatal<\/strong>\u00a0inform\u00f3 sobre la reapertura de la ventanilla para regularizar expedientes del apoyo extraordinario de 750 pesos por tonelada correspondiente al ciclo 2023-2024, uno de los pendientes que tambi\u00e9n acompa\u00f1\u00f3 las protestas recientes del sector.<\/p>\n<h2>Rocha Moya busca mejores condiciones para\u00a0<strong>agricultores<\/strong>\u00a0de\u00a0<strong>Sinaloa<\/strong><\/h2>\n<p>Ante el inicio de la temporada de\u00a0<strong>cosecha de ma\u00edz<\/strong>\u00a0en\u00a0<strong>Sinaloa<\/strong>, prevista para la \u00faltima semana de abril, el\u00a0<strong>gobernador Rub\u00e9n Rocha Moya<\/strong>\u00a0declar\u00f3 a las afueras de Palacio Nacional que dio inicio a gestiones con el gobierno federal para asegurar condiciones favorables para los productores de la entidad. Se estima que el volumen de producci\u00f3n alcance los cuatro millones de toneladas este ciclo.<\/p>\n<p>Actualmente, el secretario particular de la Presidencia, Carlos Augusto Morales, junto con un equipo de la\u00a0<strong>Secretar\u00eda de Agricultura<\/strong>, se encuentran realizando el c\u00e1lculo de los apoyos que se ofrecer\u00e1n a los productores del campo.<\/p>\n<p>El\u00a0<strong>gobierno<\/strong>\u00a0est\u00e1 analizando la oferta que se presentar\u00e1 a los\u00a0<strong>agricultores<\/strong>\u00a0para apoyarlos frente a la volatilidad del mercado. Se reconoce que el precio internacional est\u00e1 regido por la Bolsa de Chicago, lo cual establece un precio base que debe ser complementado para garantizar la rentabilidad de la venta, expuso\u00a0<strong>Rocha Moya<\/strong>.<\/p>\n<p>Estas medidas buscan dar respuesta a las inquietudes de los productores que se manifestaron recientemente, priorizando la estabilidad en el proceso de venta del grano, dijo el\u00a0<strong>gobernador sinaloense<\/strong>.<\/p>\n<\/div>\n<p>Con informaci\u00f3n de La Silla Rota<\/p>\n","protected":false},"excerpt":{"rendered":"<p>El gobernador Rub\u00e9n Rocha Moya declar\u00f3 desde la Ciudad de M\u00e9xico que dio inicio a gestiones con el gobierno federal para asegurar condiciones favorables para los productores de Sinaloa. Por\u00a0RAM\u00d3N AISPURO CULIAC\u00c1N.- Los\u00a0agricultores\u00a0de\u00a0Sinaloa\u00a0rechazaron la\u00a0propuesta\u00a0presentada por el\u00a0gobierno federal\u00a0en la\u00a0mesa de di\u00e1logo\u00a0realizada en Ciudad de M\u00e9xico, en un contexto en el que la\u00a0cosecha de ma\u00edz\u00a0ya comenz\u00f3 y el sector agr\u00edcola sigue sin una referencia de comercializaci\u00f3n. La comitiva de productores permaneci\u00f3 en la capital del pa\u00eds a la espera de una nueva propuesta oficial, despu\u00e9s de que el planteamiento de la federaci\u00f3n no alcanz\u00f3 las expectativas del sector. El dirigente Baltazar Valdez [&hellip;]<\/p>\n","protected":false},"author":3,"featured_media":144684,"comment_status":"open","ping_status":"open","sticky":false,"template":"","format":"standard","meta":{"_jetpack_newsletter_access":"","_jetpack_dont_email_post_to_subs":false,"_jetpack_newsletter_tier_id":0,"_jetpack_memberships_contains_paywalled_content":false,"_jetpack_feature_clip_id":0,"_jetpack_memberships_contains_paid_content":false,"footnotes":"","jetpack_publicize_message":"","jetpack_publicize_feature_enabled":true,"jetpack_social_post_already_shared":true,"jetpack_social_options":{"image_generator_settings":{"template":"highway","default_image_id":0,"font":"","enabled":false},"version":2},"jetpack_post_was_ever_published":false},"categories":[90,72],"tags":[],"class_list":["post-144678","post","type-post","status-publish","format-standard","has-post-thumbnail","hentry","category-estatal","category-portada","post--single"],"jetpack_publicize_connections":[],"jetpack_featured_media_url":"https:\/\/ovelanalista.com\/wp-content\/uploads\/2026\/04\/f960x540-845942_920017_5050.jpg","jetpack_sharing_enabled":true,"_links":{"self":[{"href":"https:\/\/ovelanalista.com\/index.php?rest_route=\/wp\/v2\/posts\/144678","targetHints":{"allow":["GET"]}}],"collection":[{"href":"https:\/\/ovelanalista.com\/index.php?rest_route=\/wp\/v2\/posts"}],"about":[{"href":"https:\/\/ovelanalista.com\/index.php?rest_route=\/wp\/v2\/types\/post"}],"author":[{"embeddable":true,"href":"https:\/\/ovelanalista.com\/index.php?rest_route=\/wp\/v2\/users\/3"}],"replies":[{"embeddable":true,"href":"https:\/\/ovelanalista.com\/index.php?rest_route=%2Fwp%2Fv2%2Fcomments&post=144678"}],"version-history":[{"count":1,"href":"https:\/\/ovelanalista.com\/index.php?rest_route=\/wp\/v2\/posts\/144678\/revisions"}],"predecessor-version":[{"id":144685,"href":"https:\/\/ovelanalista.com\/index.php?rest_route=\/wp\/v2\/posts\/144678\/revisions\/144685"}],"wp:featuredmedia":[{"embeddable":true,"href":"https:\/\/ovelanalista.com\/index.php?rest_route=\/wp\/v2\/media\/144684"}],"wp:attachment":[{"href":"https:\/\/ovelanalista.com\/index.php?rest_route=%2Fwp%2Fv2%2Fmedia&parent=144678"}],"wp:term":[{"taxonomy":"category","embeddable":true,"href":"https:\/\/ovelanalista.com\/index.php?rest_route=%2Fwp%2Fv2%2Fcategories&post=144678"},{"taxonomy":"post_tag","embeddable":true,"href":"https:\/\/ovelanalista.com\/index.php?rest_route=%2Fwp%2Fv2%2Ftags&post=144678"}],"curies":[{"name":"wp","href":"https:\/\/api.w.org\/{rel}","templated":true}]}}