{"id":144691,"date":"2026-04-16T11:33:39","date_gmt":"2026-04-16T18:33:39","guid":{"rendered":"https:\/\/ovelanalista.com\/?p=144691"},"modified":"2026-04-16T11:33:39","modified_gmt":"2026-04-16T18:33:39","slug":"el-lugar-que-no-existe","status":"publish","type":"post","link":"https:\/\/ovelanalista.com\/?p=144691","title":{"rendered":"EL LUGAR QUE NO EXISTE"},"content":{"rendered":"<div><strong>BIT\u00c1CORA INQUIETA<\/strong><\/div>\n<div><\/div>\n<div><\/div>\n<div><\/div>\n<div>La presidenta que no ocupa un n\u00famero\u2026 pero s\u00ed un espacio en el tablero del mundo<\/div>\n<div><\/div>\n<div><\/div>\n<div><strong>JES\u00daS OCTAVIO MIL\u00c1N GIL<\/strong><\/div>\n<div><\/div>\n<div><\/div>\n<div>Hay listas que ordenan el mundo con la obsesi\u00f3n de quien cree que el poder puede medirse como se mide la estatura o el peso.<\/div>\n<div>Y hay otras \u2014m\u00e1s sutiles, m\u00e1s peligrosas\u2014 que no numeran, pero se\u00f1alan.<\/div>\n<div><\/div>\n<div>La lista TIME100 de Time pertenece a esta segunda categor\u00eda: no clasifica, no jerarquiza, no reparte medallas.<\/div>\n<div>Selecciona.<\/div>\n<div>Y al seleccionar\u2026 revela.<\/div>\n<div><\/div>\n<div>En su edici\u00f3n de 2026, el nombre de Claudia Sheinbaum aparece ah\u00ed donde las biograf\u00edas dejan de ser locales y comienzan a ser geopol\u00edticas. No est\u00e1 en el lugar uno ni en el cien \u2014porque en esa lista los lugares no existen\u2014, pero s\u00ed en una categor\u00eda que dice m\u00e1s que cualquier n\u00famero: \u201cL\u00edderes\u201d.<\/div>\n<div><\/div>\n<div>Y en ese espacio comparte p\u00e1gina, tiempo hist\u00f3rico y tensi\u00f3n narrativa con figuras que, cada una a su manera, disputan el sentido del orden global: Donald Trump desde la estridencia del regreso; Xi Jinping desde la persistencia del control; Mark Carney desde la tecnocracia que aprendi\u00f3 a gobernar; Benjamin Netanyahu desde la guerra que no termina; y el reci\u00e9n nombrado Papa Le\u00f3n XIV desde la fe que intenta dialogar con el v\u00e9rtigo del siglo.<\/div>\n<div><\/div>\n<div>No es un dato menor \u2014aunque as\u00ed lo parezca en la superficie de la noticia\u2014 que Sheinbaum sea la \u00fanica l\u00edder latinoamericana incluida en la lista de 2026.<\/div>\n<div>En un mundo donde las regiones compiten no solo por mercados sino por narrativa, la ausencia tambi\u00e9n comunica.<\/div>\n<div>Y en esa ausencia, Am\u00e9rica Latina aparece como una voz que se diluye\u2026 salvo cuando alguna figura logra condensarla en un solo nombre.<\/div>\n<div><\/div>\n<div>Pero conviene detenerse en lo esencial:<\/div>\n<div>\u00bfqu\u00e9 significa estar en una lista que no ordena?<\/div>\n<div><\/div>\n<div>Significa, quiz\u00e1, algo m\u00e1s inquietante que ocupar un primer lugar.<\/div>\n<div>Significa haber sido detectado.<\/div>\n<div>Haber sido colocado bajo la luz de quienes observan el mundo no como una suma de pa\u00edses, sino como un sistema de fuerzas en movimiento.<\/div>\n<div><\/div>\n<div>La influencia, en este caso, no es un trofeo:<\/div>\n<div>es una advertencia.<\/div>\n<div><\/div>\n<div>Porque la lista de Time no mide popularidad ni simpat\u00eda.<\/div>\n<div>Mide capacidad de incidir.<\/div>\n<div>De alterar.<\/div>\n<div>De mover.<\/div>\n<div>De incomodar incluso.<\/div>\n<div><\/div>\n<div>Y ah\u00ed, en ese territorio donde el poder deja de ser discurso y se vuelve consecuencia, la figura de la presidenta mexicana adquiere una dimensi\u00f3n que trasciende la pol\u00edtica dom\u00e9stica.<\/div>\n<div>Ya no es solo la jefa de Estado de un pa\u00eds complejo;<\/div>\n<div>es una variable dentro de una ecuaci\u00f3n mayor.<\/div>\n<div><\/div>\n<div>M\u00e9xico, entonces, entra por una rendija que no siempre tiene abierta: la del reconocimiento internacional como actor con peso propio, no por su tama\u00f1o o su historia, sino por la expectativa de lo que puede hacer.<\/div>\n<div>Y esa expectativa \u2014como toda expectativa\u2014 tambi\u00e9n es una forma de presi\u00f3n.<\/div>\n<div><\/div>\n<div>Hay, sin embargo, una paradoja que recorre silenciosamente esta escena:<\/div>\n<div>mientras el mundo la incluye entre los influyentes, el pa\u00eds que gobierna sigue debati\u00e9ndose entre urgencias que no caben en ninguna lista.<\/div>\n<div><\/div>\n<div>La influencia global no cancela las deudas internas.<\/div>\n<div>Apenas las ilumina\u2026 desde otro \u00e1ngulo.<\/div>\n<div><\/div>\n<div>Por eso, la pregunta no es en qu\u00e9 lugar est\u00e1 Claudia Sheinbaum.<\/div>\n<div>La pregunta \u2014m\u00e1s inc\u00f3moda, m\u00e1s precisa\u2014 es otra:<\/div>\n<div><\/div>\n<div>\u00bfQu\u00e9 significa para M\u00e9xico que su presidenta ya no tenga un n\u00famero\u2026<\/div>\n<div>pero s\u00ed un sitio en el tablero donde se decide el rumbo del mundo?<\/div>\n<div><\/div>\n<div>COLOF\u00d3N<\/div>\n<div><\/div>\n<div>Porque en las listas que no ordenan, el poder no se presume:<\/div>\n<div>se ejerce\u2026<\/div>\n<div>y se paga.<\/div>\n<div>.<\/div>\n","protected":false},"excerpt":{"rendered":"<p>BIT\u00c1CORA INQUIETA La presidenta que no ocupa un n\u00famero\u2026 pero s\u00ed un espacio en el tablero del mundo JES\u00daS OCTAVIO MIL\u00c1N GIL Hay listas que ordenan el mundo con la obsesi\u00f3n de quien cree que el poder puede medirse como se mide la estatura o el peso. Y hay otras \u2014m\u00e1s sutiles, m\u00e1s peligrosas\u2014 que no numeran, pero se\u00f1alan. La lista TIME100 de Time pertenece a esta segunda categor\u00eda: no clasifica, no jerarquiza, no reparte medallas. Selecciona. Y al seleccionar\u2026 revela. En su edici\u00f3n de 2026, el nombre de Claudia Sheinbaum aparece ah\u00ed donde las biograf\u00edas dejan de ser locales [&hellip;]<\/p>\n","protected":false},"author":3,"featured_media":120052,"comment_status":"open","ping_status":"open","sticky":false,"template":"","format":"standard","meta":{"_jetpack_newsletter_access":"","_jetpack_dont_email_post_to_subs":false,"_jetpack_newsletter_tier_id":0,"_jetpack_memberships_contains_paywalled_content":false,"_jetpack_feature_clip_id":0,"_jetpack_memberships_contains_paid_content":false,"footnotes":"","jetpack_publicize_message":"","jetpack_publicize_feature_enabled":true,"jetpack_social_post_already_shared":true,"jetpack_social_options":{"image_generator_settings":{"template":"highway","default_image_id":0,"font":"","enabled":false},"version":2},"jetpack_post_was_ever_published":false},"categories":[79],"tags":[],"class_list":["post-144691","post","type-post","status-publish","format-standard","has-post-thumbnail","hentry","category-columnistas-nacionales","post--single"],"jetpack_publicize_connections":[],"jetpack_featured_media_url":"https:\/\/ovelanalista.com\/wp-content\/uploads\/2025\/05\/WhatsApp-Image-2025-05-12-at-10.17.27-AM.jpeg","jetpack_sharing_enabled":true,"_links":{"self":[{"href":"https:\/\/ovelanalista.com\/index.php?rest_route=\/wp\/v2\/posts\/144691","targetHints":{"allow":["GET"]}}],"collection":[{"href":"https:\/\/ovelanalista.com\/index.php?rest_route=\/wp\/v2\/posts"}],"about":[{"href":"https:\/\/ovelanalista.com\/index.php?rest_route=\/wp\/v2\/types\/post"}],"author":[{"embeddable":true,"href":"https:\/\/ovelanalista.com\/index.php?rest_route=\/wp\/v2\/users\/3"}],"replies":[{"embeddable":true,"href":"https:\/\/ovelanalista.com\/index.php?rest_route=%2Fwp%2Fv2%2Fcomments&post=144691"}],"version-history":[{"count":1,"href":"https:\/\/ovelanalista.com\/index.php?rest_route=\/wp\/v2\/posts\/144691\/revisions"}],"predecessor-version":[{"id":144696,"href":"https:\/\/ovelanalista.com\/index.php?rest_route=\/wp\/v2\/posts\/144691\/revisions\/144696"}],"wp:featuredmedia":[{"embeddable":true,"href":"https:\/\/ovelanalista.com\/index.php?rest_route=\/wp\/v2\/media\/120052"}],"wp:attachment":[{"href":"https:\/\/ovelanalista.com\/index.php?rest_route=%2Fwp%2Fv2%2Fmedia&parent=144691"}],"wp:term":[{"taxonomy":"category","embeddable":true,"href":"https:\/\/ovelanalista.com\/index.php?rest_route=%2Fwp%2Fv2%2Fcategories&post=144691"},{"taxonomy":"post_tag","embeddable":true,"href":"https:\/\/ovelanalista.com\/index.php?rest_route=%2Fwp%2Fv2%2Ftags&post=144691"}],"curies":[{"name":"wp","href":"https:\/\/api.w.org\/{rel}","templated":true}]}}