{"id":144692,"date":"2026-04-16T11:18:15","date_gmt":"2026-04-16T18:18:15","guid":{"rendered":"https:\/\/ovelanalista.com\/?p=144692"},"modified":"2026-04-16T11:18:15","modified_gmt":"2026-04-16T18:18:15","slug":"la-visita-incomoda","status":"publish","type":"post","link":"https:\/\/ovelanalista.com\/?p=144692","title":{"rendered":"LA VISITA INC\u00d3MODA"},"content":{"rendered":"<div><strong>BIT\u00c1CORA INQUIETA<\/strong><\/div>\n<div><\/div>\n<div><\/div>\n<div><\/div>\n<div><\/div>\n<div><\/div>\n<div>El pa\u00eds que busca a sus desaparecidos\u2026 mientras el mundo empieza a contarlos<\/div>\n<div><\/div>\n<div><\/div>\n<div><strong>JES\u00daS OCTAVIO MIL\u00c1N GIL<\/strong><\/div>\n<div><\/div>\n<div><\/div>\n<div>Hay visitas que llegan con flores, discursos y fotograf\u00edas cuidadosamente ensayadas; y hay otras que llegan con preguntas que nadie quiere responder. La que M\u00e9xico se dispone a recibir en las pr\u00f3ximas semanas pertenece, sin duda, a la segunda categor\u00eda.<\/div>\n<div><\/div>\n<div>El 14 de abril de 2026, la presidenta Claudia Sheinbaum confirm\u00f3 que el alto comisionado de Naciones Unidas para los Derechos Humanos, Volker T\u00fcrk, vendr\u00e1 al pa\u00eds para dialogar sobre la crisis de desapariciones y sobre el reciente informe del Comit\u00e9 contra la Desaparici\u00f3n Forzada, un documento que el gobierno mexicano ha rechazado por considerar que omite avances y extrapola conclusiones.<\/div>\n<div><\/div>\n<div><\/div>\n<div>No es una visita casual ni aislada. Es la consecuencia directa de una decisi\u00f3n que, en los pasillos internacionales, no se toma todos los d\u00edas. El 2 de abril de 2026, el Comit\u00e9 contra la Desaparici\u00f3n Forzada de la ONU solicit\u00f3 al secretario general que remitiera la situaci\u00f3n de M\u00e9xico a la Asamblea General, activando el mecanismo previsto en el art\u00edculo 34 de la Convenci\u00f3n Internacional para la Protecci\u00f3n de Todas las Personas contra las Desapariciones Forzadas. El Comit\u00e9 sostuvo que la informaci\u00f3n recibida contiene indicios fundados de que en M\u00e9xico las desapariciones forzadas han sido y contin\u00faan siendo cometidas como cr\u00edmenes de lesa humanidad, sobre la base de ataques generalizados o sistem\u00e1ticos contra la poblaci\u00f3n civil en distintos momentos y regiones del pa\u00eds.<\/div>\n<div><\/div>\n<div><\/div>\n<div><\/div>\n<div>Pero el propio Comit\u00e9 tambi\u00e9n introdujo un matiz decisivo: su procedimiento es preventivo, no equivale a una comisi\u00f3n de investigaci\u00f3n, y no busca establecer responsabilidad penal individual. M\u00e1s a\u00fan: se\u00f1al\u00f3 expresamente que no encontr\u00f3 evidencia de una pol\u00edtica federal encaminada a cometer desapariciones forzadas, aunque s\u00ed advirti\u00f3 condiciones estructurales que han permitido que el fen\u00f3meno se reproduzca y se expanda. Y acaso ah\u00ed reside la parte m\u00e1s inc\u00f3moda del diagn\u00f3stico: no siempre se necesita una orden escrita para que una tragedia adquiera dimensi\u00f3n de sistema; basta, a veces, con que nadie pueda detenerla, esclarecerla ni revertirla.<\/div>\n<div><\/div>\n<div><\/div>\n<div>Los n\u00fameros, por su parte, ya no son cifras: son geograf\u00eda del dolor. El Registro Nacional de Personas Desaparecidas y No Localizadas \u2014la herramienta oficial administrada por la Comisi\u00f3n Nacional de B\u00fasqueda\u2014 sigue siendo el term\u00f3metro p\u00fablico de una crisis que no ha dejado de crecer y cuya informaci\u00f3n se actualiza de manera continua. A ello se suma un dato demoledor en el terreno internacional: M\u00e9xico acumula 819 acciones urgentes emitidas por el Comit\u00e9 entre 2012 y febrero de 2026, lo que representa 38% del total mundial. En apenas cinco meses, entre septiembre de 2025 y febrero de 2026, se sumaron 40 nuevas acciones urgentes, equivalentes a 37% de los nuevos casos globales en ese periodo. No se trata, entonces, de una anomal\u00eda estad\u00edstica. Se trata del epicentro.<\/div>\n<div><\/div>\n<div><\/div>\n<div>El informe y sus repercusiones internacionales no s\u00f3lo hablan de personas ausentes. Hablan tambi\u00e9n de una maquinaria estatal que no ha logrado responder con la eficacia, la coordinaci\u00f3n y la profundidad que exige una cat\u00e1strofe humanitaria de esta escala. Se mencionan deficiencias estructurales en la b\u00fasqueda, retrasos graves en diligencias clave, insuficiencia en la investigaci\u00f3n de posibles responsabilidades estatales y una protecci\u00f3n inadecuada para familiares y buscadores. A eso se a\u00f1ade la crisis forense: reportes recientes ubican en alrededor de 72 mil los restos humanos sin identificar al inicio de 2026, una cifra que por s\u00ed sola retrata el tama\u00f1o del colapso institucional.<\/div>\n<div><\/div>\n<div><\/div>\n<div>El gobierno mexicano ha respondido como suelen responder los Estados cuando son interpelados desde fuera: cuestionando el m\u00e9todo, matizando la conclusi\u00f3n y rechazando la interpretaci\u00f3n m\u00e1s severa. En su comunicado conjunto, autoridades mexicanas calificaron el informe como tendencioso por no considerar adecuadamente los avances institucionales desde 2018 y, en particular, desde 2025. Y, sin embargo, el problema ya no puede encerrarse en una disputa de comunicados. Porque la discusi\u00f3n dej\u00f3 de ser sem\u00e1ntica. Ya no gira \u00fanicamente sobre si el fen\u00f3meno puede atribuirse al crimen organizado, a redes de colusi\u00f3n local o a omisiones estructurales del Estado. Gira, sobre todo, alrededor del hecho m\u00e1s brutal: las desapariciones siguen ah\u00ed, y el pa\u00eds no ha podido arrancarlas de su presente.<\/div>\n<div><\/div>\n<div><\/div>\n<div>La visita de Volker T\u00fcrk no resolver\u00e1 la crisis. Ninguna visita lo hace. Pero s\u00ed colocar\u00e1 el problema en un escenario donde ya no ser\u00e1 posible administrarlo como si fuera apenas una herida dom\u00e9stica. Lo que est\u00e1 en juego no es s\u00f3lo la capacidad del Estado para buscar a sus desaparecidos, sino su capacidad para explicar por qu\u00e9, despu\u00e9s de tantos a\u00f1os, de tantas leyes, de tantos registros y de tantos compromisos, sigue sin encontrarlos. Y en esa tensi\u00f3n \u2014entre la narrativa oficial y el diagn\u00f3stico internacional\u2014 se abre una grieta que ninguna conferencia ma\u00f1anera puede sellar por completo.<\/div>\n<div><\/div>\n<div><\/div>\n<div>Al final, lo que queda no son los informes ni las declaraciones: son las ausencias. Los nombres suspendidos. Las sillas vac\u00edas. Los expedientes que se acumulan mientras las madres aprenden geolog\u00eda de fosas, rutas de b\u00fasqueda y vocabulario forense. La tragedia mexicana no se mide s\u00f3lo por el n\u00famero de personas no localizadas, sino por la costumbre nacional de convivir con su sombra. Y entonces la pregunta deja de ser cu\u00e1ntos son o qu\u00e9 organismo tiene raz\u00f3n en el diagn\u00f3stico. La verdadera pregunta es otra: \u00bfcu\u00e1ntos m\u00e1s necesita un pa\u00eds para aceptar, sin matices, la dimensi\u00f3n de su propia tragedia?<\/div>\n<div><\/div>\n<div>Porque esos son tambi\u00e9n los otros datos: los restos sin nombre, la saturaci\u00f3n forense, las diligencias tard\u00edas, los registros incompletos, las familias que siguen buscando lo que el Estado no encuentra. Los datos que no caben enteros en una tabla, pero s\u00ed en una fosa. Los que no siempre estallan en la tribuna pol\u00edtica, pero laten en cada comunidad herida. Los que revelan que en M\u00e9xico la desaparici\u00f3n no s\u00f3lo se padece: tambi\u00e9n se administra, se discute, se matiza\u2026 y demasiadas veces se normaliza.<\/div>\n","protected":false},"excerpt":{"rendered":"<p>BIT\u00c1CORA INQUIETA El pa\u00eds que busca a sus desaparecidos\u2026 mientras el mundo empieza a contarlos JES\u00daS OCTAVIO MIL\u00c1N GIL Hay visitas que llegan con flores, discursos y fotograf\u00edas cuidadosamente ensayadas; y hay otras que llegan con preguntas que nadie quiere responder. La que M\u00e9xico se dispone a recibir en las pr\u00f3ximas semanas pertenece, sin duda, a la segunda categor\u00eda. El 14 de abril de 2026, la presidenta Claudia Sheinbaum confirm\u00f3 que el alto comisionado de Naciones Unidas para los Derechos Humanos, Volker T\u00fcrk, vendr\u00e1 al pa\u00eds para dialogar sobre la crisis de desapariciones y sobre el reciente informe del Comit\u00e9 [&hellip;]<\/p>\n","protected":false},"author":3,"featured_media":120052,"comment_status":"open","ping_status":"open","sticky":false,"template":"","format":"standard","meta":{"_jetpack_newsletter_access":"","_jetpack_dont_email_post_to_subs":false,"_jetpack_newsletter_tier_id":0,"_jetpack_memberships_contains_paywalled_content":false,"_jetpack_feature_clip_id":0,"_jetpack_memberships_contains_paid_content":false,"footnotes":"","jetpack_publicize_message":"","jetpack_publicize_feature_enabled":true,"jetpack_social_post_already_shared":true,"jetpack_social_options":{"image_generator_settings":{"template":"highway","default_image_id":0,"font":"","enabled":false},"version":2},"jetpack_post_was_ever_published":false},"categories":[79],"tags":[],"class_list":["post-144692","post","type-post","status-publish","format-standard","has-post-thumbnail","hentry","category-columnistas-nacionales","post--single"],"jetpack_publicize_connections":[],"jetpack_featured_media_url":"https:\/\/ovelanalista.com\/wp-content\/uploads\/2025\/05\/WhatsApp-Image-2025-05-12-at-10.17.27-AM.jpeg","jetpack_sharing_enabled":true,"_links":{"self":[{"href":"https:\/\/ovelanalista.com\/index.php?rest_route=\/wp\/v2\/posts\/144692","targetHints":{"allow":["GET"]}}],"collection":[{"href":"https:\/\/ovelanalista.com\/index.php?rest_route=\/wp\/v2\/posts"}],"about":[{"href":"https:\/\/ovelanalista.com\/index.php?rest_route=\/wp\/v2\/types\/post"}],"author":[{"embeddable":true,"href":"https:\/\/ovelanalista.com\/index.php?rest_route=\/wp\/v2\/users\/3"}],"replies":[{"embeddable":true,"href":"https:\/\/ovelanalista.com\/index.php?rest_route=%2Fwp%2Fv2%2Fcomments&post=144692"}],"version-history":[{"count":1,"href":"https:\/\/ovelanalista.com\/index.php?rest_route=\/wp\/v2\/posts\/144692\/revisions"}],"predecessor-version":[{"id":144694,"href":"https:\/\/ovelanalista.com\/index.php?rest_route=\/wp\/v2\/posts\/144692\/revisions\/144694"}],"wp:featuredmedia":[{"embeddable":true,"href":"https:\/\/ovelanalista.com\/index.php?rest_route=\/wp\/v2\/media\/120052"}],"wp:attachment":[{"href":"https:\/\/ovelanalista.com\/index.php?rest_route=%2Fwp%2Fv2%2Fmedia&parent=144692"}],"wp:term":[{"taxonomy":"category","embeddable":true,"href":"https:\/\/ovelanalista.com\/index.php?rest_route=%2Fwp%2Fv2%2Fcategories&post=144692"},{"taxonomy":"post_tag","embeddable":true,"href":"https:\/\/ovelanalista.com\/index.php?rest_route=%2Fwp%2Fv2%2Ftags&post=144692"}],"curies":[{"name":"wp","href":"https:\/\/api.w.org\/{rel}","templated":true}]}}