{"id":144743,"date":"2026-04-15T14:48:52","date_gmt":"2026-04-15T21:48:52","guid":{"rendered":"https:\/\/ovelanalista.com\/?p=144743"},"modified":"2026-04-16T15:33:29","modified_gmt":"2026-04-16T22:33:29","slug":"ahome-se-suma-al-comite-estatal-de-proyectos-comunitarios-cepc-del-estado-de-sinaloa","status":"publish","type":"post","link":"https:\/\/ovelanalista.com\/?p=144743","title":{"rendered":"Ahome se suma al Comit\u00e9 Estatal de Proyectos Comunitarios (CEPC) del Estado de Sinaloa."},"content":{"rendered":"<p>&nbsp;<\/p>\n<p><strong><em><span dir=\"auto\">El Alcalde Antonio Men\u00e9ndez De Llano Berm\u00fadez y el Director del Instituto Municipal del Deporte (IMDA), Pablo Garc\u00eda, asistieron a la asamblea celebrada en la ciudad de Culiac\u00e1n, donde se inform\u00f3 que el objetivo es mejorar la infraestructura deportiva en los municipios rumbo al Mundial Social, impulsado por la Presidenta Claudia Sheinbaum Pardo, con motivo del Mundial FIFA 2026\u2026<\/span><\/em><\/strong><\/p>\n<p>&nbsp;<\/p>\n<p><strong><span dir=\"auto\">Culiac\u00e1n, Sinaloa. A 15 de Abril de 2026.-<\/span><\/strong><span dir=\"auto\">\u00a0El Presidente Municipal Antonio Men\u00e9ndez De Llano Berm\u00fadez particip\u00f3 en la asamblea de integraci\u00f3n del\u00a0<\/span><a><span dir=\"auto\">Comit\u00e9 Estatal de Proyectos Comunitarios (CEPC) del Estado de Sinaloa<\/span><\/a><span dir=\"auto\">\u00a0, para dar seguimiento a la operaci\u00f3n del Proyecto Municipal Social rumbo al Mundial FIFA 2026, cuyo objetivo es contribuir al acceso de infraestructura y equipamiento deportivo adecuado, seguro, y funcional en los municipios.<\/span><\/p>\n<p>&nbsp;<\/p>\n<p><span dir=\"auto\">En la reuni\u00f3n celebrada en el auditorio del ISDE, particip\u00f3 la mayor\u00eda de los alcaldes sinaloenses, entre ellos Antonio Men\u00e9ndez de Ahome, Gildardo Leyva Ortega de El Fuerte, Evangelina Llanes Carre\u00f3n de Juan Jos\u00e9 R\u00edos, Lupita L\u00f3pez de Salvador Alvarado y Rolando Mercado Sinaloa de Leyva, y el titular de la Oficina de Representaci\u00f3n en Sinaloa de la Secretar\u00eda de Desarrollo Agrario, Territorial y Urbano (SEDATU), Casimiro Zamora Valdez, as\u00ed como los directores del Instituto Sinaloense de Cultura F\u00edsica y Deporte (ISDE) y la Secretar\u00eda de Educaci\u00f3n P\u00fablica y Cultura (SEPyC), entre otros representantes de la sociedad civil, especialmente la comunidad deportiva.<\/span><\/p>\n<p>&nbsp;<\/p>\n<p><span dir=\"auto\">La informaci\u00f3n indica que con la creaci\u00f3n de este Comit\u00e9 se procura mejorar el acceso e inclusi\u00f3n a servicios deportivos y culturales a trav\u00e9s de la construcci\u00f3n o rehabilitaci\u00f3n de la infraestructura con enfoque al f\u00fatbol, \u200b\u200bcon la participaci\u00f3n de la comunidad, en el marco del proyecto Mundial Social que impulsa la Presidenta Claudia Sheinbaum Pardo, rumbo al Mundial FIFA 2026 en M\u00e9xico.<\/span><\/p>\n<div class=\"wp-block-group is-nowrap is-layout-flex wp-container-core-group-is-layout-ad2f72ca wp-block-group-is-layout-flex\">\n<figure class=\"wp-block-image size-large\"><img loading=\"lazy\" decoding=\"async\" class=\"wp-image-63094\" src=\"https:\/\/www.ahome.gob.mx\/wp-content\/uploads\/2026\/04\/WhatsApp-Image-2026-04-15-at-1.46.16-PM-1024x768.jpeg\" sizes=\"auto, (max-width: 1024px) 100vw, 1024px\" srcset=\"https:\/\/www.ahome.gob.mx\/wp-content\/uploads\/2026\/04\/WhatsApp-Image-2026-04-15-at-1.46.16-PM-1024x768.jpeg 1024w, https:\/\/www.ahome.gob.mx\/wp-content\/uploads\/2026\/04\/WhatsApp-Image-2026-04-15-at-1.46.16-PM-300x225.jpeg 300w, https:\/\/www.ahome.gob.mx\/wp-content\/uploads\/2026\/04\/WhatsApp-Image-2026-04-15-at-1.46.16-PM-150x113.jpeg 150w, https:\/\/www.ahome.gob.mx\/wp-content\/uploads\/2026\/04\/WhatsApp-Image-2026-04-15-at-1.46.16-PM-768x576.jpeg 768w, https:\/\/www.ahome.gob.mx\/wp-content\/uploads\/2026\/04\/WhatsApp-Image-2026-04-15-at-1.46.16-PM.jpeg 1280w\" alt=\"\" width=\"1024\" height=\"768\" \/><\/figure>\n<figure class=\"wp-block-gallery has-nested-images columns-default is-cropped wp-block-gallery-1 is-layout-flex wp-block-gallery-is-layout-flex\">\n<figure class=\"wp-block-image size-large\"><img loading=\"lazy\" decoding=\"async\" class=\"wp-image-63095\" src=\"https:\/\/www.ahome.gob.mx\/wp-content\/uploads\/2026\/04\/WhatsApp-Image-2026-04-15-at-1.46.17-PM-768x1024.jpeg\" sizes=\"auto, (max-width: 768px) 100vw, 768px\" srcset=\"https:\/\/www.ahome.gob.mx\/wp-content\/uploads\/2026\/04\/WhatsApp-Image-2026-04-15-at-1.46.17-PM-768x1024.jpeg 768w, https:\/\/www.ahome.gob.mx\/wp-content\/uploads\/2026\/04\/WhatsApp-Image-2026-04-15-at-1.46.17-PM-225x300.jpeg 225w, https:\/\/www.ahome.gob.mx\/wp-content\/uploads\/2026\/04\/WhatsApp-Image-2026-04-15-at-1.46.17-PM-113x150.jpeg 113w, https:\/\/www.ahome.gob.mx\/wp-content\/uploads\/2026\/04\/WhatsApp-Image-2026-04-15-at-1.46.17-PM.jpeg 960w\" alt=\"\" width=\"768\" height=\"1024\" data-id=\"63095\" \/><\/figure>\n<\/figure>\n<\/div>\n","protected":false},"excerpt":{"rendered":"<p>&nbsp; El Alcalde Antonio Men\u00e9ndez De Llano Berm\u00fadez y el Director del Instituto Municipal del Deporte (IMDA), Pablo Garc\u00eda, asistieron a la asamblea celebrada en la ciudad de Culiac\u00e1n, donde se inform\u00f3 que el objetivo es mejorar la infraestructura deportiva en los municipios rumbo al Mundial Social, impulsado por la Presidenta Claudia Sheinbaum Pardo, con motivo del Mundial FIFA 2026\u2026 &nbsp; Culiac\u00e1n, Sinaloa. A 15 de Abril de 2026.-\u00a0El Presidente Municipal Antonio Men\u00e9ndez De Llano Berm\u00fadez particip\u00f3 en la asamblea de integraci\u00f3n del\u00a0Comit\u00e9 Estatal de Proyectos Comunitarios (CEPC) del Estado de Sinaloa\u00a0, para dar seguimiento a la operaci\u00f3n del Proyecto [&hellip;]<\/p>\n","protected":false},"author":3,"featured_media":144756,"comment_status":"open","ping_status":"open","sticky":false,"template":"","format":"standard","meta":{"_jetpack_newsletter_access":"","_jetpack_dont_email_post_to_subs":false,"_jetpack_newsletter_tier_id":0,"_jetpack_memberships_contains_paywalled_content":false,"_jetpack_feature_clip_id":0,"_jetpack_memberships_contains_paid_content":false,"footnotes":"","jetpack_publicize_message":"Ahome se suma al Comit\u00e9 Estatal de Proyectos Comunitarios (CEPC) del Estado de Sinaloa.","jetpack_publicize_feature_enabled":true,"jetpack_social_post_already_shared":true,"jetpack_social_options":{"image_generator_settings":{"template":"highway","default_image_id":0,"font":"","enabled":false},"version":2},"jetpack_post_was_ever_published":false},"categories":[85],"tags":[],"class_list":["post-144743","post","type-post","status-publish","format-standard","has-post-thumbnail","hentry","category-sinaloa-norte","post--single"],"jetpack_publicize_connections":[],"jetpack_featured_media_url":"https:\/\/ovelanalista.com\/wp-content\/uploads\/2026\/04\/WhatsApp-Image-2026-04-15-at-1.46.17-PM-1.jpeg","jetpack_sharing_enabled":true,"_links":{"self":[{"href":"https:\/\/ovelanalista.com\/index.php?rest_route=\/wp\/v2\/posts\/144743","targetHints":{"allow":["GET"]}}],"collection":[{"href":"https:\/\/ovelanalista.com\/index.php?rest_route=\/wp\/v2\/posts"}],"about":[{"href":"https:\/\/ovelanalista.com\/index.php?rest_route=\/wp\/v2\/types\/post"}],"author":[{"embeddable":true,"href":"https:\/\/ovelanalista.com\/index.php?rest_route=\/wp\/v2\/users\/3"}],"replies":[{"embeddable":true,"href":"https:\/\/ovelanalista.com\/index.php?rest_route=%2Fwp%2Fv2%2Fcomments&post=144743"}],"version-history":[{"count":2,"href":"https:\/\/ovelanalista.com\/index.php?rest_route=\/wp\/v2\/posts\/144743\/revisions"}],"predecessor-version":[{"id":144758,"href":"https:\/\/ovelanalista.com\/index.php?rest_route=\/wp\/v2\/posts\/144743\/revisions\/144758"}],"wp:featuredmedia":[{"embeddable":true,"href":"https:\/\/ovelanalista.com\/index.php?rest_route=\/wp\/v2\/media\/144756"}],"wp:attachment":[{"href":"https:\/\/ovelanalista.com\/index.php?rest_route=%2Fwp%2Fv2%2Fmedia&parent=144743"}],"wp:term":[{"taxonomy":"category","embeddable":true,"href":"https:\/\/ovelanalista.com\/index.php?rest_route=%2Fwp%2Fv2%2Fcategories&post=144743"},{"taxonomy":"post_tag","embeddable":true,"href":"https:\/\/ovelanalista.com\/index.php?rest_route=%2Fwp%2Fv2%2Ftags&post=144743"}],"curies":[{"name":"wp","href":"https:\/\/api.w.org\/{rel}","templated":true}]}}