{"id":147074,"date":"2026-05-23T15:19:17","date_gmt":"2026-05-23T22:19:17","guid":{"rendered":"https:\/\/ovelanalista.com\/?p=147074"},"modified":"2026-05-23T15:19:17","modified_gmt":"2026-05-23T22:19:17","slug":"fgr-cita-a-declarar-a-ruben-rocha-moya-por-investigacion-en-estados-unidos","status":"publish","type":"post","link":"https:\/\/ovelanalista.com\/?p=147074","title":{"rendered":"FGR cita a declarar a Rub\u00e9n Rocha Moya por investigaci\u00f3n en Estados Unidos"},"content":{"rendered":"\n<p class=\"wp-block-paragraph\"><\/p>\n\n\n\n<p class=\"wp-block-paragraph\">La Fiscal\u00eda General de la Rep\u00fablica (FGR) inform\u00f3 que el gobernador con licencia de Sinaloa, Rub\u00e9n Rocha Moya, forma parte de un grupo de ciudadanos sinaloenses que est\u00e1n siendo llamados a comparecer ante el Ministerio P\u00fablico Federal, derivado de una investigaci\u00f3n relacionada con una acusaci\u00f3n presentada en la Corte del Distrito Sur de Nueva York, en Estados Unidos.<\/p>\n\n\n\n<p class=\"wp-block-paragraph\">A trav\u00e9s de un comunicado difundido en redes sociales, la FGR se\u00f1al\u00f3 que las diligencias forman parte de las acciones emprendidas dentro de los respectivos planes de investigaci\u00f3n y que las entrevistas ministeriales buscan avanzar \u201ccon seriedad y exhaustividad\u201d en las indagatorias.<\/p>\n\n\n\n<p class=\"wp-block-paragraph\">El documento detalla que la investigaci\u00f3n involucra a 10 ciudadanos mexicanos originarios de Sinaloa, \u201centre ellos el gobernador con licencia\u201d, aunque sin precisar los delitos o se\u00f1alamientos espec\u00edficos contenidos en la acusaci\u00f3n presentada en territorio estadounidense.<\/p>\n\n\n\n<p class=\"wp-block-paragraph\">La dependencia federal destac\u00f3 que las personas involucradas est\u00e1n siendo citadas para rendir entrevista en sede del Ministerio P\u00fablico de la Federaci\u00f3n, en apego al debido proceso y dentro de las facultades constitucionales de la instituci\u00f3n.<\/p>\n\n\n\n<p class=\"wp-block-paragraph\">La noticia ha generado un fuerte impacto pol\u00edtico en Sinaloa, debido a que Rocha Moya solicit\u00f3 licencia a su cargo recientemente en medio de un ambiente de tensi\u00f3n pol\u00edtica y cuestionamientos sobre seguridad y gobernabilidad en el estado.<\/p>\n\n\n\n<p class=\"wp-block-paragraph\">En el mismo comunicado, la FGR tambi\u00e9n inform\u00f3 sobre otra investigaci\u00f3n en Chihuahua relacionada con un operativo en la Sierra del Pinal, donde incluso fueron citadas autoridades estatales y ex funcionarios de procuraci\u00f3n de justicia.<\/p>\n\n\n\n<p class=\"wp-block-paragraph\">La Fiscal\u00eda reiter\u00f3 que continuar\u00e1 informando de manera transparente sobre los avances de ambas investigaciones y reafirm\u00f3 su compromiso con la justicia y el combate a la impunidad.<\/p>\n","protected":false},"excerpt":{"rendered":"<p>La Fiscal\u00eda General de la Rep\u00fablica (FGR) inform\u00f3 que el gobernador con licencia de Sinaloa, Rub\u00e9n Rocha Moya, forma parte de un grupo de ciudadanos sinaloenses que est\u00e1n siendo llamados a comparecer ante el Ministerio P\u00fablico Federal, derivado de una investigaci\u00f3n relacionada con una acusaci\u00f3n presentada en la Corte del Distrito Sur de Nueva York, en Estados Unidos. A trav\u00e9s de un comunicado difundido en redes sociales, la FGR se\u00f1al\u00f3 que las diligencias forman parte de las acciones emprendidas dentro de los respectivos planes de investigaci\u00f3n y que las entrevistas ministeriales buscan avanzar \u201ccon seriedad y exhaustividad\u201d en las indagatorias. [&hellip;]<\/p>\n","protected":false},"author":3,"featured_media":147073,"comment_status":"closed","ping_status":"open","sticky":false,"template":"","format":"standard","meta":{"_jetpack_newsletter_access":"","_jetpack_dont_email_post_to_subs":false,"_jetpack_newsletter_tier_id":0,"_jetpack_memberships_contains_paywalled_content":false,"_jetpack_feature_clip_id":0,"_jetpack_memberships_contains_paid_content":false,"footnotes":"","jetpack_publicize_message":"FGR cita a declarar a Rub\u00e9n Rocha Moya por investigaci\u00f3n en Estados Unidos","jetpack_publicize_feature_enabled":true,"jetpack_social_post_already_shared":true,"jetpack_social_options":{"image_generator_settings":{"template":"highway","default_image_id":0,"font":"","enabled":false},"version":2},"jetpack_post_was_ever_published":false},"categories":[90,89,75,72],"tags":[],"class_list":["post-147074","post","type-post","status-publish","format-standard","has-post-thumbnail","hentry","category-estatal","category-internacional","category-nacional","category-portada","post--single"],"jetpack_publicize_connections":[],"jetpack_featured_media_url":"https:\/\/ovelanalista.com\/wp-content\/uploads\/2026\/05\/9fa2d6ce-d5b3-4551-b04c-4721c44c56b1.jpg","jetpack_sharing_enabled":true,"_links":{"self":[{"href":"https:\/\/ovelanalista.com\/index.php?rest_route=\/wp\/v2\/posts\/147074","targetHints":{"allow":["GET"]}}],"collection":[{"href":"https:\/\/ovelanalista.com\/index.php?rest_route=\/wp\/v2\/posts"}],"about":[{"href":"https:\/\/ovelanalista.com\/index.php?rest_route=\/wp\/v2\/types\/post"}],"author":[{"embeddable":true,"href":"https:\/\/ovelanalista.com\/index.php?rest_route=\/wp\/v2\/users\/3"}],"replies":[{"embeddable":true,"href":"https:\/\/ovelanalista.com\/index.php?rest_route=%2Fwp%2Fv2%2Fcomments&post=147074"}],"version-history":[{"count":1,"href":"https:\/\/ovelanalista.com\/index.php?rest_route=\/wp\/v2\/posts\/147074\/revisions"}],"predecessor-version":[{"id":147075,"href":"https:\/\/ovelanalista.com\/index.php?rest_route=\/wp\/v2\/posts\/147074\/revisions\/147075"}],"wp:featuredmedia":[{"embeddable":true,"href":"https:\/\/ovelanalista.com\/index.php?rest_route=\/wp\/v2\/media\/147073"}],"wp:attachment":[{"href":"https:\/\/ovelanalista.com\/index.php?rest_route=%2Fwp%2Fv2%2Fmedia&parent=147074"}],"wp:term":[{"taxonomy":"category","embeddable":true,"href":"https:\/\/ovelanalista.com\/index.php?rest_route=%2Fwp%2Fv2%2Fcategories&post=147074"},{"taxonomy":"post_tag","embeddable":true,"href":"https:\/\/ovelanalista.com\/index.php?rest_route=%2Fwp%2Fv2%2Ftags&post=147074"}],"curies":[{"name":"wp","href":"https:\/\/api.w.org\/{rel}","templated":true}]}}