{"id":147077,"date":"2026-05-23T17:48:48","date_gmt":"2026-05-24T00:48:48","guid":{"rendered":"https:\/\/ovelanalista.com\/?p=147077"},"modified":"2026-05-23T17:48:48","modified_gmt":"2026-05-24T00:48:48","slug":"ruben-rocha-confirma-citatorio-de-la-fgr-y-asegura-que-dara-la-cara","status":"publish","type":"post","link":"https:\/\/ovelanalista.com\/?p=147077","title":{"rendered":"Rub\u00e9n Rocha confirma citatorio de la FGR y asegura que dar\u00e1 la cara"},"content":{"rendered":"\n<p class=\"wp-block-paragraph\"><\/p>\n\n\n\n<p class=\"wp-block-paragraph\">El gobernador de Sinaloa, Rub\u00e9n Rocha Moya, inform\u00f3 este d\u00eda que recibi\u00f3 un citatorio para comparecer ante la Fiscal\u00eda General de la Rep\u00fablica y asegur\u00f3 que acudir\u00e1 personalmente al llamado de las autoridades federales.<\/p>\n\n\n\n<p class=\"wp-block-paragraph\">A trav\u00e9s de un mensaje difundido en redes sociales, Rocha Moya afirm\u00f3 que es \u201cun hombre probo\u201d y se\u00f1al\u00f3 que no tiene nada que temer, destacando que su trayectoria p\u00fablica respalda su actuar.<\/p>\n\n\n\n<p class=\"wp-block-paragraph\">\u201cMi biograf\u00eda testimonia lo que soy\u201d, expres\u00f3 el mandatario estatal en el comunicado.<\/p>\n\n\n\n<p class=\"wp-block-paragraph\">El gobernador tambi\u00e9n envi\u00f3 un mensaje a las y los sinaloenses, as\u00ed como a integrantes de su movimiento pol\u00edtico, asegurando que enfrentar\u00e1 el proceso \u201ccon la frente en alto\u201d y confiando en que la verdad prevalecer\u00e1.<\/p>\n\n\n\n<p class=\"wp-block-paragraph\">La publicaci\u00f3n ocurre en medio de la atenci\u00f3n pol\u00edtica y medi\u00e1tica que ha generado la investigaci\u00f3n federal relacionada con funcionarios y actores pol\u00edticos de Sinaloa.<\/p>\n","protected":false},"excerpt":{"rendered":"<p>El gobernador de Sinaloa, Rub\u00e9n Rocha Moya, inform\u00f3 este d\u00eda que recibi\u00f3 un citatorio para comparecer ante la Fiscal\u00eda General de la Rep\u00fablica y asegur\u00f3 que acudir\u00e1 personalmente al llamado de las autoridades federales. A trav\u00e9s de un mensaje difundido en redes sociales, Rocha Moya afirm\u00f3 que es \u201cun hombre probo\u201d y se\u00f1al\u00f3 que no tiene nada que temer, destacando que su trayectoria p\u00fablica respalda su actuar. \u201cMi biograf\u00eda testimonia lo que soy\u201d, expres\u00f3 el mandatario estatal en el comunicado. El gobernador tambi\u00e9n envi\u00f3 un mensaje a las y los sinaloenses, as\u00ed como a integrantes de su movimiento pol\u00edtico, asegurando [&hellip;]<\/p>\n","protected":false},"author":3,"featured_media":147076,"comment_status":"closed","ping_status":"open","sticky":false,"template":"","format":"standard","meta":{"_jetpack_newsletter_access":"","_jetpack_dont_email_post_to_subs":false,"_jetpack_newsletter_tier_id":0,"_jetpack_memberships_contains_paywalled_content":false,"_jetpack_feature_clip_id":0,"_jetpack_memberships_contains_paid_content":false,"footnotes":"","jetpack_publicize_message":"Rub\u00e9n Rocha confirma citatorio de la FGR y asegura que dar\u00e1 la cara","jetpack_publicize_feature_enabled":true,"jetpack_social_post_already_shared":true,"jetpack_social_options":{"image_generator_settings":{"template":"highway","default_image_id":0,"font":"","enabled":false},"version":2},"jetpack_post_was_ever_published":false},"categories":[89,75,72],"tags":[],"class_list":["post-147077","post","type-post","status-publish","format-standard","has-post-thumbnail","hentry","category-internacional","category-nacional","category-portada","post--single"],"jetpack_publicize_connections":[],"jetpack_featured_media_url":"https:\/\/ovelanalista.com\/wp-content\/uploads\/2026\/05\/c366ee51-db39-4e75-b807-e722bf23261a.jpg","jetpack_sharing_enabled":true,"_links":{"self":[{"href":"https:\/\/ovelanalista.com\/index.php?rest_route=\/wp\/v2\/posts\/147077","targetHints":{"allow":["GET"]}}],"collection":[{"href":"https:\/\/ovelanalista.com\/index.php?rest_route=\/wp\/v2\/posts"}],"about":[{"href":"https:\/\/ovelanalista.com\/index.php?rest_route=\/wp\/v2\/types\/post"}],"author":[{"embeddable":true,"href":"https:\/\/ovelanalista.com\/index.php?rest_route=\/wp\/v2\/users\/3"}],"replies":[{"embeddable":true,"href":"https:\/\/ovelanalista.com\/index.php?rest_route=%2Fwp%2Fv2%2Fcomments&post=147077"}],"version-history":[{"count":1,"href":"https:\/\/ovelanalista.com\/index.php?rest_route=\/wp\/v2\/posts\/147077\/revisions"}],"predecessor-version":[{"id":147078,"href":"https:\/\/ovelanalista.com\/index.php?rest_route=\/wp\/v2\/posts\/147077\/revisions\/147078"}],"wp:featuredmedia":[{"embeddable":true,"href":"https:\/\/ovelanalista.com\/index.php?rest_route=\/wp\/v2\/media\/147076"}],"wp:attachment":[{"href":"https:\/\/ovelanalista.com\/index.php?rest_route=%2Fwp%2Fv2%2Fmedia&parent=147077"}],"wp:term":[{"taxonomy":"category","embeddable":true,"href":"https:\/\/ovelanalista.com\/index.php?rest_route=%2Fwp%2Fv2%2Fcategories&post=147077"},{"taxonomy":"post_tag","embeddable":true,"href":"https:\/\/ovelanalista.com\/index.php?rest_route=%2Fwp%2Fv2%2Ftags&post=147077"}],"curies":[{"name":"wp","href":"https:\/\/api.w.org\/{rel}","templated":true}]}}