{"id":147080,"date":"2026-05-23T17:49:28","date_gmt":"2026-05-24T00:49:28","guid":{"rendered":"https:\/\/ovelanalista.com\/?p=147080"},"modified":"2026-05-23T17:49:28","modified_gmt":"2026-05-24T00:49:28","slug":"enrique-inzunza-confirma-citacion-de-la-fgr-y-asegura-que-acudira-personalmente","status":"publish","type":"post","link":"https:\/\/ovelanalista.com\/?p=147080","title":{"rendered":"Enrique Inzunza confirma citaci\u00f3n de la FGR y asegura que acudir\u00e1 personalmente"},"content":{"rendered":"\n<p class=\"wp-block-paragraph\"><\/p>\n\n\n\n<p class=\"wp-block-paragraph\">El senador sinaloense Enrique Inzunza C\u00e1zarez inform\u00f3 este d\u00eda que recibi\u00f3 una citaci\u00f3n oficial para comparecer ante la Fiscal\u00eda General de la Rep\u00fablica, asegurando que acudir\u00e1 \u201cpersonalmente y puntualmente\u201d al llamado de las autoridades federales.<\/p>\n\n\n\n<p class=\"wp-block-paragraph\">A trav\u00e9s de un mensaje publicado en redes sociales, el legislador se\u00f1al\u00f3 que atender\u00e1 la citaci\u00f3n acompa\u00f1ado \u00fanicamente de su abogado y afirm\u00f3 que enfrenta el proceso con \u201chonradez personal\u201d y respeto a las instituciones del pa\u00eds.<\/p>\n\n\n\n<p class=\"wp-block-paragraph\">En su posicionamiento, Inzunza destac\u00f3 que no har\u00e1 uso de la inmunidad procesal que le otorga su cargo como senador, ni recurrir\u00e1 a excepciones legales para evitar presentarse ante la autoridad.<\/p>\n\n\n\n<p class=\"wp-block-paragraph\">\u201cSoy un hombre de la Rep\u00fablica, de sus leyes y de sus instituciones\u201d, expres\u00f3 en el comunicado difundido p\u00fablicamente.<\/p>\n\n\n\n<p class=\"wp-block-paragraph\">El senador tambi\u00e9n manifest\u00f3 su confianza en las instituciones democr\u00e1ticas y reiter\u00f3 su postura a favor de la legalidad, la justicia y la soberan\u00eda nacional.<\/p>\n","protected":false},"excerpt":{"rendered":"<p>El senador sinaloense Enrique Inzunza C\u00e1zarez inform\u00f3 este d\u00eda que recibi\u00f3 una citaci\u00f3n oficial para comparecer ante la Fiscal\u00eda General de la Rep\u00fablica, asegurando que acudir\u00e1 \u201cpersonalmente y puntualmente\u201d al llamado de las autoridades federales. A trav\u00e9s de un mensaje publicado en redes sociales, el legislador se\u00f1al\u00f3 que atender\u00e1 la citaci\u00f3n acompa\u00f1ado \u00fanicamente de su abogado y afirm\u00f3 que enfrenta el proceso con \u201chonradez personal\u201d y respeto a las instituciones del pa\u00eds. En su posicionamiento, Inzunza destac\u00f3 que no har\u00e1 uso de la inmunidad procesal que le otorga su cargo como senador, ni recurrir\u00e1 a excepciones legales para evitar presentarse [&hellip;]<\/p>\n","protected":false},"author":3,"featured_media":147079,"comment_status":"closed","ping_status":"open","sticky":false,"template":"","format":"standard","meta":{"_jetpack_newsletter_access":"","_jetpack_dont_email_post_to_subs":false,"_jetpack_newsletter_tier_id":0,"_jetpack_memberships_contains_paywalled_content":false,"_jetpack_feature_clip_id":0,"_jetpack_memberships_contains_paid_content":false,"footnotes":"","jetpack_publicize_message":"Enrique Inzunza confirma citaci\u00f3n de la FGR y asegura que acudir\u00e1 personalmente","jetpack_publicize_feature_enabled":true,"jetpack_social_post_already_shared":true,"jetpack_social_options":{"image_generator_settings":{"template":"highway","default_image_id":0,"font":"","enabled":false},"version":2},"jetpack_post_was_ever_published":false},"categories":[90,89,75,72],"tags":[],"class_list":["post-147080","post","type-post","status-publish","format-standard","has-post-thumbnail","hentry","category-estatal","category-internacional","category-nacional","category-portada","post--single"],"jetpack_publicize_connections":[],"jetpack_featured_media_url":"https:\/\/ovelanalista.com\/wp-content\/uploads\/2026\/05\/e21aba55-035a-413e-9b89-9f5a92f99f04.jpg","jetpack_sharing_enabled":true,"_links":{"self":[{"href":"https:\/\/ovelanalista.com\/index.php?rest_route=\/wp\/v2\/posts\/147080","targetHints":{"allow":["GET"]}}],"collection":[{"href":"https:\/\/ovelanalista.com\/index.php?rest_route=\/wp\/v2\/posts"}],"about":[{"href":"https:\/\/ovelanalista.com\/index.php?rest_route=\/wp\/v2\/types\/post"}],"author":[{"embeddable":true,"href":"https:\/\/ovelanalista.com\/index.php?rest_route=\/wp\/v2\/users\/3"}],"replies":[{"embeddable":true,"href":"https:\/\/ovelanalista.com\/index.php?rest_route=%2Fwp%2Fv2%2Fcomments&post=147080"}],"version-history":[{"count":1,"href":"https:\/\/ovelanalista.com\/index.php?rest_route=\/wp\/v2\/posts\/147080\/revisions"}],"predecessor-version":[{"id":147081,"href":"https:\/\/ovelanalista.com\/index.php?rest_route=\/wp\/v2\/posts\/147080\/revisions\/147081"}],"wp:featuredmedia":[{"embeddable":true,"href":"https:\/\/ovelanalista.com\/index.php?rest_route=\/wp\/v2\/media\/147079"}],"wp:attachment":[{"href":"https:\/\/ovelanalista.com\/index.php?rest_route=%2Fwp%2Fv2%2Fmedia&parent=147080"}],"wp:term":[{"taxonomy":"category","embeddable":true,"href":"https:\/\/ovelanalista.com\/index.php?rest_route=%2Fwp%2Fv2%2Fcategories&post=147080"},{"taxonomy":"post_tag","embeddable":true,"href":"https:\/\/ovelanalista.com\/index.php?rest_route=%2Fwp%2Fv2%2Ftags&post=147080"}],"curies":[{"name":"wp","href":"https:\/\/api.w.org\/{rel}","templated":true}]}}