{"id":147087,"date":"2026-05-26T09:12:27","date_gmt":"2026-05-26T16:12:27","guid":{"rendered":"https:\/\/ovelanalista.com\/?p=147087"},"modified":"2026-05-26T09:14:19","modified_gmt":"2026-05-26T16:14:19","slug":"ofensiva-mediatica-contra-sheinbaum","status":"publish","type":"post","link":"https:\/\/ovelanalista.com\/?p=147087","title":{"rendered":"\u00bfOfensiva medi\u00e1tica contra Sheinbaum?"},"content":{"rendered":"<p><strong>La Espinita<\/strong><\/p>\n<p><strong>Andy S. K. Brown<\/strong><\/p>\n<ul>\n<li><strong>\u00bfOfensiva medi\u00e1tica contra Sheinbaum?<\/strong><\/li>\n<li><strong>Andy deja muchas cuentas pendientes<\/strong><\/li>\n<li><strong>\u201cNachito\u201d Mier, desnudo en la corriente<\/strong><\/li>\n<\/ul>\n<p>&nbsp;<\/p>\n<p>La se\u00f1ora Claudia Sheinbaum ya est\u00e1 como aquel: \u00a1no entiende que no entiende!<\/p>\n<p>Como en la pel\u00edcula de Pedro Almod\u00f3var, ya es visible que se encuentra al borde de un ataque de nervios.<\/p>\n<p>Sus constantes estallidos de mal humor visibles en cada una de sus menti\u00f1eras lo confirman, y somos muchos quienes esperamos que eso no le ponga en una situaci\u00f3n delicada a causa de su ves\u00edcula biliar o incluso de un mal hep\u00e1tico.<\/p>\n<p>No entiende que los medios son medios.<\/p>\n<p>Y por no entender habla de una supuesta ofensiva medi\u00e1tica, cuando en realidad lo que se refleja en algunos diarios impresos, en varias radiodifusoras, en ciertas cadenas de televisi\u00f3n y en la enorme cantidad de posts en redes sociales es el reflejo de lo que piensa y siente la mayor\u00eda con respecto a su fallida gesti\u00f3n.<\/p>\n<p>Se\u00f1alar que Morena y los c\u00e1rteles mantienen una inocultable e \u201cintolerable alianza\u201d, como difundi\u00f3 la mism\u00edsima Casa Blanca, deber\u00eda ponerla a cazar narcopol\u00edticos y no a quejarse por una supuesta ofensiva.<\/p>\n<p>Apuntar con \u00edndice flam\u00edgero que ella brinda protecci\u00f3n e impunidad a huachicoleros fiscales incrustados en su gobiernito y en su partido, no es ofensivo\u2026 simplemente es la verdad.<\/p>\n<p>Denunciar que ella, junto con sus adl\u00e1teres, modificar\u00e1 la Carta Magna para garantizar que el Movimiento de Resentidos y Narcos (Morena) arrebate triunfos electorales que no haya obtenido tampoco es ataque ni a ella ni a la investidura que AMLO le prest\u00f3 por un rato.<\/p>\n<p>\u00bfTendr\u00e1 do\u00f1a Claudia alg\u00fan asesor listo, a quien no le grite y con quien no se enoje cuando le explique que los medios solamente son medios?<\/p>\n<p>Y en \u00faltima instancia, \u00bfqui\u00e9n es do\u00f1a Claudia para decirnos qu\u00e9 ver y qu\u00e9 no? Porque ayer recomend\u00f3 no ver TV Azteca\u2026 lo que seguramente atraer\u00e1 m\u00e1s audiencia a la tambi\u00e9n llamada televisora del Ajusco.<\/p>\n<p>* * *<\/p>\n<p>\u00bfDe veras? \u00bf10 millones de empadronados en Morena? \u00bfTe cae?<\/p>\n<p>Son las cuentas del gran capit\u00e1n las que Andy L\u00f3pez deja en Morena al dimitir como secretario de Organizaci\u00f3n, encargo que no se gan\u00f3 sino en donde solo lo puso su papi.<\/p>\n<p>Somos quiz\u00e1 cinco veces m\u00e1s quienes no estamos empadronados, pero s\u00ed encabronados con el Movimiento en reversa que retrotrajo al pa\u00eds por lo menos cien a\u00f1os hacia atr\u00e1s.<\/p>\n<p>Pero a\u00fan as\u00ed, las cuentas no salen. La mayor\u00eda de los que recibieron la credencial guinda no lo hicieron por coincidencia ideol\u00f3gica, sino por chantaje y conveniencia: si no se afiliaban, los amenazaban, perder\u00e1s los apoyos sociales.<\/p>\n<p>Lo peor es que, con todo y que est\u00e1 capturado por los narcopol\u00edticos del r\u00e9gimen, el INE detect\u00f3 casi 100 mil afiliaciones irregulares en el padr\u00f3n de Morena, las cuales incluyen registros de personas fallecidas y ciudadanos sin su consentimiento. Esta revisi\u00f3n fue documentada y expuesta tras auditor\u00edas a los procesos de afiliaci\u00f3n del partido.<\/p>\n<p>No es la primera ocasi\u00f3n en la que \u201cinflan\u201d los padrones. En 2023 durante la recolecci\u00f3n de firmas para la consulta de revocaci\u00f3n de mandato, el INE detect\u00f3 m\u00e1s de 17 mil firmas de personas muertas en la documentaci\u00f3n presentada por organizaciones afines al partido guinda.<\/p>\n<p>Y antes, en 2020, en la consulta popular para enjuiciar a los expresidentes, el \u00f3rgano electoral localiz\u00f3 m\u00e1s de 5 mil 500 firmas de personas fallecidas en los formatos de apoyo.<\/p>\n<p>Eso por lo que hace a las cuentas partidistas.<\/p>\n<p>Las que Andy L\u00f3pez tampoco ha rendido ante la Fiscal\u00eda son las cuentas de todos los bisnes en los que particip\u00f3, al amparo de papi, mismos que le han dejado archimillonarias ganancias mal habidas, but of course.<\/p>\n<p>&nbsp;<\/p>\n<p><a class=\"td-modal-image\" href=\"https:\/\/indicepolitico.com\/wp-content\/uploads\/2026\/05\/reflejo-de-la-realidad.jpg\"><img loading=\"lazy\" decoding=\"async\" class=\"aligncenter size-full wp-image-539954 td-animation-stack-type0-2\" src=\"https:\/\/indicepolitico.com\/wp-content\/uploads\/2026\/05\/reflejo-de-la-realidad.jpg\" sizes=\"auto, (max-width: 547px) 100vw, 547px\" srcset=\"https:\/\/indicepolitico.com\/wp-content\/uploads\/2026\/05\/reflejo-de-la-realidad.jpg 547w, https:\/\/indicepolitico.com\/wp-content\/uploads\/2026\/05\/reflejo-de-la-realidad-150x84.jpg 150w, https:\/\/indicepolitico.com\/wp-content\/uploads\/2026\/05\/reflejo-de-la-realidad-300x168.jpg 300w\" alt=\"\" width=\"547\" height=\"306\" \/><\/a><\/p>\n<p>* * *<\/p>\n<p>El poblano \u201cNachito\u201d Mier no pod\u00eda quedarse a la orilla de la alberca y se sum\u00f3 al nado sincronizado de los cuatroteros en contra de la gobernadora chihuahuense.<\/p>\n<p>Y poste\u00f3 en X:<\/p>\n<p>\u201cAnte los leg\u00edtimos citatorios de la @FGRMexico, hablemos con objetividad: de un lado, en #Chihuahua, hay una confesi\u00f3n expl\u00edcita de la gobernadora Mar\u00eda Eugenia Campos de vulnerar la Constituci\u00f3n bajo el pretexto de \u2018eficacia\u2019; del otro, en #Sinaloa, acusaciones basadas en \u2018testigos protegidos\u2019, sin pruebas contra Rub\u00e9n Rocha. Lo que vemos no es justicia, sino la estrategia de la derecha internacional y agencias externas para estigmatizar a M\u00e9xico. La soberan\u00eda no se somete a guiones extranjeros.\u201d<\/p>\n<p>Nada original.<\/p>\n<p>Sin ropajes que lo caracterizaran, \u00a1se lanz\u00f3 desnudo al agua!<\/p>\n<p>@AndySKBrown1<\/p>\n<p><em>*Pseud\u00f3nimo bajo el que se redactan informaciones comprobadas que son enviadas por lectores y colaboradores del portal \u00cdndice Pol\u00edtico.<\/em><\/p>\n","protected":false},"excerpt":{"rendered":"<p>La Espinita Andy S. K. Brown \u00bfOfensiva medi\u00e1tica contra Sheinbaum? Andy deja muchas cuentas pendientes \u201cNachito\u201d Mier, desnudo en la corriente &nbsp; La se\u00f1ora Claudia Sheinbaum ya est\u00e1 como aquel: \u00a1no entiende que no entiende! Como en la pel\u00edcula de Pedro Almod\u00f3var, ya es visible que se encuentra al borde de un ataque de nervios. Sus constantes estallidos de mal humor visibles en cada una de sus menti\u00f1eras lo confirman, y somos muchos quienes esperamos que eso no le ponga en una situaci\u00f3n delicada a causa de su ves\u00edcula biliar o incluso de un mal hep\u00e1tico. No entiende que los [&hellip;]<\/p>\n","protected":false},"author":3,"featured_media":89493,"comment_status":"open","ping_status":"open","sticky":false,"template":"","format":"standard","meta":{"_jetpack_newsletter_access":"","_jetpack_dont_email_post_to_subs":false,"_jetpack_newsletter_tier_id":0,"_jetpack_memberships_contains_paywalled_content":false,"_jetpack_feature_clip_id":0,"_jetpack_memberships_contains_paid_content":false,"footnotes":"","jetpack_publicize_message":"","jetpack_publicize_feature_enabled":true,"jetpack_social_post_already_shared":true,"jetpack_social_options":{"image_generator_settings":{"template":"highway","default_image_id":0,"font":"","enabled":false},"version":2},"jetpack_post_was_ever_published":false},"categories":[79],"tags":[],"class_list":["post-147087","post","type-post","status-publish","format-standard","has-post-thumbnail","hentry","category-columnistas-nacionales","post--single"],"jetpack_publicize_connections":[],"jetpack_featured_media_url":"https:\/\/ovelanalista.com\/wp-content\/uploads\/2024\/01\/Andy-S.-K.-Brown.jpeg","jetpack_sharing_enabled":true,"_links":{"self":[{"href":"https:\/\/ovelanalista.com\/index.php?rest_route=\/wp\/v2\/posts\/147087","targetHints":{"allow":["GET"]}}],"collection":[{"href":"https:\/\/ovelanalista.com\/index.php?rest_route=\/wp\/v2\/posts"}],"about":[{"href":"https:\/\/ovelanalista.com\/index.php?rest_route=\/wp\/v2\/types\/post"}],"author":[{"embeddable":true,"href":"https:\/\/ovelanalista.com\/index.php?rest_route=\/wp\/v2\/users\/3"}],"replies":[{"embeddable":true,"href":"https:\/\/ovelanalista.com\/index.php?rest_route=%2Fwp%2Fv2%2Fcomments&post=147087"}],"version-history":[{"count":1,"href":"https:\/\/ovelanalista.com\/index.php?rest_route=\/wp\/v2\/posts\/147087\/revisions"}],"predecessor-version":[{"id":147097,"href":"https:\/\/ovelanalista.com\/index.php?rest_route=\/wp\/v2\/posts\/147087\/revisions\/147097"}],"wp:featuredmedia":[{"embeddable":true,"href":"https:\/\/ovelanalista.com\/index.php?rest_route=\/wp\/v2\/media\/89493"}],"wp:attachment":[{"href":"https:\/\/ovelanalista.com\/index.php?rest_route=%2Fwp%2Fv2%2Fmedia&parent=147087"}],"wp:term":[{"taxonomy":"category","embeddable":true,"href":"https:\/\/ovelanalista.com\/index.php?rest_route=%2Fwp%2Fv2%2Fcategories&post=147087"},{"taxonomy":"post_tag","embeddable":true,"href":"https:\/\/ovelanalista.com\/index.php?rest_route=%2Fwp%2Fv2%2Ftags&post=147087"}],"curies":[{"name":"wp","href":"https:\/\/api.w.org\/{rel}","templated":true}]}}