{"id":147088,"date":"2026-05-25T09:51:53","date_gmt":"2026-05-25T16:51:53","guid":{"rendered":"https:\/\/ovelanalista.com\/?p=147088"},"modified":"2026-05-25T09:51:53","modified_gmt":"2026-05-25T16:51:53","slug":"sucesion-en-turbulencia","status":"publish","type":"post","link":"https:\/\/ovelanalista.com\/?p=147088","title":{"rendered":"Sucesi\u00f3n en turbulencia\u00a0"},"content":{"rendered":"<div><strong>TRANSICI\u00d3N<\/strong><\/div>\n<div><\/div>\n<div><\/div>\n<div>\u201cUn gran Poder conlleva una gran Responsabilidad\u201d. El t\u00edo Ben a Peter Parker. -El hombre ara\u00f1a-<\/div>\n<div><\/div>\n<div><strong>Oswaldo Villase\u00f1or<\/strong><\/div>\n<div><strong>@oswaldovillase<\/strong><\/div>\n<div><\/div>\n<div>\u00bfQuien se va a registrar como aspirante a la candidatura de Morena al gobierno de Sinaloa? La fecha se acerca -22 de junio- y la turbulencia politica-Judicial que se vive por el caso Rocha, est\u00e1 lejos de acabarse y se intensifica cada d\u00eda mas.<\/div>\n<div><\/div>\n<div>\u00bfMorena podr\u00e1 mantener el poder en estas condiciones? \u00bfLa oposici\u00f3n podr\u00e1 reorganizarse para aprovechar la nueva condici\u00f3n y arrebatar el poder? \u00bfLlegar\u00e1 un \u201ctapado\u201d desde el centro que borre al \u201cRochismo\u201d de Sinaloa? \u00bfContinuar\u00e1 el Rochismo? Son muchas las interrogantes que se hacen y qu\u00e9 pronto tendr\u00e1n respuesta.<\/div>\n<div><\/div>\n<div>Lo que s\u00ed, es que Sinaloa vive ya su sucesi\u00f3n en medio de una fuerte turbulencia pol\u00edtica como nunca antes se hab\u00eda vivido. En medio de esa turbulencia que destruye todo lo edificado, va quedando un campo limpio donde los que lleguen ahora podr\u00e1n reconstruir.<\/div>\n<div><\/div>\n<div>\u00bfY qui\u00e9n podr\u00e1 rescatar y reconstruir a Sinaloa?\u00a0 Las opciones se acortan.<\/div>\n<div><\/div>\n<div>1.-En Morena, ya sin el poder totalitario de Rub\u00e9n Rocha y Enrique Inzunza, no hay duda de que la decisi\u00f3n final recaer\u00e1 en la presidente Sheinbaum. \u00bfExtra\u00f1a entonces que la diputada federal Graciela Dom\u00ednguez niegue ser Rochista y se auto defina solo como una mujer de izquierda y Morenista? Para nada.<\/div>\n<div>Hoy Graciela Dom\u00ednguez pone sus ojos y su futuro pol\u00edtico en Palacio Nacional y ah\u00ed el Rochismo apesta.<\/div>\n<div><\/div>\n<div>2.-Imelda Castro se deslind\u00f3 de Rub\u00e9n Rocha antes de que el Departamento de Justicia Federal de EU presentara una acusaci\u00f3n en su contra. Incluso, Imelda sufri\u00f3 los embates pol\u00edticos y legales de Rocha y compa\u00f1\u00eda. Al d\u00eda de hoy sigue siendo quien encabeza las encuestas y a quien se ve como la suprema aspirante m\u00e1s fuerte. Imelda sigue movi\u00e9ndose en Sinaloa y ha tocado el tema de Rub\u00e9n Rocha como lo dicta el librito.<\/div>\n<div><\/div>\n<div>Se apega al discurso presidencial de defensa de la soberan\u00eda y de que los acusados por EU deben ser juzgados primero por autoridades mexicanas. No ha defendido la inocencia de Rub\u00e9n Rocha, pero tampoco a hecho le\u00f1a del \u00e1rbol ca\u00eddo.<\/div>\n<div><\/div>\n<div>2.-El otro Supremo Aspirante \u201cvivo en la aspiraci\u00f3n\u201d es el diputado federal Jes\u00fas Ibarra a quien ya muchos ven como el caballo negro, o cuando menos a eso le apuesta. Antes del golpe al Rochismo, al diputado Ibarra, ni en el mundo lo hac\u00edan. Hoy est\u00e1 metido de lleno en la carrera por la sucesi\u00f3n.<\/div>\n<div><\/div>\n<div>\u201cSu prueba de vida\u201d la acaba de mostrar con un reciente viaje a Estados Unidos y concretamente a California. El impacto en estos momentos de tensi\u00f3n entre M\u00e9xico y Estados Unidos, el viajar al vecino pa\u00eds del norte es visto como un salvoconducto para poder levantar la mano en M\u00e9xico. Jes\u00fas Ibarra lo acaba de hacer.<\/div>\n<div><\/div>\n<div>Estados Unidos no dir\u00e1 qui\u00e9n ser\u00e1 candidato en M\u00e9xico, pero s\u00ed dir\u00e1 qui\u00e9n no y Jes\u00fas Ibarra mostr\u00f3 sus cartas credenciales y su pase de abordar.<\/div>\n<div><\/div>\n<div>3.-M\u00e1s all\u00e1 de estos personajes visibles; no hay muchos m\u00e1s para ver como posibles \u201ctapados\u201d.\u00a0 \u00bfAcaso el tapado podr\u00eda ser el Secretario de Hacienda, Edgar Amador quien recientemente hizo un viaje muy discreto a Los Mochis?<\/div>\n<div><\/div>\n<div>En el gabinete federal tambi\u00e9n est\u00e1n Carlos Gabriel Lerma Cotera, actual Subsecretario de Ingresos de la SHCP, originario de Culiac\u00e1n y quien curs\u00f3 su carrera profesional en el Tecnol\u00f3gico de Monterrey, Campus Culiac\u00e1n.<\/div>\n<div><\/div>\n<div>Un tercer sinaloense encumbrado en el Gabinete federal ampliado es V\u00edctor Guzm\u00e1n Dagnino, actual titular del INSUS -antes Corett- a nivel nacional.<\/div>\n<div><\/div>\n<div>\u00bfY Julio Berdegu\u00e9? No ha dado la mejor se\u00f1al de vida de que desea gobernar Sinaloa.<\/div>\n<div><\/div>\n<div>4.-En el PRI solo hay dos personajes que est\u00e1n capitalizando la turbulencia sobre Rub\u00e9n Rocha y compa\u00f1\u00eda. El diputado federal Mario Zamora quien se mueve ahora si a ritmo acelerado exigiendo justicia y se conozca toda la verdad de lo ocurrido en la elecci\u00f3n del 2021.<\/div>\n<div><\/div>\n<div>Quien tambi\u00e9n aprovecha su papel de v\u00edctima y testigo viviente de lo ocurrido en la elecci\u00f3n del 2021 es la actual diputada Paola Garate, quien narra todo lo vivido durante su secuestro previo al d\u00eda de la jornada electoral.<\/div>\n<div><\/div>\n<div>Ambos -Mario Zamora y Paola Garate- tienen un problema com\u00fan. Su partido el PRI, juega por otro lado y no principalmente con ellos. A su favor cuenta que la marca PRI ha recuperado terreno en la intenci\u00f3n del voto gracias a su activismo reciente.<\/div>\n<div><\/div>\n<div>5.-La sorpresa en el juego es Sergio Esquer, dirigente de Movimiento Ciudadano, quien ha logrado sumar esfuerzos de personajes que le pueden acarrear votos y posibilidades reales de generar el cambio en Sinaloa.<\/div>\n<div><\/div>\n<div>Lo cierto es que la sucesi\u00f3n de Sinaloa ya lleg\u00f3, pero lo hizo en medio de una fuerte turbulencia pol\u00edtica ante el destino manifiesto que hoy alcanza a Rub\u00e9n Rocha y compa\u00f1\u00eda.<\/div>\n<div><\/div>\n<div>La pregunta es s\u00f3lo una. \u00bfQu\u00e9 tanto perjudicar\u00e1 a Morena o que tanto beneficiar\u00e1 a la oposici\u00f3n, toda \u00e9sta turbulencia?<\/div>\n<div>Habr\u00e1 que estar pendientes.<\/div>\n<div><\/div>\n<div>PASO A PASITO.-Si la sucesi\u00f3n Sinaloense ya est\u00e1 caliente, m\u00e1s se pone con el intenso calor que hace y por los altos cobros de la CFE que trae \u201cenchilados\u201d y \u201ccon la sangre caliente\u201d a medio mundo.<\/div>\n<div><\/div>\n<div>En Culiacan, las protestas ya empezaron. Cientos de personas se han concentrado frente a las oficinas de la CFE y han bloqueado los accesos. Hay reportes de recibos de hasta 20-30 mil pesos. El enojo no es para menos.<\/div>\n<div><\/div>\n<div>En Mazatl\u00e1n las Manifestaciones y bloqueos en oficinas de la CFE tambi\u00e9n ya se realizaron. Hasta La Iglesia cat\u00f3lica ha pegado el grito en el cielo y tambi\u00e9n ha pedido esclarecer los cobros.<\/div>\n<div><\/div>\n<div>En Los Mochis ya se realizaron\u00a0 Marchas y bloqueos de accesos a las oficinas de la CFE. El clamor y grito es el mismo. Los cobros est\u00e1n muy altos.<\/div>\n<div><\/div>\n<div>Lo mismo ocurre en Navolato, Guasave, Guam\u00fachil y zonas cercanas. Los Usuarios han bloqueado oficinas, exigido revisiones y amenazado con m\u00e1s acciones m\u00e1s radicales.<\/div>\n<div><\/div>\n<div>La exigencia de los sinaloenses es ampliar la tarifa IF y los meses de subsidio. En Sinaloa todo el a\u00f1o hace calor.<\/div>\n<div><\/div>\n<div>La gobernadora de Sinaloa, Yeraldine Bonilla,\u00a0 ha prometido atender las quejas. Los directivos de CFE se muestran abiertos al di\u00e1logos para realizar revisiones, posibles descuentos, facilidades de pago y suspensi\u00f3n temporal de cortes.<\/div>\n<div>En Sinaloa la CFE con sus altos cobros tambi\u00e9n ya calent\u00f3 el rancho.<\/div>\n<div><\/div>\n<div>OTRO PASITO.-Duro el Se\u00f1alamiento que hace Luis Guillermo \u201cEl Qu\u00edmico\u201d Ben\u00edtez al compa\u00f1ero periodista Aaron Ibarra en una entrevista para la revista proceso.<\/div>\n<div><\/div>\n<div>Afirma que la 4T se pudri\u00f3 en Sinaloa. Que la decisi\u00f3n tomada por Andr\u00e9s Manuel L\u00f3pez Obrador para llevar a Rub\u00e9n Rocha a la gubernatura fue catastr\u00f3fica para Sinaloa y que todo lo hecho por Rub\u00e9n Rocha, puede alcanzar al mismo Andr\u00e9s Manuel y parar tambi\u00e9n en una corte de Nueva York. Ufff.<\/div>\n<div>No cabe duda de que ya hay dos Morenas. La podrida que se queda con Andr\u00e9s y la que pretende salvarse siguiendo a Claudia Sheinbaum.<\/div>\n<div>\u00bfAcaso llegar\u00e1n a formar otro partido?<\/div>\n<div>PASITO CH\u00c9VERE.-<\/div>\n<div>S\u00edguenos En:<\/div>\n<div>Ovelanalista.com<\/div>\n<div>Twitteer.- @oswaldo villase<\/div>\n<div>Faceb\u2026<\/div>\n","protected":false},"excerpt":{"rendered":"<p>TRANSICI\u00d3N \u201cUn gran Poder conlleva una gran Responsabilidad\u201d. El t\u00edo Ben a Peter Parker. -El hombre ara\u00f1a- Oswaldo Villase\u00f1or @oswaldovillase \u00bfQuien se va a registrar como aspirante a la candidatura de Morena al gobierno de Sinaloa? La fecha se acerca -22 de junio- y la turbulencia politica-Judicial que se vive por el caso Rocha, est\u00e1 lejos de acabarse y se intensifica cada d\u00eda mas. \u00bfMorena podr\u00e1 mantener el poder en estas condiciones? \u00bfLa oposici\u00f3n podr\u00e1 reorganizarse para aprovechar la nueva condici\u00f3n y arrebatar el poder? \u00bfLlegar\u00e1 un \u201ctapado\u201d desde el centro que borre al \u201cRochismo\u201d de Sinaloa? \u00bfContinuar\u00e1 el Rochismo? [&hellip;]<\/p>\n","protected":false},"author":3,"featured_media":139858,"comment_status":"open","ping_status":"open","sticky":false,"template":"","format":"standard","meta":{"_jetpack_newsletter_access":"","_jetpack_dont_email_post_to_subs":false,"_jetpack_newsletter_tier_id":0,"_jetpack_memberships_contains_paywalled_content":false,"_jetpack_feature_clip_id":0,"_jetpack_memberships_contains_paid_content":false,"footnotes":"","jetpack_publicize_message":"","jetpack_publicize_feature_enabled":true,"jetpack_social_post_already_shared":true,"jetpack_social_options":{"image_generator_settings":{"template":"highway","default_image_id":0,"font":"","enabled":false},"version":2},"jetpack_post_was_ever_published":false},"categories":[91],"tags":[],"class_list":["post-147088","post","type-post","status-publish","format-standard","has-post-thumbnail","hentry","category-transicion","post--single"],"jetpack_publicize_connections":[],"jetpack_featured_media_url":"https:\/\/ovelanalista.com\/wp-content\/uploads\/2026\/02\/WhatsApp-Image-2026-02-03-at-10.59.53-AM.jpeg","jetpack_sharing_enabled":true,"_links":{"self":[{"href":"https:\/\/ovelanalista.com\/index.php?rest_route=\/wp\/v2\/posts\/147088","targetHints":{"allow":["GET"]}}],"collection":[{"href":"https:\/\/ovelanalista.com\/index.php?rest_route=\/wp\/v2\/posts"}],"about":[{"href":"https:\/\/ovelanalista.com\/index.php?rest_route=\/wp\/v2\/types\/post"}],"author":[{"embeddable":true,"href":"https:\/\/ovelanalista.com\/index.php?rest_route=\/wp\/v2\/users\/3"}],"replies":[{"embeddable":true,"href":"https:\/\/ovelanalista.com\/index.php?rest_route=%2Fwp%2Fv2%2Fcomments&post=147088"}],"version-history":[{"count":1,"href":"https:\/\/ovelanalista.com\/index.php?rest_route=\/wp\/v2\/posts\/147088\/revisions"}],"predecessor-version":[{"id":147089,"href":"https:\/\/ovelanalista.com\/index.php?rest_route=\/wp\/v2\/posts\/147088\/revisions\/147089"}],"wp:featuredmedia":[{"embeddable":true,"href":"https:\/\/ovelanalista.com\/index.php?rest_route=\/wp\/v2\/media\/139858"}],"wp:attachment":[{"href":"https:\/\/ovelanalista.com\/index.php?rest_route=%2Fwp%2Fv2%2Fmedia&parent=147088"}],"wp:term":[{"taxonomy":"category","embeddable":true,"href":"https:\/\/ovelanalista.com\/index.php?rest_route=%2Fwp%2Fv2%2Fcategories&post=147088"},{"taxonomy":"post_tag","embeddable":true,"href":"https:\/\/ovelanalista.com\/index.php?rest_route=%2Fwp%2Fv2%2Ftags&post=147088"}],"curies":[{"name":"wp","href":"https:\/\/api.w.org\/{rel}","templated":true}]}}