{"id":147090,"date":"2026-05-26T09:01:37","date_gmt":"2026-05-26T16:01:37","guid":{"rendered":"https:\/\/ovelanalista.com\/?p=147090"},"modified":"2026-05-26T09:01:37","modified_gmt":"2026-05-26T16:01:37","slug":"en-el-blanco-por-fernando-zepeda-h-35","status":"publish","type":"post","link":"https:\/\/ovelanalista.com\/?p=147090","title":{"rendered":"En el blanco por Fernando Zepeda H."},"content":{"rendered":"<p><em><strong>*29 d\u00edas despu\u00e9s de la petici\u00f3n de EEUU de que fueran detenidos y extraditados funcionarios y exfuncionarios de Sinaloa, la negativa persiste. \u00bfA qui\u00e9n defiende Sheinbaum?<\/strong><\/em><br \/>\n<em><strong>*El gobierno mexicano evidencia su jugada en torno a la denuncia de EEUU contra funcionarios sinaloenses. Intentan montar una simulaci\u00f3n<\/strong><\/em><br \/>\n<em><strong>*La otra cara del esc\u00e1ndalo es el caso de la gobernadora de Chihuahua Maru Campos. El tema quedo desvirtuado por la torpeza en su manejo<\/strong><\/em><br \/>\n<em><strong>*Sheinbaum pide no ver TV Azteca. M\u00e1s que una sugerencia suena a un intento de censura que nos llega a los periodistas de regalo anticipado al d\u00eda de la libertad de expresi\u00f3n<\/strong><\/em><br \/>\n<em><strong>*El senador Javier Corral que hiso viaje exprofeso a Culiac\u00e1n para hablar con Enrique Inzunza, declaro en Aristegui Noticias que no meter\u00eda las manos al fuego por \u00e9l. \u00bfEntonces a que vino?<\/strong><\/em><br \/>\n<em><strong>*El junior Andr\u00e9s Manuel L\u00f3pez Beltran renuncio a la Secretaria General de Morena para buscar ser diputado federal por Tabasco. Quiere fuero. Le puede llegar la lumbre<\/strong><\/em><br \/>\n<em><strong>*En Escuinapa, la violencia ya se convirti\u00f3 en actos terroristas. Lanzan artefacto explosivo desde el aire en pleno centro de la ciudad<\/strong><\/em><br \/>\n<em><strong>*Tras una reuni\u00f3n a puerta cerrada por mas de dos horas y media, la alcaldesa y la l\u00edder sindical Laura Elena Tirado ofrecieron una conferencia conjunta. \u00bfLa convencieron?. No lo creo<\/strong><\/em><\/p>\n<p><em><strong>\u00bfA qui\u00e9n defiende Sheinbaum?.<\/strong>\u00a0<\/em>29 d\u00edas despu\u00e9s de que Estados Unidos solicito la aprehensi\u00f3n y extradici\u00f3n de 10 funcionarios y exfuncionarios sinaloenses, la Presidenta Sheinbaum busca y busca pretextos para no cumplir con la petici\u00f3n. El pasado fin de semana se echo mano a un citatorio girado por la Fiscal\u00eda General de la Republica para que comparezca el Gobernador con licencia Ruben Rocha Moya, el Alcalde de Culiac\u00e1n con licencia Juan de Dios G\u00e1mez, el Senador que se niega a solicitar licencia Enrique Inzunza y seis implicados m\u00e1s. El asunto huele a simulaci\u00f3n.<\/p>\n<p><img loading=\"lazy\" decoding=\"async\" class=\"alignnone size-large wp-image-226088 td-animation-stack-type0-2\" src=\"https:\/\/sinaloaenlinea.com\/wp-content\/uploads\/2026\/05\/sheinbaum-evade-responder-exfuncionarios-sinaloa-eu-1024x768.jpg\" sizes=\"auto, (max-width: 696px) 100vw, 696px\" srcset=\"https:\/\/sinaloaenlinea.com\/wp-content\/uploads\/2026\/05\/sheinbaum-evade-responder-exfuncionarios-sinaloa-eu-1024x768.jpg 1024w, https:\/\/sinaloaenlinea.com\/wp-content\/uploads\/2026\/05\/sheinbaum-evade-responder-exfuncionarios-sinaloa-eu-300x225.jpg 300w, https:\/\/sinaloaenlinea.com\/wp-content\/uploads\/2026\/05\/sheinbaum-evade-responder-exfuncionarios-sinaloa-eu-768x576.jpg 768w, https:\/\/sinaloaenlinea.com\/wp-content\/uploads\/2026\/05\/sheinbaum-evade-responder-exfuncionarios-sinaloa-eu-1536x1152.jpg 1536w, https:\/\/sinaloaenlinea.com\/wp-content\/uploads\/2026\/05\/sheinbaum-evade-responder-exfuncionarios-sinaloa-eu-560x420.jpg 560w, https:\/\/sinaloaenlinea.com\/wp-content\/uploads\/2026\/05\/sheinbaum-evade-responder-exfuncionarios-sinaloa-eu-80x60.jpg 80w, https:\/\/sinaloaenlinea.com\/wp-content\/uploads\/2026\/05\/sheinbaum-evade-responder-exfuncionarios-sinaloa-eu-150x113.jpg 150w, https:\/\/sinaloaenlinea.com\/wp-content\/uploads\/2026\/05\/sheinbaum-evade-responder-exfuncionarios-sinaloa-eu-696x522.jpg 696w, https:\/\/sinaloaenlinea.com\/wp-content\/uploads\/2026\/05\/sheinbaum-evade-responder-exfuncionarios-sinaloa-eu-1068x801.jpg 1068w, https:\/\/sinaloaenlinea.com\/wp-content\/uploads\/2026\/05\/sheinbaum-evade-responder-exfuncionarios-sinaloa-eu-265x198.jpg 265w, https:\/\/sinaloaenlinea.com\/wp-content\/uploads\/2026\/05\/sheinbaum-evade-responder-exfuncionarios-sinaloa-eu.jpg 1600w\" alt=\"\" width=\"696\" height=\"522\" \/><\/p>\n<p>Abogados especialistas ya hab\u00edan adelantado, ante la negativa reiterada de Sheinbaum de entregar a Estados Unidos a los funcionarios que pidieron, que, si les llegaran a fincar alguna responsabilidad en M\u00e9xico, ese seria el mejor pretexto para que no sean extraditados. Y todo parece indicar que el tema camina por esos rumbos. Ya por lo menos el hecho de que la FGR haya citado a los que Sheinbaum se niega a extraditar, es un mensaje burdo y todo, pero mensaje a EEUU de que aqu\u00ed la autoridad est\u00e1 trabajando. Tarde muy tarde. Porque la Presidenta Sheinbaum ya se evidencio de todo a todo. La reiterada negativa de cumplir con la petici\u00f3n de EEUU lo \u00fanico que pone en la mesa es que el gobierno mexicano est\u00e1 defendiendo a alguien o a varios. Y no \u00fanicamente a los 10 que solicito el Tribunal Federal del Distrito Sur de Nueva York. Y los mensajes est\u00e1n en cada esquina. El pasado fin de semana Sheinbaum declaro: \u201cJam\u00e1s nos vamos a separar de L\u00f3pez Obrador porque somos lo mismo\u201d. Y quien se diga sorprendido por esta expresi\u00f3n realmente no est\u00e1 bien enterado. Ser\u00eda un suicidio pol\u00edtico para Sheinbaum romper con el expresidente. La tiene en sus manos. Copada por toda la confrade que le heredo. De incondicionales de \u00e9l que estar\u00edan dispuestos a toda clase de maniobras para evidenciar a Sheinbaum.<\/p>\n<p><em><strong>Maru Campos, la otra cara.<\/strong><\/em>\u00a0Ha resultado tan evidente el inter\u00e9s del gobierno federal y de la dirigente de Morena Ariadna Montiel de poner en la misma tesitura de Sinaloa el caso Chihuahua, que su torpeza dio al traste el fondo del caso. En Chihuahua la muerte de dos agentes del FBI luego de un operativo en la sierra Tarahumara, puso en evidencia de que en M\u00e9xico el gobierno de EEUU opera en el campo en el combate a los carteles de las drogas. Un tema delicado que llevo al despido del Fiscal de Justicia de Chihuahua.<\/p>\n<p><img loading=\"lazy\" decoding=\"async\" class=\"alignnone size-large wp-image-226089 td-animation-stack-type0-2\" src=\"https:\/\/sinaloaenlinea.com\/wp-content\/uploads\/2026\/05\/maru-campos-chihuahua-1-1024x683.jpg\" sizes=\"auto, (max-width: 696px) 100vw, 696px\" srcset=\"https:\/\/sinaloaenlinea.com\/wp-content\/uploads\/2026\/05\/maru-campos-chihuahua-1-1024x683.jpg 1024w, https:\/\/sinaloaenlinea.com\/wp-content\/uploads\/2026\/05\/maru-campos-chihuahua-1-300x200.jpg 300w, https:\/\/sinaloaenlinea.com\/wp-content\/uploads\/2026\/05\/maru-campos-chihuahua-1-768x512.jpg 768w, https:\/\/sinaloaenlinea.com\/wp-content\/uploads\/2026\/05\/maru-campos-chihuahua-1-1536x1024.jpg 1536w, https:\/\/sinaloaenlinea.com\/wp-content\/uploads\/2026\/05\/maru-campos-chihuahua-1-630x420.jpg 630w, https:\/\/sinaloaenlinea.com\/wp-content\/uploads\/2026\/05\/maru-campos-chihuahua-1-150x100.jpg 150w, https:\/\/sinaloaenlinea.com\/wp-content\/uploads\/2026\/05\/maru-campos-chihuahua-1-696x464.jpg 696w, https:\/\/sinaloaenlinea.com\/wp-content\/uploads\/2026\/05\/maru-campos-chihuahua-1-1068x712.jpg 1068w, https:\/\/sinaloaenlinea.com\/wp-content\/uploads\/2026\/05\/maru-campos-chihuahua-1.jpg 1920w\" alt=\"\" width=\"696\" height=\"464\" \/><\/p>\n<p>Un tema delicado que condujo a contradicciones a la propia gobernadora panista de Chihuahua Maru Campos. Pero en Palacio Nacional se extralimitaron en la exposici\u00f3n del tema. Evidentemente para contrarrestar lo de Sinaloa. Y el extremo ha sido la actitud de la dirigente nacional de Morena Ariadna Montiel de pedir que se castigue a Maru Campos \u201cpor traici\u00f3n a la patria\u201d. Y la enorme pifia de Ariadna de convocar a una movilizaci\u00f3n en Chihuahua con el \u00fanico fin de exhibir ala Gobernadora. Y ya saben el fracaso de la movilizaci\u00f3n morenista. Fue por decir lo menos un debut que ridiculizo a Morena. Hoy por m\u00e1s elementos que el gobierno federal pueda esgrimir contra la Gobernadora de Chihuahua. La forma y el fondo como ha tratado el caso, los exhibi\u00f3.<\/p>\n<p><strong><em>No se equivoque Presidenta.<\/em>\u00a0<\/strong>En la conferencia ma\u00f1anera de ayer, la Presidenta Claudia Sheinbaum arremeti\u00f3 contra medios de comunicaci\u00f3n y periodistas. Particularmente contra TV Azteca contra quien llego a pedir: \u201cYa no lo vean\u201d. La expresi\u00f3n de Sheinbaum m\u00e1s parece un llamado a la censura que otra cosa. Y nos llega a los periodistas como un regalo anticipado del \u201cDia de la Libertad de Expresi\u00f3n\u201d que muchos celebramos el 7 de junio. Que se critique y se trate de denostar e intimidar a periodistas, no es nuevo. Pero que la mism\u00edsima Presidenta les diga a los mexicanos que televisi\u00f3n ver. Que medios no deben ver, eso es a todas luces un atentado contra la libertad de expresi\u00f3n. Es un intento de coartar la libertad de los ciudadanos que tienen el libre albedrio de leer, de ver a los medios de comunicaci\u00f3n que les de la gana.<\/p>\n<p><img loading=\"lazy\" decoding=\"async\" class=\"alignnone size-large wp-image-226090 td-animation-stack-type0-2\" src=\"https:\/\/sinaloaenlinea.com\/wp-content\/uploads\/2026\/05\/M1j67G-i-1024x538.jpeg\" sizes=\"auto, (max-width: 696px) 100vw, 696px\" srcset=\"https:\/\/sinaloaenlinea.com\/wp-content\/uploads\/2026\/05\/M1j67G-i-1024x538.jpeg 1024w, https:\/\/sinaloaenlinea.com\/wp-content\/uploads\/2026\/05\/M1j67G-i-300x158.jpeg 300w, https:\/\/sinaloaenlinea.com\/wp-content\/uploads\/2026\/05\/M1j67G-i-768x403.jpeg 768w, https:\/\/sinaloaenlinea.com\/wp-content\/uploads\/2026\/05\/M1j67G-i-800x420.jpeg 800w, https:\/\/sinaloaenlinea.com\/wp-content\/uploads\/2026\/05\/M1j67G-i-150x79.jpeg 150w, https:\/\/sinaloaenlinea.com\/wp-content\/uploads\/2026\/05\/M1j67G-i-696x365.jpeg 696w, https:\/\/sinaloaenlinea.com\/wp-content\/uploads\/2026\/05\/M1j67G-i-1068x561.jpeg 1068w, https:\/\/sinaloaenlinea.com\/wp-content\/uploads\/2026\/05\/M1j67G-i.jpeg 1200w\" alt=\"\" width=\"696\" height=\"366\" \/><\/p>\n<p>Se equivoca Presidenta con sus expresiones. Y las lanzo en momentos muy delicados que enfrenta el pa\u00eds. M\u00e9xico necesita una ciudadan\u00eda unida y no dividida. Desde el 2018 su antecesor se dedico un d\u00eda y otro tambi\u00e9n, en dividir a los mexicanos. En sembrar discordias hasta en el seno familiar. Sheinbaum ha tenido la oportunidad de cambiar el discurso de odio que su antecesor enarbolo. Pero en ocasiones parece obligada por las circunstancias para seguir con el mismo discurso, la narrativa que ha llevado al pa\u00eds a dividir a la ciudadan\u00eda.<\/p>\n<p><strong><em>Corral: \u201cNo meto las manos por Inzunza\u201d.<\/em><\/strong>\u00a0El senador chihuahuense Javier Corral que hizo viaje exprofeso a Culiac\u00e1n para verse con Enrique Inzunza, meti\u00f3 freno. Y como que quiso recular. En Aristegui Noticias Corral se\u00f1alo que a Inzunza no lo conoce \u201ca profundidad\u201d. Y preciso que en estos momentos \u201cyo no podr\u00eda decir que meto las manos al fuego por \u00e9l\u201d. \u00bfEntonces a que vino?.<\/p>\n<p><img loading=\"lazy\" decoding=\"async\" class=\"alignnone size-full wp-image-226091 td-animation-stack-type0-2\" src=\"https:\/\/sinaloaenlinea.com\/wp-content\/uploads\/2026\/05\/Captura-de-Pantalla-2026-05-26-a-las-7.51.48.png\" sizes=\"auto, (max-width: 536px) 100vw, 536px\" srcset=\"https:\/\/sinaloaenlinea.com\/wp-content\/uploads\/2026\/05\/Captura-de-Pantalla-2026-05-26-a-las-7.51.48.png 536w, https:\/\/sinaloaenlinea.com\/wp-content\/uploads\/2026\/05\/Captura-de-Pantalla-2026-05-26-a-las-7.51.48-300x268.png 300w, https:\/\/sinaloaenlinea.com\/wp-content\/uploads\/2026\/05\/Captura-de-Pantalla-2026-05-26-a-las-7.51.48-471x420.png 471w, https:\/\/sinaloaenlinea.com\/wp-content\/uploads\/2026\/05\/Captura-de-Pantalla-2026-05-26-a-las-7.51.48-150x134.png 150w\" alt=\"\" width=\"536\" height=\"478\" \/><\/p>\n<p>Pues el dijo que fue a Culiac\u00e1n con el objetivo de escuchar directamente la versi\u00f3n de Inzunza en torno a las acusaciones presentadas por Estados Unidos. Corral que evidentemente no se para en Chihuahua por temor a ser detenido, pues en su estado le fincaron responsabilidades que originaron una orden de aprehensi\u00f3n. Y por cierto cuando polic\u00edas estatales de Chihuahua intentaron ejecutar la orden de aprehensi\u00f3n en la Ciudad de M\u00e9xico, el gobierno federal lo evito y no solo eso, lo mantuvieron escondido hasta que Corral pudo rendir protesta como Senador y as\u00ed contar con fuero. Ese es el que supuestamente vino a defender a Inzunza.<\/p>\n<p><em><strong>Busca fuero.<\/strong><\/em>\u00a0Andr\u00e9s Manuel L\u00f3pez Beltran, renuncio como Secretario de Organizaci\u00f3n de Morena. En la carta de renuncia adelanto que buscar\u00e1 convertirse en candidato a diputado federal por uno de los distritos de Tabasco. No debe sorprender la decisi\u00f3n del hijo del expresidente L\u00f3pez Obrador. Y es que Andr\u00e9s Manuel ha estado envuelto en esc\u00e1ndalos no solo por el dispendio en el que vive.<\/p>\n<p><img loading=\"lazy\" decoding=\"async\" class=\"alignnone size-large wp-image-226092 td-animation-stack-type0-2\" src=\"https:\/\/sinaloaenlinea.com\/wp-content\/uploads\/2026\/05\/andy-lopez-beltran-morena-1080x1079-1-1024x1024.jpg\" sizes=\"auto, (max-width: 696px) 100vw, 696px\" srcset=\"https:\/\/sinaloaenlinea.com\/wp-content\/uploads\/2026\/05\/andy-lopez-beltran-morena-1080x1079-1-1024x1024.jpg 1024w, https:\/\/sinaloaenlinea.com\/wp-content\/uploads\/2026\/05\/andy-lopez-beltran-morena-1080x1079-1-300x300.jpg 300w, https:\/\/sinaloaenlinea.com\/wp-content\/uploads\/2026\/05\/andy-lopez-beltran-morena-1080x1079-1-150x150.jpg 150w, https:\/\/sinaloaenlinea.com\/wp-content\/uploads\/2026\/05\/andy-lopez-beltran-morena-1080x1079-1-768x767.jpg 768w, https:\/\/sinaloaenlinea.com\/wp-content\/uploads\/2026\/05\/andy-lopez-beltran-morena-1080x1079-1-420x420.jpg 420w, https:\/\/sinaloaenlinea.com\/wp-content\/uploads\/2026\/05\/andy-lopez-beltran-morena-1080x1079-1-696x695.jpg 696w, https:\/\/sinaloaenlinea.com\/wp-content\/uploads\/2026\/05\/andy-lopez-beltran-morena-1080x1079-1-1068x1067.jpg 1068w, https:\/\/sinaloaenlinea.com\/wp-content\/uploads\/2026\/05\/andy-lopez-beltran-morena-1080x1079-1.jpg 1080w\" alt=\"\" width=\"696\" height=\"696\" \/><\/p>\n<p>Tampoco por sus gustos exc\u00e9ntricos y que han mostrado sus inclinaciones por viajar a pa\u00edses de Europa y asistir a los mejores restaurantes. Eso de la \u201causteridad republicana\u201d no se le da. Pero eso no es todo. Andr\u00e9s Manuel L\u00f3pez Beltran ha sido se\u00f1alado de trafico de influencias, de hacer \u201cmillonarios\u201d a sus amigos y a \u00e9l mismo. Y ahora con las presiones de Estados Unidos que pueden desembocar en acusaciones, es preferible buscar fuero. Eso parece ser la consigna.<\/p>\n<p><em><strong>En Escuinapa, \u201cterrorismo\u201d imparable.<\/strong><\/em>\u00a0El pasado fin de semana en pleno centro de la cabecera municipal de Escuinapa, estallo un artefacto explosivo que supuestamente fue lanzado desde un dron. No es la primera ocasi\u00f3n que un explosivo lanzado desde el aire provoca destrozos en Escuinapa. Anteriormente se dio un ataque de esa naturaleza contra las instalaciones de la Polic\u00eda Municipal. Pero la explosi\u00f3n del pasado fin de semana fue m\u00e1s grave. El artefacto explosivo callo sobre la calle 5 de Mayo, entre Melchor Ocampo y 16 de Septiembre. En pleno centro de la ciudad.<\/p>\n<p><img loading=\"lazy\" decoding=\"async\" class=\"alignnone size-large wp-image-226093 td-animation-stack-type0-2\" src=\"https:\/\/sinaloaenlinea.com\/wp-content\/uploads\/2026\/05\/706091389_1428078819346426_6613073227914400106_n-1024x768.jpg\" sizes=\"auto, (max-width: 696px) 100vw, 696px\" srcset=\"https:\/\/sinaloaenlinea.com\/wp-content\/uploads\/2026\/05\/706091389_1428078819346426_6613073227914400106_n-1024x768.jpg 1024w, https:\/\/sinaloaenlinea.com\/wp-content\/uploads\/2026\/05\/706091389_1428078819346426_6613073227914400106_n-300x225.jpg 300w, https:\/\/sinaloaenlinea.com\/wp-content\/uploads\/2026\/05\/706091389_1428078819346426_6613073227914400106_n-768x576.jpg 768w, https:\/\/sinaloaenlinea.com\/wp-content\/uploads\/2026\/05\/706091389_1428078819346426_6613073227914400106_n-1536x1152.jpg 1536w, https:\/\/sinaloaenlinea.com\/wp-content\/uploads\/2026\/05\/706091389_1428078819346426_6613073227914400106_n-560x420.jpg 560w, https:\/\/sinaloaenlinea.com\/wp-content\/uploads\/2026\/05\/706091389_1428078819346426_6613073227914400106_n-80x60.jpg 80w, https:\/\/sinaloaenlinea.com\/wp-content\/uploads\/2026\/05\/706091389_1428078819346426_6613073227914400106_n-150x113.jpg 150w, https:\/\/sinaloaenlinea.com\/wp-content\/uploads\/2026\/05\/706091389_1428078819346426_6613073227914400106_n-696x522.jpg 696w, https:\/\/sinaloaenlinea.com\/wp-content\/uploads\/2026\/05\/706091389_1428078819346426_6613073227914400106_n-1068x801.jpg 1068w, https:\/\/sinaloaenlinea.com\/wp-content\/uploads\/2026\/05\/706091389_1428078819346426_6613073227914400106_n-265x198.jpg 265w, https:\/\/sinaloaenlinea.com\/wp-content\/uploads\/2026\/05\/706091389_1428078819346426_6613073227914400106_n.jpg 1600w\" alt=\"\" width=\"696\" height=\"522\" \/><\/p>\n<p>Por fortuna no hubo desgracias personales. Solo da\u00f1os materiales en casas cercanas y dos veh\u00edculos que se encontraban estacionados. En los \u00faltimos d\u00edas Escuinapa ha sido arena de balaceras, detenciones y asesinatos. Las fuerzas armadas han logrado el aseguramiento de armas, la destrucci\u00f3n de un campamento, la detenci\u00f3n de m\u00e1s de 18 personas. Pero la violencia no baja. Ayer se reporto la detenci\u00f3n de cinco personas, tres hombres y dos mujeres con armamento y municiones. En Escuinapa las labores de inteligencia militar apuntan que opera ah\u00ed la facci\u00f3n de \u201cLos chapitos\u201d.<\/p>\n<p><em><strong>\u00bfLa convencieron?.<\/strong>\u00a0<\/em>No creo. Laura Elena Tirado Aguilar es una l\u00edder de trabajadores al servicio del Ayuntamiento de Mazatl\u00e1n inteligente, de una astucia probada y dif\u00edcil de convencer. El 1 de mayo, ella como los integrantes de su comit\u00e9 y todos los trabajadores sindicalizados marcharon con la exigencia de que el Director del Hospitalito \u201cMargarita Maza de Juarez\u201d fuera despedido. Fue uno de los principales gritos. Pero ayer y luego de dos horas y media de negociaciones a puerta cerrada con la alcaldesa Estrella Palacios a la que asistieron el Tesorero Julio C\u00e9sar Ramos y el Oficial Mayor Fernando Arballo, la l\u00edder sindical accedi\u00f3 a participar en una conferencia de prensa conjunta. Ah\u00ed sentado el Director del Hospitalito Carlos Virgilio Meztyanek, la alcaldesa y al extremo Tirado Aguilar, daba la apariencia de que la demanda del Sindicato que enarbolo el 1 de mayo, quedaba resuelta. La alcaldesa enumero una serie de acciones que se acordaron para beneficio del Sindicato. Particularmente mejoras en el servicio m\u00e9dico. Ausentes los temas de un trabajador sindicalizado que supuestamente est\u00e1 involucrado en el cobro de cheques de personas que ya fallecieron. No, para nada hubo quien desentonara. Pero queda claro que mientras con el PRI, \u201clos muertos votaban\u201d, con Morena \u201clos muertos cobran\u201d.<\/p>\n","protected":false},"excerpt":{"rendered":"<p>*29 d\u00edas despu\u00e9s de la petici\u00f3n de EEUU de que fueran detenidos y extraditados funcionarios y exfuncionarios de Sinaloa, la negativa persiste. \u00bfA qui\u00e9n defiende Sheinbaum? *El gobierno mexicano evidencia su jugada en torno a la denuncia de EEUU contra funcionarios sinaloenses. Intentan montar una simulaci\u00f3n *La otra cara del esc\u00e1ndalo es el caso de la gobernadora de Chihuahua Maru Campos. El tema quedo desvirtuado por la torpeza en su manejo *Sheinbaum pide no ver TV Azteca. M\u00e1s que una sugerencia suena a un intento de censura que nos llega a los periodistas de regalo anticipado al d\u00eda de la [&hellip;]<\/p>\n","protected":false},"author":3,"featured_media":92500,"comment_status":"open","ping_status":"open","sticky":false,"template":"","format":"standard","meta":{"_jetpack_newsletter_access":"","_jetpack_dont_email_post_to_subs":false,"_jetpack_newsletter_tier_id":0,"_jetpack_memberships_contains_paywalled_content":false,"_jetpack_feature_clip_id":0,"_jetpack_memberships_contains_paid_content":false,"footnotes":"","jetpack_publicize_message":"","jetpack_publicize_feature_enabled":true,"jetpack_social_post_already_shared":true,"jetpack_social_options":{"image_generator_settings":{"template":"highway","default_image_id":0,"font":"","enabled":false},"version":2},"jetpack_post_was_ever_published":false},"categories":[79],"tags":[],"class_list":["post-147090","post","type-post","status-publish","format-standard","has-post-thumbnail","hentry","category-columnistas-nacionales","post--single"],"jetpack_publicize_connections":[],"jetpack_featured_media_url":"https:\/\/ovelanalista.com\/wp-content\/uploads\/2024\/03\/Fernando-Zepeda-Hurtado-300x150-1.png","jetpack_sharing_enabled":true,"_links":{"self":[{"href":"https:\/\/ovelanalista.com\/index.php?rest_route=\/wp\/v2\/posts\/147090","targetHints":{"allow":["GET"]}}],"collection":[{"href":"https:\/\/ovelanalista.com\/index.php?rest_route=\/wp\/v2\/posts"}],"about":[{"href":"https:\/\/ovelanalista.com\/index.php?rest_route=\/wp\/v2\/types\/post"}],"author":[{"embeddable":true,"href":"https:\/\/ovelanalista.com\/index.php?rest_route=\/wp\/v2\/users\/3"}],"replies":[{"embeddable":true,"href":"https:\/\/ovelanalista.com\/index.php?rest_route=%2Fwp%2Fv2%2Fcomments&post=147090"}],"version-history":[{"count":1,"href":"https:\/\/ovelanalista.com\/index.php?rest_route=\/wp\/v2\/posts\/147090\/revisions"}],"predecessor-version":[{"id":147094,"href":"https:\/\/ovelanalista.com\/index.php?rest_route=\/wp\/v2\/posts\/147090\/revisions\/147094"}],"wp:featuredmedia":[{"embeddable":true,"href":"https:\/\/ovelanalista.com\/index.php?rest_route=\/wp\/v2\/media\/92500"}],"wp:attachment":[{"href":"https:\/\/ovelanalista.com\/index.php?rest_route=%2Fwp%2Fv2%2Fmedia&parent=147090"}],"wp:term":[{"taxonomy":"category","embeddable":true,"href":"https:\/\/ovelanalista.com\/index.php?rest_route=%2Fwp%2Fv2%2Fcategories&post=147090"},{"taxonomy":"post_tag","embeddable":true,"href":"https:\/\/ovelanalista.com\/index.php?rest_route=%2Fwp%2Fv2%2Ftags&post=147090"}],"curies":[{"name":"wp","href":"https:\/\/api.w.org\/{rel}","templated":true}]}}