{"id":147101,"date":"2026-05-26T09:34:17","date_gmt":"2026-05-26T16:34:17","guid":{"rendered":"https:\/\/ovelanalista.com\/?p=147101"},"modified":"2026-05-26T09:34:17","modified_gmt":"2026-05-26T16:34:17","slug":"la-costumbre-del-poder-el-valor-del-peso-no-esta-en-la-paridad-sino-en-el-poder-adquisitivo-ii-iii","status":"publish","type":"post","link":"https:\/\/ovelanalista.com\/?p=147101","title":{"rendered":"La Costumbre del Poder: El valor del peso no est\u00e1 en la paridad, sino en el poder adquisitivo II\/III"},"content":{"rendered":"<p><strong>* \u00bfA d\u00f3nde se fueron esos economistas mexicanos que tuvieron autoridad profesional y el deseo de servir a los gobernados y, en consecuencia, a la patria? Est\u00e1 bien, el mundo se globaliz\u00f3, muchas naciones encontraron respuestas para insertarse en otras din\u00e1micas del desarrollo, pero hoy est\u00e1n empe\u00f1ados en transformarnos en Cuba y repartir libretas de racionamiento. \u00bfLo permitiremos?<\/strong><\/p>\n<p><strong>Gregorio Ortega Molina<\/strong><\/p>\n<p>&nbsp;<\/p>\n<p>Imposible regresar al M\u00e9xico de ayer, al poder adquisitivo del peso de los a\u00f1os sesenta, antes de la devaluaci\u00f3n de Luis Echeverr\u00eda, que cerr\u00f3 se sexenio con un d\u00f3lar a veintid\u00f3s pesos y un poder adquisitivo que deform\u00f3 totalmente el proyecto de naci\u00f3n.<\/p>\n<p>No es exagerado afirmarlo. Si la poblaci\u00f3n total de M\u00e9xico era inferior a los 40 millones y las hipotecas rondaban el cuatro por ciento, mientras para acudir al cine de estreno, con palomitas y refresco lo solucionabas con cinco pesos, hoy ni so\u00f1arlo.<\/p>\n<p>Nuestro gran problema es que el crecimiento poblacional de M\u00e9xico rompe todas las referencias. Pasamos de 35 millones de patriotas a 125 millones, de los cuales -es posible- el ochenta por ciento no tiene oficio ni beneficio, salvo so\u00f1ar con la copa Jules Rimet y, como lo narra Roberto Saviano, la juventud s\u00f3lo busca hacerse de dinero pronto, a costa de su vida.\u00a0<strong>Fomenta -la pol\u00edtica econ\u00f3mica gubernamental- el reclutamiento del narco<\/strong>.<\/p>\n<p>Regresamos a la carta de la ASOCIACI\u00d3N NACIONAL DE EMPRESARIOS INDEPENDIENTES, A.C., donde puntualizan: \u201cNi siquiera la erosi\u00f3n total del capital contable del Banco de M\u00e9xico \u2014que, conforme a su balance al cierre de 2025, registr\u00f3 un capital contable negativo cercano a los 320 mil millones de pesos, como consecuencia de p\u00e9rdidas de operaci\u00f3n por aproximadamente 410 mil millones de pesos en el ejercicio, las cuales adem\u00e1s dejaron al gobierno federal sin remanente de operaci\u00f3n por segundo a\u00f1o consecutivo\u2014 ha motivado una reflexi\u00f3n urgente sobre la necesidad de apartarse de los dogmas monetaristas que rigen estas pol\u00edticas, ni ha originado acciones de pol\u00edtica p\u00fablica orientadas a eliminar o reducir los efectos cambiarios de la actual pol\u00edtica monetaria antiinflacionaria, basada en mantener tasas de inter\u00e9s extremadamente altas, con diferenciales hist\u00f3ricamente superiores a los sostenidos por la Reserva Federal estadounidense.<\/p>\n<p>\u201c<strong>La rigidez te\u00f3rica de la Junta de Gobierno del Banco Central impide el an\u00e1lisis sereno y pragm\u00e1tico de opciones que permitan mantener una pol\u00edtica monetaria restrictiva para combatir la inflaci\u00f3n<\/strong>, sin generar los desequilibrios cambiarios mencionados ni afectar tan gravemente a la planta productiva nacional, hoy aprisionada por la apreciaci\u00f3n cambiaria as\u00ed generada\u201d.<\/p>\n<p><strong>Advierten cinco puntos de alarma que se deben resolver:<\/strong><\/p>\n<ol>\n<li><strong><em>La tendencia a desindustrializar la econom\u00eda se acelera, pues se ha privilegiado hist\u00f3ricamente a las importaciones sobre la producci\u00f3n nacional al utilizar el tipo de cambio para contener los precios de los bienes sujetos a competencia, sin afectar los precios de los oligopolios<\/em><\/strong>.<\/li>\n<li><strong><em>Se desincentiva la inversi\u00f3n competitiva, tanto por lo anterior como por los persistentemente altos costos de financiamiento<\/em><\/strong>.<\/li>\n<li><strong><em>Se mantiene una baja inversi\u00f3n por empleo, lo que impide aumentar la productividad de la mano de obra y, en consecuencia, los salarios promedio<\/em><\/strong>.<\/li>\n<li><strong><em>Se lastra la productividad nacional al concentrarse la inversi\u00f3n en sectores protegidos, de baja productividad relativa frente a la manufactura<\/em><\/strong>; e<\/li>\n<li><strong><em>Impide el restablecimiento de las cadenas productivas nacionales y motiva el abandono de la inversi\u00f3n en las actividades primarias, como la agricultura<\/em><\/strong>.<\/li>\n<\/ol>\n<p>\u00bfA d\u00f3nde se fueron esos economistas mexicanos que tuvieron autoridad profesional y el deseo de servir a los gobernados y, en consecuencia, a la patria? Est\u00e1 bien, el mundo se globaliz\u00f3, muchas naciones encontraron respuestas para insertarse en otras din\u00e1micas del desarrollo, pero hoy est\u00e1n empe\u00f1ados en transformarnos en Cuba y repartir libretas de racionamiento. \u00bfLo permitiremos?<\/p>\n<p>@OrtegaGregorio<\/p>\n","protected":false},"excerpt":{"rendered":"<p>* \u00bfA d\u00f3nde se fueron esos economistas mexicanos que tuvieron autoridad profesional y el deseo de servir a los gobernados y, en consecuencia, a la patria? Est\u00e1 bien, el mundo se globaliz\u00f3, muchas naciones encontraron respuestas para insertarse en otras din\u00e1micas del desarrollo, pero hoy est\u00e1n empe\u00f1ados en transformarnos en Cuba y repartir libretas de racionamiento. \u00bfLo permitiremos? Gregorio Ortega Molina &nbsp; Imposible regresar al M\u00e9xico de ayer, al poder adquisitivo del peso de los a\u00f1os sesenta, antes de la devaluaci\u00f3n de Luis Echeverr\u00eda, que cerr\u00f3 se sexenio con un d\u00f3lar a veintid\u00f3s pesos y un poder adquisitivo que deform\u00f3 [&hellip;]<\/p>\n","protected":false},"author":3,"featured_media":91773,"comment_status":"open","ping_status":"open","sticky":false,"template":"","format":"standard","meta":{"_jetpack_newsletter_access":"","_jetpack_dont_email_post_to_subs":false,"_jetpack_newsletter_tier_id":0,"_jetpack_memberships_contains_paywalled_content":false,"_jetpack_feature_clip_id":0,"_jetpack_memberships_contains_paid_content":false,"footnotes":"","jetpack_publicize_message":"","jetpack_publicize_feature_enabled":true,"jetpack_social_post_already_shared":true,"jetpack_social_options":{"image_generator_settings":{"template":"highway","default_image_id":0,"font":"","enabled":false},"version":2},"jetpack_post_was_ever_published":false},"categories":[79],"tags":[],"class_list":["post-147101","post","type-post","status-publish","format-standard","has-post-thumbnail","hentry","category-columnistas-nacionales","post--single"],"jetpack_publicize_connections":[],"jetpack_featured_media_url":"https:\/\/ovelanalista.com\/wp-content\/uploads\/2024\/03\/Gregorio-Ortega-Molina.jpeg","jetpack_sharing_enabled":true,"_links":{"self":[{"href":"https:\/\/ovelanalista.com\/index.php?rest_route=\/wp\/v2\/posts\/147101","targetHints":{"allow":["GET"]}}],"collection":[{"href":"https:\/\/ovelanalista.com\/index.php?rest_route=\/wp\/v2\/posts"}],"about":[{"href":"https:\/\/ovelanalista.com\/index.php?rest_route=\/wp\/v2\/types\/post"}],"author":[{"embeddable":true,"href":"https:\/\/ovelanalista.com\/index.php?rest_route=\/wp\/v2\/users\/3"}],"replies":[{"embeddable":true,"href":"https:\/\/ovelanalista.com\/index.php?rest_route=%2Fwp%2Fv2%2Fcomments&post=147101"}],"version-history":[{"count":1,"href":"https:\/\/ovelanalista.com\/index.php?rest_route=\/wp\/v2\/posts\/147101\/revisions"}],"predecessor-version":[{"id":147106,"href":"https:\/\/ovelanalista.com\/index.php?rest_route=\/wp\/v2\/posts\/147101\/revisions\/147106"}],"wp:featuredmedia":[{"embeddable":true,"href":"https:\/\/ovelanalista.com\/index.php?rest_route=\/wp\/v2\/media\/91773"}],"wp:attachment":[{"href":"https:\/\/ovelanalista.com\/index.php?rest_route=%2Fwp%2Fv2%2Fmedia&parent=147101"}],"wp:term":[{"taxonomy":"category","embeddable":true,"href":"https:\/\/ovelanalista.com\/index.php?rest_route=%2Fwp%2Fv2%2Fcategories&post=147101"},{"taxonomy":"post_tag","embeddable":true,"href":"https:\/\/ovelanalista.com\/index.php?rest_route=%2Fwp%2Fv2%2Ftags&post=147101"}],"curies":[{"name":"wp","href":"https:\/\/api.w.org\/{rel}","templated":true}]}}