{"id":147102,"date":"2026-05-26T12:00:49","date_gmt":"2026-05-26T19:00:49","guid":{"rendered":"https:\/\/ovelanalista.com\/?p=147102"},"modified":"2026-05-26T10:21:27","modified_gmt":"2026-05-26T17:21:27","slug":"gobernadora-interina-de-sinaloa-evade-una-vez-mas-responder-sobre-ruben-rocha-moya","status":"publish","type":"post","link":"https:\/\/ovelanalista.com\/?p=147102","title":{"rendered":"Gobernadora interina de Sinaloa evade una vez m\u00e1s responder sobre Rub\u00e9n Rocha Moya"},"content":{"rendered":"<p><strong class=\"bajada\">Esta no es la primera ocasi\u00f3n en que Yeraldine Bonilla evade hablar de temas relacionados a la situaci\u00f3n de Rub\u00e9n Rocha, luego de que previamente se negara a hablar de la ausencia de Eneyda Rocha Ruiz, hija del gobernador con licencia.\u00a0<\/strong><\/p>\n<p><strong>Por\u00a0<span id=\"autor\" class=\"post-author-name\">Aar\u00f3n Ibarra<\/span><\/strong><\/p>\n<p>CULIAC\u00c1N, Sin.\u00a0(apro).\u00a0&#8211; La gobernadora interina Yeraldine Bonilla Valverde\u00a0evit\u00f3\u00a0hablar sobre el citatorio que la\u00a0Fiscal\u00eda General\u00a0de la Rep\u00fablica hizo a Rub\u00e9n Rocha Moya, evadiendo una vez m\u00e1s hablar sobre temas relacionados al gobernador con licencia.<\/p>\n<p>\u201cNo quisiera dar ning\u00fan comentario de mi persona hacia ello porque siempre lo he dicho, no podemos entrometernos ni faltar al respeto a esas instituciones como la FGR que est\u00e1 haciendo su trabajo\u201d, dijo a medios locales.<\/p>\n<p>La declaraci\u00f3n vino durante el evento de inauguraci\u00f3n del Centro Estatal de Transfusi\u00f3n Sangu\u00ednea, en una intervenci\u00f3n apenas breve sobre el tema.<\/p>\n<aside class=\"htmlinline\"><\/aside>\n<p>El cuestionamiento surgi\u00f3 luego de que la FGR hiciera p\u00fablico el llamado a 10 funcionarios y ex funcionarios de Sinaloa como parte de la investigaci\u00f3n en Estados Unidos por v\u00ednculos con los Chapitos por parte de estas personas, entre ellas el mismo Rub\u00e9n Rocha junto al alcalde con licencia Juan de Dios G\u00e1mez Mendivil y el senador por Morena, Enrique Inzunza C\u00e1zarez.<\/p>\n<p>Esta no es la primera ocasi\u00f3n en que Yeraldine Bonilla evade hablar de temas relacionados a la situaci\u00f3n de Rub\u00e9n Rocha, luego de que previamente se negara a hablar de la ausencia de Eneyda Rocha Ruiz, hija del gobernador con licencia.<\/p>\n<p>Con informaci\u00f3n de Proceso<\/p>\n","protected":false},"excerpt":{"rendered":"<p>Esta no es la primera ocasi\u00f3n en que Yeraldine Bonilla evade hablar de temas relacionados a la situaci\u00f3n de Rub\u00e9n Rocha, luego de que previamente se negara a hablar de la ausencia de Eneyda Rocha Ruiz, hija del gobernador con licencia.\u00a0 Por\u00a0Aar\u00f3n Ibarra CULIAC\u00c1N, Sin.\u00a0(apro).\u00a0&#8211; La gobernadora interina Yeraldine Bonilla Valverde\u00a0evit\u00f3\u00a0hablar sobre el citatorio que la\u00a0Fiscal\u00eda General\u00a0de la Rep\u00fablica hizo a Rub\u00e9n Rocha Moya, evadiendo una vez m\u00e1s hablar sobre temas relacionados al gobernador con licencia. \u201cNo quisiera dar ning\u00fan comentario de mi persona hacia ello porque siempre lo he dicho, no podemos entrometernos ni faltar al respeto a esas [&hellip;]<\/p>\n","protected":false},"author":3,"featured_media":147120,"comment_status":"open","ping_status":"open","sticky":false,"template":"","format":"standard","meta":{"_jetpack_newsletter_access":"","_jetpack_dont_email_post_to_subs":false,"_jetpack_newsletter_tier_id":0,"_jetpack_memberships_contains_paywalled_content":false,"_jetpack_feature_clip_id":0,"_jetpack_memberships_contains_paid_content":false,"footnotes":"","jetpack_publicize_message":"","jetpack_publicize_feature_enabled":true,"jetpack_social_post_already_shared":true,"jetpack_social_options":{"image_generator_settings":{"template":"highway","default_image_id":0,"font":"","enabled":false},"version":2},"jetpack_post_was_ever_published":false},"categories":[90],"tags":[],"class_list":["post-147102","post","type-post","status-publish","format-standard","has-post-thumbnail","hentry","category-estatal","post--single"],"jetpack_publicize_connections":[],"jetpack_featured_media_url":"https:\/\/ovelanalista.com\/wp-content\/uploads\/2026\/05\/f685x385-248708_286401_5050.jpg","jetpack_sharing_enabled":true,"_links":{"self":[{"href":"https:\/\/ovelanalista.com\/index.php?rest_route=\/wp\/v2\/posts\/147102","targetHints":{"allow":["GET"]}}],"collection":[{"href":"https:\/\/ovelanalista.com\/index.php?rest_route=\/wp\/v2\/posts"}],"about":[{"href":"https:\/\/ovelanalista.com\/index.php?rest_route=\/wp\/v2\/types\/post"}],"author":[{"embeddable":true,"href":"https:\/\/ovelanalista.com\/index.php?rest_route=\/wp\/v2\/users\/3"}],"replies":[{"embeddable":true,"href":"https:\/\/ovelanalista.com\/index.php?rest_route=%2Fwp%2Fv2%2Fcomments&post=147102"}],"version-history":[{"count":1,"href":"https:\/\/ovelanalista.com\/index.php?rest_route=\/wp\/v2\/posts\/147102\/revisions"}],"predecessor-version":[{"id":147121,"href":"https:\/\/ovelanalista.com\/index.php?rest_route=\/wp\/v2\/posts\/147102\/revisions\/147121"}],"wp:featuredmedia":[{"embeddable":true,"href":"https:\/\/ovelanalista.com\/index.php?rest_route=\/wp\/v2\/media\/147120"}],"wp:attachment":[{"href":"https:\/\/ovelanalista.com\/index.php?rest_route=%2Fwp%2Fv2%2Fmedia&parent=147102"}],"wp:term":[{"taxonomy":"category","embeddable":true,"href":"https:\/\/ovelanalista.com\/index.php?rest_route=%2Fwp%2Fv2%2Fcategories&post=147102"},{"taxonomy":"post_tag","embeddable":true,"href":"https:\/\/ovelanalista.com\/index.php?rest_route=%2Fwp%2Fv2%2Ftags&post=147102"}],"curies":[{"name":"wp","href":"https:\/\/api.w.org\/{rel}","templated":true}]}}