{"id":147103,"date":"2026-05-26T11:30:09","date_gmt":"2026-05-26T18:30:09","guid":{"rendered":"https:\/\/ovelanalista.com\/?p=147103"},"modified":"2026-05-26T10:18:46","modified_gmt":"2026-05-26T17:18:46","slug":"atacan-a-balazos-el-negocio-de-la-influencer-estef-monarrez-en-culiacan-sinaloa","status":"publish","type":"post","link":"https:\/\/ovelanalista.com\/?p=147103","title":{"rendered":"Atacan a balazos el negocio de la influencer Estef Mon\u00e1rrez en Culiac\u00e1n, Sinaloa"},"content":{"rendered":"<h2 class=\"article-subheadline text-align-left\">Estefan\u00eda Mon\u00e1rrez acumula 310 mil seguidores en TikTok y vende cosm\u00e9ticos.<\/h2>\n<p><strong>Por <a class=\"author-name\" href=\"https:\/\/www.infobae.com\/autor\/anayeli-tapia-sandoval\/\" aria-label=\"Anayeli  Tapia Sandoval \">Anayeli Tapia Sandoval<\/a><\/strong><\/p>\n<p class=\"paragraph\" data-mrf-recirculation=\"Links inline\">Un\u00a0<b>negocio<\/b>\u00a0de cosm\u00e9ticos ubicado en la colonia\u00a0<b>Las Quintas<\/b>\u00a0de\u00a0<b>Culiac\u00e1n<\/b>, Sinaloa, fue atacado a balazos la tarde de este lunes 25 de mayo de 2026. De acuerdo con la informaci\u00f3n, el local pertenece a la creadora de contenido\u00a0<b>Estef Mon\u00e1rrez.<\/b><\/p>\n<div class=\"recommended-card__image-container\">\n<h2 id=\"que-se-sabe-del-ataque\" class=\"text-align-left vertical-align-top line-height-100 header headline-class-h2 headline\">\u00bfQu\u00e9 se sabe del ataque?<\/h2>\n<p class=\"paragraph\" data-mrf-recirculation=\"Links inline\">El reporte lleg\u00f3 a las l\u00edneas del 911 alrededor de las<b>\u00a017:00 horas,<\/b>\u00a0cuando vecinos del sector alertaron sobre\u00a0<b>detonaciones de arma de fuego<\/b>\u00a0en el cruce del bulevar Sinaloa y la calle Estado de Puebla.<\/p>\n<\/div>\n<div class=\"inline ad-wrapper dfpAd ad-inline ad-text ad-component-container\" data-ad-wrapper=\"arcad\" data-ad-type=\"inline\" data-ad-slot=\"infobae\/mexico\/nota\/inline\" data-ad-container=\"dfp\" data-ad-slot-name=\"infobae\/mexico\/nota\/inline\">\n<p class=\"paragraph\" data-mrf-recirculation=\"Links inline\">Versiones recabadas por medios locales apuntan a que sujetos armados a bordo de una motocicleta dispararon contra la fachada del inmueble y se dieron a la fuga con rumbo desconocido.<\/p>\n<div class=\"recommended-card__image-container\"><img loading=\"lazy\" decoding=\"async\" class=\"\" src=\"https:\/\/www.infobae.com\/resizer\/v2\/DWUECTZBFJA55GPV5PCGMSWDNU.png?auth=212146dc2b2339fb67b49d7ac9e15f6d6d7b67911b5d2f5cfbc90c90b9991b3d&amp;smart=true&amp;width=350&amp;height=99&amp;quality=85\" alt=\"(Captura de pantalla)\" width=\"704\" height=\"199\" \/><\/div>\n<\/div>\n<div><\/div>\n<div>\n<p class=\"paragraph\" data-mrf-recirculation=\"Links inline\">El establecimiento, denominado\u00a0<b>Estef Cosmetics<\/b>, presentaba al menos tres impactos visibles: uno en la parte superior del edificio y dos m\u00e1s en la cortina met\u00e1lica de acceso, adem\u00e1s de da\u00f1os en cristales. En el pavimento, las autoridades localizaron casquillos percutidos de arma larga de distintos calibres.<\/p>\n<div class=\"inline_2 ad-wrapper dfpAd ad-inline ad-text ad-component-container\" data-ad-wrapper=\"arcad\" data-ad-type=\"inline_2\" data-ad-slot=\"infobae\/mexico\/nota\/inline_2\" data-ad-container=\"dfp\" data-ad-slot-name=\"infobae\/mexico\/nota\/inline_2\">\n<p class=\"paragraph\" data-mrf-recirculation=\"Links inline\"><b>No hubo personas lesionadas<\/b>\u00a0porque el establecimiento estaba cerrado al momento del ataque.<\/p>\n<div class=\"recommended-card__image-container\">\n<p class=\"paragraph\" data-mrf-recirculation=\"Links inline\">Agentes federales implementaron adem\u00e1s un<b>\u00a0operativo de b\u00fasqueda terrestre y a\u00e9reo,<\/b>\u00a0apoyado por un dron que sobrevol\u00f3 el sector para facilitar la localizaci\u00f3n de los presuntos responsables. Hasta el cierre de esta nota no se reportaron personas detenidas.<\/p>\n<div class=\"ad_1 ad-wrapper dfpAd ad-1-al-6 ad-text ad-component-container\" data-ad-wrapper=\"arcad\" data-ad-type=\"ad_1\" data-ad-slot=\"infobae\/mexico\/nota\/ad_1\" data-ad-container=\"dfp\" data-ad-slot-name=\"infobae\/mexico\/nota\/ad_1\">\n<p class=\"paragraph\" data-mrf-recirculation=\"Links inline\">De manera preventiva, el\u00a0<b>Colegio Senda<\/b>, ubicado en las inmediaciones del negocio atacado, suspendi\u00f3 actividades y cerr\u00f3 sus instalaciones.<\/p>\n<h2 id=\"quien-es-estef-monarrez-la-influencer-duena-del-negocio-baleado\" class=\"text-align-left vertical-align-top line-height-100 header headline-class-h2 headline\">Qui\u00e9n es Estef Mon\u00e1rrez, la influencer due\u00f1a del negocio baleado<\/h2>\n<div class=\"visual__image\"><picture><source srcset=\"https:\/\/www.infobae.com\/resizer\/v2\/SWA5XW5UBZBYVEHYBSUTFWIRFE.jpg?auth=9c0a6e6c75e8e223464e550977ffc0267602517820c2a1dc10b673949dc9cdd8&amp;smart=true&amp;width=992&amp;height=1240&amp;quality=85\" media=\"(min-width: 1000px)\" \/><source srcset=\"https:\/\/www.infobae.com\/resizer\/v2\/SWA5XW5UBZBYVEHYBSUTFWIRFE.jpg?auth=9c0a6e6c75e8e223464e550977ffc0267602517820c2a1dc10b673949dc9cdd8&amp;smart=true&amp;width=768&amp;height=960&amp;quality=85\" media=\"(min-width: 768px)\" \/><source srcset=\"https:\/\/www.infobae.com\/resizer\/v2\/SWA5XW5UBZBYVEHYBSUTFWIRFE.jpg?auth=9c0a6e6c75e8e223464e550977ffc0267602517820c2a1dc10b673949dc9cdd8&amp;smart=true&amp;width=577&amp;height=721&amp;quality=85\" media=\"(min-width: 580px)\" \/><source srcset=\"https:\/\/www.infobae.com\/resizer\/v2\/SWA5XW5UBZBYVEHYBSUTFWIRFE.jpg?auth=9c0a6e6c75e8e223464e550977ffc0267602517820c2a1dc10b673949dc9cdd8&amp;smart=true&amp;width=420&amp;height=525&amp;quality=85\" media=\"(min-width: 350px)\" \/><source srcset=\"https:\/\/www.infobae.com\/resizer\/v2\/SWA5XW5UBZBYVEHYBSUTFWIRFE.jpg?auth=9c0a6e6c75e8e223464e550977ffc0267602517820c2a1dc10b673949dc9cdd8&amp;smart=true&amp;width=350&amp;height=438&amp;quality=85\" media=\"(min-width: 80px)\" \/><img loading=\"lazy\" decoding=\"async\" class=\"global-image\" src=\"https:\/\/www.infobae.com\/resizer\/v2\/SWA5XW5UBZBYVEHYBSUTFWIRFE.jpg?auth=9c0a6e6c75e8e223464e550977ffc0267602517820c2a1dc10b673949dc9cdd8&amp;smart=true&amp;width=350&amp;height=438&amp;quality=85\" alt=\"(Instagram: estefmonarrezz)\" width=\"1080\" height=\"1350\" \/><\/picture>(Instagram: estefmonarrezz)<\/div>\n<p class=\"paragraph\" data-mrf-recirculation=\"Links inline\"><b>Estef Mon\u00e1rrez<\/b>\u00a0es una creadora de contenido originaria de\u00a0<b>Culiac\u00e1n\u00a0<\/b>que publica sobre\u00a0<b>estilo de vida, maternidad y moda<\/b>\u00a0en sus redes sociales.<\/p>\n<p class=\"paragraph\" data-mrf-recirculation=\"Links inline\">En TikTok, donde opera bajo el usuario @estefmonarrezz, suma\u00a0<b>310,100 seguidores\u00a0<\/b>y suma 14.5 millones \u201cMe gusta\u201d; su video con mayor alcance acumula\u00a0<b>2.2 millones de reproducciones<\/b>. Adem\u00e1s de TikTok, tiene presencia en YouTube con el canal \u201cFamilia de Pelos\u201d, que tiene m\u00e1s de 5 mil suscriptores.<\/p>\n<p class=\"paragraph\" data-mrf-recirculation=\"Links inline\">En\u00a0<b>Instagram<\/b>, su cuenta personal @estefmonarrezz y la cuenta comercial @estefcosmetics.mx \u2014con\u00a0<b>36,300 seguidores<\/b>\u2014 sirven como vitrina para sus dos marcas:\u00a0<b>Estef Cosmetics y Marva Haircare.<\/b>\u00a0El contenido de sus videos abarca mini vlogs, preparativos para eventos, tendencias de moda y momentos con su hija y su pareja.<\/p>\n<p data-mrf-recirculation=\"Links inline\"><img loading=\"lazy\" decoding=\"async\" class=\"aligncenter\" src=\"https:\/\/www.infobae.com\/resizer\/v2\/JIF2F2R4KRAWJBYPY6PZ5VZEE4.jpg?auth=ba1f3b1761b7da38a1a6bef0885c8dd0d0d6fd914ee3f8735725549face0a400&amp;smart=true&amp;width=350&amp;height=467&amp;quality=85\" alt=\"(Instagram: estefmonarrezz)\" width=\"722\" height=\"963\" \/><\/p>\n<p class=\"paragraph\" data-mrf-recirculation=\"Links inline\">El negocio atacado se ubica en Estado de Puebla #1407-2, colonia Las Quintas, Culiac\u00e1n, y opera de lunes a viernes en dos turnos: de 10:00 a 14:00 horas y de 16:00 a 19:00 horas.<\/p>\n<p class=\"paragraph\" data-mrf-recirculation=\"Links inline\">La tienda tambi\u00e9n cuenta con una plataforma de comercio electr\u00f3nico en\u00a0<b>estefcomestics.mx<\/b>, desde donde realiza env\u00edos a toda la rep\u00fablica mexicana, con un cat\u00e1logo que incluye\u00a0<b>productos para rostro, ojos, vitaminas, skincare, perfumes, cabello y labios.<\/b><\/p>\n<\/div>\n<div class=\"ad_4 ad-wrapper dfpAd ad-1-al-6 ad-text ad-component-container\" data-ad-wrapper=\"arcad\" data-ad-type=\"ad_4\" data-ad-slot=\"infobae\/mexico\/nota\/ad_4\" data-ad-container=\"dfp\" data-ad-slot-name=\"infobae\/mexico\/nota\/ad_4\">\n<p class=\"paragraph\" data-mrf-recirculation=\"Links inline\">Al cierre de esta nota, Mon\u00e1rrez no se hab\u00eda pronunciado p\u00fablicamente sobre el ataque a su establecimiento.<\/p>\n<h2 id=\"el-contexto-de-violencia-en-culiacan-desde-el-quiebre-del-cartel-de-sinaloa\" class=\"text-align-left vertical-align-top line-height-100 header headline-class-h2 headline\">El contexto de violencia en Culiac\u00e1n desde el quiebre del C\u00e1rtel de Sinaloa<\/h2>\n<p class=\"paragraph\" data-mrf-recirculation=\"Links inline\">Ese mismo lunes, horas despu\u00e9s del ataque al local de cosm\u00e9ticos, un segundo episodio de violencia se registr\u00f3 en el fraccionamiento Floresta, en el sector Los \u00c1ngeles, al nororiente de Culiac\u00e1n.<\/p>\n<p data-mrf-recirculation=\"Links inline\"><img loading=\"lazy\" decoding=\"async\" class=\"\" src=\"https:\/\/www.infobae.com\/resizer\/v2\/O3AO5MJUWVCAXKDS5ZKRGBDKYU.jpg?auth=b31c5dc429b58cbec1a2a6173f51da5951663f5569a3775722ce9d1243b2b75f&amp;smart=true&amp;width=350&amp;height=197&amp;quality=85\" alt=\"Los 25 personajes mencionados en los panfletos arrojados en Culiac\u00e1n. (Redes sociales de cada influencer)\" width=\"794\" height=\"447\" \/><\/p>\n<p class=\"paragraph\" data-mrf-recirculation=\"Links inline\">Un grupo armado que circulaba en una camioneta Volkswagen Tiguan gris dispar\u00f3 con fusiles de asalto contra una vivienda ubicada en el cruce de la calle Municipio de Culiac\u00e1n y el bulevar Estado de Sinaloa, alrededor de las 19:15 horas.<\/p>\n<p class=\"paragraph\" data-mrf-recirculation=\"Links inline\">Dos hombres resultaron heridos:\u00a0<b>Jos\u00e9 Mart\u00edn<\/b>, de 32 a\u00f1os, y\u00a0<b>Le\u00f3n Felipe<\/b>, de 28, quien recibi\u00f3 m\u00faltiples impactos en distintas partes del cuerpo. Ambos fueron trasladados de urgencia por param\u00e9dicos de la Cruz Roja.<\/p>\n<p data-mrf-recirculation=\"Links inline\">Desde que estall\u00f3 la guerra interna del\u00a0<b>C\u00e1rtel de Sinaloa<\/b>\u00a0el 9 de septiembre de 2024, Culiac\u00e1n concentra de forma constante asesinatos, desapariciones, balaceras, enfrentamientos y ataques a locales comerciales y domicilios. Los llamados\u00a0<b>influencers\u00a0<\/b>han sido uno de los principales grupos en ser atacados en medio de la disputa, pues muchos de ellos han sido se\u00f1alados de tener nexos con alguno de los grupos enfrentados: Los Chapitos o La Mayiza.<\/p>\n<p data-mrf-recirculation=\"Links inline\">Con informaci\u00f3n de Infobae<\/p>\n<\/div>\n<\/div>\n<\/div>\n<\/div>\n","protected":false},"excerpt":{"rendered":"<p>Estefan\u00eda Mon\u00e1rrez acumula 310 mil seguidores en TikTok y vende cosm\u00e9ticos. Por Anayeli Tapia Sandoval Un\u00a0negocio\u00a0de cosm\u00e9ticos ubicado en la colonia\u00a0Las Quintas\u00a0de\u00a0Culiac\u00e1n, Sinaloa, fue atacado a balazos la tarde de este lunes 25 de mayo de 2026. De acuerdo con la informaci\u00f3n, el local pertenece a la creadora de contenido\u00a0Estef Mon\u00e1rrez. \u00bfQu\u00e9 se sabe del ataque? El reporte lleg\u00f3 a las l\u00edneas del 911 alrededor de las\u00a017:00 horas,\u00a0cuando vecinos del sector alertaron sobre\u00a0detonaciones de arma de fuego\u00a0en el cruce del bulevar Sinaloa y la calle Estado de Puebla. Versiones recabadas por medios locales apuntan a que sujetos armados a bordo [&hellip;]<\/p>\n","protected":false},"author":3,"featured_media":147118,"comment_status":"open","ping_status":"open","sticky":false,"template":"","format":"standard","meta":{"_jetpack_newsletter_access":"","_jetpack_dont_email_post_to_subs":false,"_jetpack_newsletter_tier_id":0,"_jetpack_memberships_contains_paywalled_content":false,"_jetpack_feature_clip_id":0,"_jetpack_memberships_contains_paid_content":false,"footnotes":"","jetpack_publicize_message":"","jetpack_publicize_feature_enabled":true,"jetpack_social_post_already_shared":true,"jetpack_social_options":{"image_generator_settings":{"template":"highway","default_image_id":0,"font":"","enabled":false},"version":2},"jetpack_post_was_ever_published":false},"categories":[84],"tags":[],"class_list":["post-147103","post","type-post","status-publish","format-standard","has-post-thumbnail","hentry","category-sinaloa-centro","post--single"],"jetpack_publicize_connections":[],"jetpack_featured_media_url":"https:\/\/ovelanalista.com\/wp-content\/uploads\/2026\/05\/Captura-de-pantalla-2026-05-26-a-las-10.16.39-a.m.png","jetpack_sharing_enabled":true,"_links":{"self":[{"href":"https:\/\/ovelanalista.com\/index.php?rest_route=\/wp\/v2\/posts\/147103","targetHints":{"allow":["GET"]}}],"collection":[{"href":"https:\/\/ovelanalista.com\/index.php?rest_route=\/wp\/v2\/posts"}],"about":[{"href":"https:\/\/ovelanalista.com\/index.php?rest_route=\/wp\/v2\/types\/post"}],"author":[{"embeddable":true,"href":"https:\/\/ovelanalista.com\/index.php?rest_route=\/wp\/v2\/users\/3"}],"replies":[{"embeddable":true,"href":"https:\/\/ovelanalista.com\/index.php?rest_route=%2Fwp%2Fv2%2Fcomments&post=147103"}],"version-history":[{"count":1,"href":"https:\/\/ovelanalista.com\/index.php?rest_route=\/wp\/v2\/posts\/147103\/revisions"}],"predecessor-version":[{"id":147119,"href":"https:\/\/ovelanalista.com\/index.php?rest_route=\/wp\/v2\/posts\/147103\/revisions\/147119"}],"wp:featuredmedia":[{"embeddable":true,"href":"https:\/\/ovelanalista.com\/index.php?rest_route=\/wp\/v2\/media\/147118"}],"wp:attachment":[{"href":"https:\/\/ovelanalista.com\/index.php?rest_route=%2Fwp%2Fv2%2Fmedia&parent=147103"}],"wp:term":[{"taxonomy":"category","embeddable":true,"href":"https:\/\/ovelanalista.com\/index.php?rest_route=%2Fwp%2Fv2%2Fcategories&post=147103"},{"taxonomy":"post_tag","embeddable":true,"href":"https:\/\/ovelanalista.com\/index.php?rest_route=%2Fwp%2Fv2%2Ftags&post=147103"}],"curies":[{"name":"wp","href":"https:\/\/api.w.org\/{rel}","templated":true}]}}