{"id":147110,"date":"2026-05-26T10:30:43","date_gmt":"2026-05-26T17:30:43","guid":{"rendered":"https:\/\/ovelanalista.com\/?p=147110"},"modified":"2026-05-26T10:06:56","modified_gmt":"2026-05-26T17:06:56","slug":"cartel-de-sinaloa-toma-el-poder-en-los-municipios-de-mexico-son-el-primer-contacto-con-la-ciudadania","status":"publish","type":"post","link":"https:\/\/ovelanalista.com\/?p=147110","title":{"rendered":"C\u00e1rtel de Sinaloa toma el poder en los municipios de M\u00e9xico: \u2018Son el primer contacto con la ciudadan\u00eda\u2019"},"content":{"rendered":"<h2 class=\"c-heading b-subheadline\">El poder del C\u00e1rtel de Sinaloa ha penetrado en los municipios de M\u00e9xico, debido a que estos tienen mayor control de la gente y la polic\u00eda.<\/h2>\n<p><strong><span class=\"b-byline__by\">Por<\/span>\u00a0<span class=\"b-byline__names\">David Sa\u00fal Vela<\/span><\/strong><\/p>\n<p class=\"c-paragraph\">El\u00a0<a title=\"https:\/\/www.elfinanciero.com.mx\/nacional\/2026\/05\/20\/intimidaron-a-candidatos-y-financiaron-campanas-asi-se-infiltro-el-narco-en-8-municipios-de-morelos\/\" href=\"https:\/\/www.elfinanciero.com.mx\/nacional\/2026\/05\/20\/intimidaron-a-candidatos-y-financiaron-campanas-asi-se-infiltro-el-narco-en-8-municipios-de-morelos\/\" target=\"_blank\" rel=\"noopener\">C\u00e1rtel de Sinaloa<\/a>\u00a0tiene inter\u00e9s en controlar los recursos humanos y financieros de los ayuntamientos. En\u00a0<a title=\"https:\/\/www.elfinanciero.com.mx\/nacional\/2026\/05\/24\/testimonio-del-exalcalde-de-cuautla-deja-al-descubierto-infiltracion-del-cartel-de-sinaloa-en-morelos\/\" href=\"https:\/\/www.elfinanciero.com.mx\/nacional\/2026\/05\/24\/testimonio-del-exalcalde-de-cuautla-deja-al-descubierto-infiltracion-del-cartel-de-sinaloa-en-morelos\/\" target=\"_blank\" rel=\"noopener\">Morelos<\/a>, lo logr\u00f3 en al menos 11 municipios, mediante la\u00a0<b>amenaza e intimidaci\u00f3n a la autoridad<\/b>, revela la Fiscal\u00eda General de la Rep\u00fablica.<\/p>\n<p class=\"c-paragraph\">En la carpeta FED\/FEMDO\/FEITATA-SIN\/0000174\/2025, la FGR destaca los casos de\u00a0<a title=\"https:\/\/www.elfinanciero.com.mx\/nacional\/2026\/05\/21\/el-barbas-del-cartel-de-sinaloa-ofrecio-votos-a-funcionarios-de-morelos-a-cambio-de-una-cuota-mensual\/\" href=\"https:\/\/www.elfinanciero.com.mx\/nacional\/2026\/05\/21\/el-barbas-del-cartel-de-sinaloa-ofrecio-votos-a-funcionarios-de-morelos-a-cambio-de-una-cuota-mensual\/\" target=\"_blank\" rel=\"noopener\">Cuautla y Atlatlahucan<\/a>.<\/p>\n<div id=\"arcad-feature-f0ffmTzFzpuU8mf-6ee7f3bb24c4e\" class=\"c-stack b-ads-block \" data-style-direction=\"vertical\" data-style-justification=\"start\" data-style-alignment=\"center\" data-style-inline=\"false\" data-style-wrap=\"nowrap\">\n<div class=\"ad_1x1\" data-testid=\"ad-block-unit-wrapper\">\n<div id=\"arcad_f0ffmTzFzpuU8mf-6ee7f3bb24c4e\" data-google-query-id=\"CIzr7Pe315QDFfdXCAQdI1w0AQ\">\n<div id=\"google_ads_iframe_\/77835600\/ElFinanciero__internas\/inread_oop_0__container__\"><\/div>\n<\/div>\n<\/div>\n<\/div>\n<p class=\"c-paragraph\">Y es que, advierte, que la totalidad de los recursos humanos, materiales y de seguridad p\u00fablica con que contaban dichos municipios, a cargo del pr\u00f3fugo\u00a0<b>Jes\u00fas Corona Dami\u00e1n<\/b>\u00a0y el detenido\u00a0<b>Agustin Toledano Amaro<\/b>, respectivamente, estaban a disposici\u00f3n del C\u00e1rtel de Sinaloa.<\/p>\n<h2 class=\"b-article-body__h2\">\u00bfPor qu\u00e9 el narco busca filtrarse en los municipios?<\/h2>\n<p class=\"c-paragraph\">\u201cAnte tal panorama, resulta evidente que la\u00a0<b>delincuencia organizada<\/b>, tiene un inter\u00e9s especial en poder controlar a los ayuntamientos, porque son el primer contacto con la ciudadan\u00eda, adem\u00e1s de que concentran el mayor n\u00famero de elementos policiales en el pa\u00eds\u201d.<\/p>\n<p class=\"c-paragraph\">Contin\u00fao: \u201cPor lo que, cuando Jes\u00fas Corona Dami\u00e1n y Agustin Toledano Amaro, acordaron incorporarse al C\u00e1rtel de Sinaloa, pusieron a disposici\u00f3n de dicho grupo criminal, los recursos de los ayuntamientos, incluyendo su patrimonio y la polic\u00eda local\u201d, se\u00f1al\u00f3 la FGR en el expediente con el que solicit\u00f3 \u00f3rdenes de aprehensi\u00f3n contra 11 personas, entre funcionarios y\u00a0<a title=\"https:\/\/www.elfinanciero.com.mx\/estados\/2026\/05\/21\/quien-es-el-barbas-lider-del-cartel-de-sinaloa-captado-presuntamente-con-funcionarios-de-morelos\/\" href=\"https:\/\/www.elfinanciero.com.mx\/estados\/2026\/05\/21\/quien-es-el-barbas-lider-del-cartel-de-sinaloa-captado-presuntamente-con-funcionarios-de-morelos\/\" target=\"_blank\" rel=\"noopener\">J\u00fapiter \u2018N\u2019, alias El Barbas, l\u00edder del C\u00e1rtel de Sinaloa<\/a>\u00a0en esa regi\u00f3n.<\/p>\n<p class=\"c-paragraph\">De acuerdo con el escrito, al que El Financiero tuvo acceso, los municipios que est\u00e1n en situaci\u00f3n similar son:\u00a0<b>Axochiapan, Ayala, Cuernavaca, Tepalcingo, Tlalnepantla y Tlayacapan<\/b>.<\/p>\n<div id=\"FIOnDemandWrapper_fiInstance_116232_2_3344651891674483\" class=\"FIOnDemandWrapper\">\n<div class=\"apd_static_banner \"><\/div>\n<\/div>\n<p class=\"c-paragraph\">La FGR busca imputar tambi\u00e9n lavado de dinero a funcionarios y empresarios.<\/p>\n<p>Con informaci\u00f3n de El Financiero<\/p>\n","protected":false},"excerpt":{"rendered":"<p>El poder del C\u00e1rtel de Sinaloa ha penetrado en los municipios de M\u00e9xico, debido a que estos tienen mayor control de la gente y la polic\u00eda. Por\u00a0David Sa\u00fal Vela El\u00a0C\u00e1rtel de Sinaloa\u00a0tiene inter\u00e9s en controlar los recursos humanos y financieros de los ayuntamientos. En\u00a0Morelos, lo logr\u00f3 en al menos 11 municipios, mediante la\u00a0amenaza e intimidaci\u00f3n a la autoridad, revela la Fiscal\u00eda General de la Rep\u00fablica. En la carpeta FED\/FEMDO\/FEITATA-SIN\/0000174\/2025, la FGR destaca los casos de\u00a0Cuautla y Atlatlahucan. Y es que, advierte, que la totalidad de los recursos humanos, materiales y de seguridad p\u00fablica con que contaban dichos municipios, a cargo [&hellip;]<\/p>\n","protected":false},"author":3,"featured_media":147114,"comment_status":"open","ping_status":"open","sticky":false,"template":"","format":"standard","meta":{"_jetpack_newsletter_access":"","_jetpack_dont_email_post_to_subs":false,"_jetpack_newsletter_tier_id":0,"_jetpack_memberships_contains_paywalled_content":false,"_jetpack_feature_clip_id":0,"_jetpack_memberships_contains_paid_content":false,"footnotes":"","jetpack_publicize_message":"","jetpack_publicize_feature_enabled":true,"jetpack_social_post_already_shared":true,"jetpack_social_options":{"image_generator_settings":{"template":"highway","default_image_id":0,"font":"","enabled":false},"version":2},"jetpack_post_was_ever_published":false},"categories":[90,75],"tags":[],"class_list":["post-147110","post","type-post","status-publish","format-standard","has-post-thumbnail","hentry","category-estatal","category-nacional","post--single"],"jetpack_publicize_connections":[],"jetpack_featured_media_url":"https:\/\/ovelanalista.com\/wp-content\/uploads\/2026\/05\/Captura-de-pantalla-2026-05-26-a-las-10.05.45-a.m.png","jetpack_sharing_enabled":true,"_links":{"self":[{"href":"https:\/\/ovelanalista.com\/index.php?rest_route=\/wp\/v2\/posts\/147110","targetHints":{"allow":["GET"]}}],"collection":[{"href":"https:\/\/ovelanalista.com\/index.php?rest_route=\/wp\/v2\/posts"}],"about":[{"href":"https:\/\/ovelanalista.com\/index.php?rest_route=\/wp\/v2\/types\/post"}],"author":[{"embeddable":true,"href":"https:\/\/ovelanalista.com\/index.php?rest_route=\/wp\/v2\/users\/3"}],"replies":[{"embeddable":true,"href":"https:\/\/ovelanalista.com\/index.php?rest_route=%2Fwp%2Fv2%2Fcomments&post=147110"}],"version-history":[{"count":1,"href":"https:\/\/ovelanalista.com\/index.php?rest_route=\/wp\/v2\/posts\/147110\/revisions"}],"predecessor-version":[{"id":147115,"href":"https:\/\/ovelanalista.com\/index.php?rest_route=\/wp\/v2\/posts\/147110\/revisions\/147115"}],"wp:featuredmedia":[{"embeddable":true,"href":"https:\/\/ovelanalista.com\/index.php?rest_route=\/wp\/v2\/media\/147114"}],"wp:attachment":[{"href":"https:\/\/ovelanalista.com\/index.php?rest_route=%2Fwp%2Fv2%2Fmedia&parent=147110"}],"wp:term":[{"taxonomy":"category","embeddable":true,"href":"https:\/\/ovelanalista.com\/index.php?rest_route=%2Fwp%2Fv2%2Fcategories&post=147110"},{"taxonomy":"post_tag","embeddable":true,"href":"https:\/\/ovelanalista.com\/index.php?rest_route=%2Fwp%2Fv2%2Ftags&post=147110"}],"curies":[{"name":"wp","href":"https:\/\/api.w.org\/{rel}","templated":true}]}}