{"id":147111,"date":"2026-05-26T11:00:02","date_gmt":"2026-05-26T18:00:02","guid":{"rendered":"https:\/\/ovelanalista.com\/?p=147111"},"modified":"2026-05-26T10:09:00","modified_gmt":"2026-05-26T17:09:00","slug":"gobernadora-de-morelos-niega-amenazas-del-cartel-de-sinaloa","status":"publish","type":"post","link":"https:\/\/ovelanalista.com\/?p=147111","title":{"rendered":"Gobernadora de Morelos niega amenazas del C\u00e1rtel de Sinaloa"},"content":{"rendered":"<p><strong class=\"bajada\">La gobernadora de Morelos, Margarita Gonz\u00e1lez Saravia, reforz\u00f3 la coordinaci\u00f3n entre autoridades estatales y federales en materia de seguridad durante su visita a Cuautla, en medio de la crisis pol\u00edtica en el municipio tras la detenci\u00f3n que destap\u00f3 la narcopol\u00edtica en la zona oriente.<\/strong><\/p>\n<div class=\"row\">\n<div class=\"col-md-1 col-sticky\">\n<div class=\"inner-share-bar cf\">\n<div class=\"item\"><strong><a class=\"nota-link-autor\" title=\"Ir al perfil de  Estrella Pedroza\" href=\"https:\/\/www.proceso.com.mx\/autor\/estrella-pedroza-cimac-noticias.html\">Por\u00a0<span id=\"autor\" class=\"post-author-name\">Estrella Pedroza<\/span><\/a><\/strong><\/div>\n<\/div>\n<\/div>\n<\/div>\n<div><\/div>\n<div>\n<p>CUERNAVACA, Mor. (apro).-\u00a0La gobernadora de Morelos, Margarita Gonz\u00e1lez Saravia, neg\u00f3 haber recibido amenazas del crimen organizado mediante presuntos operadores del C\u00e1rtel de Sinaloa y calific\u00f3 esas versiones como \u201cdeclaraciones falsas\u201d; adem\u00e1s, asegur\u00f3 que su administraci\u00f3n mantiene una estrategia coordinada con fuerzas federales y estatales para recuperar la paz en la regi\u00f3n oriente\u00a0del\u00a0estado.<\/p>\n<p>La declaraci\u00f3n fue realizada durante su visita a Cuautla, donde encabez\u00f3 la Mesa de Coordinaci\u00f3n Estatal para la Construcci\u00f3n de la Paz, en medio de la crisis pol\u00edtica y de seguridad que enfrenta ese municipio.<\/p>\n<p>La mandataria estatal fue cuestionada luego de que un medio de circulaci\u00f3n nacional publicara que presuntamente habr\u00eda sido amenazada a trav\u00e9s de un operador pol\u00edtico de la regi\u00f3n oriente por integrantes del C\u00e1rtel de Sinaloa, encabezados presuntamente por J\u00fapiter Araujo, alias \u201cEl Barbas\u201d.<\/p>\n<aside class=\"htmlinline\"><\/aside>\n<p>Ante ello, Gonz\u00e1lez Saravia rechaz\u00f3 la versi\u00f3n y afirm\u00f3 que su gobierno ya emiti\u00f3 una aclaraci\u00f3n p\u00fablica.<\/p>\n<p>\u201cEs una declaraci\u00f3n falsa que ya aclaramos por parte de un peri\u00f3dico nacional. Ya mandamos la aclaraci\u00f3n, ya la sacamos el d\u00eda de hoy y es una falsedad\u201d,\u00a0indic\u00f3.<\/p>\n<p>Las declaraciones se dieron en medio de las disputas pol\u00edticas en el ayuntamiento de Cuautla, luego de que el alcalde Jes\u00fas Corona Dami\u00e1n se mantiene pr\u00f3fugo de la justicia y bajo investigaci\u00f3n por presuntos v\u00ednculos con la delincuencia organizada y extorsi\u00f3n.<\/p>\n<p>En ese contexto, Nancy Echeverr\u00eda, quien se desempe\u00f1aba como s\u00edndica municipal, asumi\u00f3 funciones como alcaldesa por un periodo de 90 d\u00edas, luego de que el Cabildo aprob\u00f3 el acuerdo por mayor\u00eda de votos en una sesi\u00f3n marcada por protestas y presiones de simpatizantes de Salvador Molina Mart\u00ednez, suplente de Corona Dami\u00e1n, quienes exigen que se le tome protesta de ley para asumir la presidencia municipal.<\/p>\n<p>Molina Mart\u00ednez actualmente ocupa la direcci\u00f3n del Comit\u00e9 de Planeaci\u00f3n para el Desarrollo Municipal (Coplademun) y fue registrado ante el Instituto Morelense de Procesos Electorales y Participaci\u00f3n Ciudadana (Impepac) como suplente del presidente municipal.<\/p>\n<p>En paralelo, Anita S\u00e1nchez Guerra, regidora del Partido Verde Ecologista de M\u00e9xico y hermana de la senadora Juanita Guerra, tambi\u00e9n ha manifestado inter\u00e9s en asumir la conducci\u00f3n del gobierno municipal.<\/p>\n<p>Ante el escenario de tensi\u00f3n pol\u00edtica en Cuautla, Gonz\u00e1lez Saravia sostuvo que el gobierno estatal respaldar\u00e1 el procedimiento legal vigente y mantendr\u00e1 coordinaci\u00f3n con autoridades federales.<\/p>\n<p>\u201cNosotros respaldamos porque legalmente hay un procedimiento ante la ausencia del presidente municipal, donde la s\u00edndica tom\u00f3 posesi\u00f3n y estaremos d\u00e1ndole continuidad al proceso jur\u00eddico correspondiente\u201d, expres\u00f3.<\/p>\n<p>La gobernadora a\u00f1adi\u00f3 que se trabaja de manera coordinada con la Secretar\u00eda de Gobernaci\u00f3n en acciones enfocadas en seguridad y atenci\u00f3n territorial en la regi\u00f3n oriente del estado.<\/p>\n<\/div>\n<div class=\"row\">\n<div class=\"col-md-1 col-sticky\">\n<div class=\"inner-share-bar cf\">\n<div>Con informaci\u00f3n de Proceso<\/div>\n<\/div>\n<\/div>\n<\/div>\n","protected":false},"excerpt":{"rendered":"<p>La gobernadora de Morelos, Margarita Gonz\u00e1lez Saravia, reforz\u00f3 la coordinaci\u00f3n entre autoridades estatales y federales en materia de seguridad durante su visita a Cuautla, en medio de la crisis pol\u00edtica en el municipio tras la detenci\u00f3n que destap\u00f3 la narcopol\u00edtica en la zona oriente. Por\u00a0Estrella Pedroza CUERNAVACA, Mor. (apro).-\u00a0La gobernadora de Morelos, Margarita Gonz\u00e1lez Saravia, neg\u00f3 haber recibido amenazas del crimen organizado mediante presuntos operadores del C\u00e1rtel de Sinaloa y calific\u00f3 esas versiones como \u201cdeclaraciones falsas\u201d; adem\u00e1s, asegur\u00f3 que su administraci\u00f3n mantiene una estrategia coordinada con fuerzas federales y estatales para recuperar la paz en la regi\u00f3n oriente\u00a0del\u00a0estado. La declaraci\u00f3n [&hellip;]<\/p>\n","protected":false},"author":3,"featured_media":147116,"comment_status":"open","ping_status":"open","sticky":false,"template":"","format":"standard","meta":{"_jetpack_newsletter_access":"","_jetpack_dont_email_post_to_subs":false,"_jetpack_newsletter_tier_id":0,"_jetpack_memberships_contains_paywalled_content":false,"_jetpack_feature_clip_id":0,"_jetpack_memberships_contains_paid_content":false,"footnotes":"","jetpack_publicize_message":"","jetpack_publicize_feature_enabled":true,"jetpack_social_post_already_shared":true,"jetpack_social_options":{"image_generator_settings":{"template":"highway","default_image_id":0,"font":"","enabled":false},"version":2},"jetpack_post_was_ever_published":false},"categories":[90],"tags":[],"class_list":["post-147111","post","type-post","status-publish","format-standard","has-post-thumbnail","hentry","category-estatal","post--single"],"jetpack_publicize_connections":[],"jetpack_featured_media_url":"https:\/\/ovelanalista.com\/wp-content\/uploads\/2026\/05\/f685x385-248702_286395_5050.jpg","jetpack_sharing_enabled":true,"_links":{"self":[{"href":"https:\/\/ovelanalista.com\/index.php?rest_route=\/wp\/v2\/posts\/147111","targetHints":{"allow":["GET"]}}],"collection":[{"href":"https:\/\/ovelanalista.com\/index.php?rest_route=\/wp\/v2\/posts"}],"about":[{"href":"https:\/\/ovelanalista.com\/index.php?rest_route=\/wp\/v2\/types\/post"}],"author":[{"embeddable":true,"href":"https:\/\/ovelanalista.com\/index.php?rest_route=\/wp\/v2\/users\/3"}],"replies":[{"embeddable":true,"href":"https:\/\/ovelanalista.com\/index.php?rest_route=%2Fwp%2Fv2%2Fcomments&post=147111"}],"version-history":[{"count":1,"href":"https:\/\/ovelanalista.com\/index.php?rest_route=\/wp\/v2\/posts\/147111\/revisions"}],"predecessor-version":[{"id":147117,"href":"https:\/\/ovelanalista.com\/index.php?rest_route=\/wp\/v2\/posts\/147111\/revisions\/147117"}],"wp:featuredmedia":[{"embeddable":true,"href":"https:\/\/ovelanalista.com\/index.php?rest_route=\/wp\/v2\/media\/147116"}],"wp:attachment":[{"href":"https:\/\/ovelanalista.com\/index.php?rest_route=%2Fwp%2Fv2%2Fmedia&parent=147111"}],"wp:term":[{"taxonomy":"category","embeddable":true,"href":"https:\/\/ovelanalista.com\/index.php?rest_route=%2Fwp%2Fv2%2Fcategories&post=147111"},{"taxonomy":"post_tag","embeddable":true,"href":"https:\/\/ovelanalista.com\/index.php?rest_route=%2Fwp%2Fv2%2Ftags&post=147111"}],"curies":[{"name":"wp","href":"https:\/\/api.w.org\/{rel}","templated":true}]}}