{"id":147122,"date":"2026-05-26T12:30:44","date_gmt":"2026-05-26T19:30:44","guid":{"rendered":"https:\/\/ovelanalista.com\/?p=147122"},"modified":"2026-05-26T12:00:08","modified_gmt":"2026-05-26T19:00:08","slug":"vinculan-a-proceso-a-regidor-de-ahome-sinaloa-enfrentara-juicio-por-violencia-familiar-en-libertad","status":"publish","type":"post","link":"https:\/\/ovelanalista.com\/?p=147122","title":{"rendered":"Vinculan a proceso a regidor de Ahome, Sinaloa; enfrentar\u00e1 juicio por violencia familiar en libertad"},"content":{"rendered":"<div class=\"encabezado ml-2.5 mr-2.5\">\n<article class=\"sticky-carlos\">\n<section class=\"story__header\">\n<p class=\"summary\"><strong>Un juez impuso medidas cautelares a Jos\u00e9 Trinidad \u201cN\u201d, acusado de violencia f\u00edsica y psicol\u00f3gica contra su expareja durante cinco a\u00f1os de matrimonio.<\/strong><\/p>\n<p><strong>Javier Cabrera Mart\u00ednez<\/strong><\/p>\n<p class=\"sc__font-paragraph\">Culiac\u00e1n. &#8211; Un Juez de control\u00a0<b>vincul\u00f3 a proceso\u00a0<\/b>al regidor del municipio de Ahome,\u00a0<b>Jos\u00e9 Trinidad<\/b>, por el<b>\u00a0<\/b><a title=\"https:\/\/www.eluniversal.com.mx\/estados\/vinculan-a-proceso-a-padre-e-hijo-por-violencia-familiar-en-aguascalientes-habrian-amenazado-y-privado-de-la-libertad-a-adulto-mayor\/\" href=\"https:\/\/www.eluniversal.com.mx\/estados\/vinculan-a-proceso-a-padre-e-hijo-por-violencia-familiar-en-aguascalientes-habrian-amenazado-y-privado-de-la-libertad-a-adulto-mayor\/\" target=\"_self\" rel=\"\" data-mrf-link=\"https:\/\/www.eluniversal.com.mx\/estados\/vinculan-a-proceso-a-padre-e-hijo-por-violencia-familiar-en-aguascalientes-habrian-amenazado-y-privado-de-la-libertad-a-adulto-mayor\/\"><b>delito de violencia familiar<\/b><\/a>, este llevar\u00e1 en libertad el juicio pero le impuso como medidas cautelares que no podr\u00e1 acercarse a su expareja, ni salir de la localidad donde reside y presentarse en forma peri\u00f3dica ante el juzgador.<\/p>\n<p class=\"sc__font-paragraph\">El imputado que forma parte del grupo de regidores de Morena en el cabildo de Ahome. El pasado mes de junio del 2025, su<b>\u00a0pareja sentimental Valeria \u201cN\u201d<\/b>\u00a0lo denunci\u00f3 ante el ministerio p\u00fablico por\u00a0<b>violencia f\u00edsica y psicol\u00f3gica<\/b>\u00a0durante los cinco a\u00f1os en los que estuvieron casados.<\/p>\n<p class=\"sc__font-paragraph\">Culiac\u00e1n. &#8211; Un Juez de control\u00a0<b>vincul\u00f3 a proceso\u00a0<\/b>al regidor del municipio de Ahome,\u00a0<b>Jos\u00e9 Trinidad<\/b>, por el<b>\u00a0<\/b><a title=\"https:\/\/www.eluniversal.com.mx\/estados\/vinculan-a-proceso-a-padre-e-hijo-por-violencia-familiar-en-aguascalientes-habrian-amenazado-y-privado-de-la-libertad-a-adulto-mayor\/\" href=\"https:\/\/www.eluniversal.com.mx\/estados\/vinculan-a-proceso-a-padre-e-hijo-por-violencia-familiar-en-aguascalientes-habrian-amenazado-y-privado-de-la-libertad-a-adulto-mayor\/\" target=\"_self\" rel=\"\" data-mrf-link=\"https:\/\/www.eluniversal.com.mx\/estados\/vinculan-a-proceso-a-padre-e-hijo-por-violencia-familiar-en-aguascalientes-habrian-amenazado-y-privado-de-la-libertad-a-adulto-mayor\/\"><b>delito de violencia familiar<\/b><\/a>, este llevar\u00e1 en libertad el juicio pero le impuso como medidas cautelares que no podr\u00e1 acercarse a su expareja, ni salir de la localidad donde reside y presentarse en forma peri\u00f3dica ante el juzgador.<\/p>\n<p class=\"sc__font-paragraph\">El imputado que forma parte del grupo de regidores de Morena en el cabildo de Ahome. El pasado mes de junio del 2025, su<b>\u00a0pareja sentimental Valeria \u201cN\u201d<\/b>\u00a0lo denunci\u00f3 ante el ministerio p\u00fablico por\u00a0<b>violencia f\u00edsica y psicol\u00f3gica<\/b> durante los cinco a\u00f1os en los que estuvieron casados.<\/p>\n<p class=\"sc__font-paragraph\">Durante la audiencia celebrada en la Sede Regional de Justicia Penal Acusatoria y Oral Zona Norte, se le vincul\u00f3 a proceso a Jos\u00e9 Trinidad \u201cN\u201d por violencia familiar, pero gozar\u00e1 el beneficio de llevar el libertad el juicio.<\/p>\n<p class=\"sc__font-paragraph\">La familia de la expareja pidieron que este sea destituido del<b>\u00a0cargo p\u00fablico<\/b>\u00a0que ejerce actualmente por considerar que son graves las imputaciones que pesan en su contra y este no puede seguir ejerciendo.<\/p>\n<p class=\"sc__font-paragraph\">Se le notific\u00f3 al imputado que tendr\u00e1 que acatar las medidas cautelares que se le imponen para llevar el<b>\u00a0juicio en libertad<\/b>, en caso de violarlas, ser\u00e1 detenido y enviado a reclusi\u00f3n preventiva oficiosa.<\/p>\n<p class=\"sc__font-paragraph\">Jos\u00e9 Trinidad no podr\u00e1 salir sin autorizaci\u00f3n previa de la localidad en la cual reside o del pa\u00eds, tiene prohibido asistir a reuniones donde se encuentre la afectada, ni acercarse o intentar tener conversaci\u00f3n con ella.<\/p>\n<p>Con informaci\u00f3n de El Universal<\/p>\n<\/section>\n<\/article>\n<\/div>\n","protected":false},"excerpt":{"rendered":"<p>Un juez impuso medidas cautelares a Jos\u00e9 Trinidad \u201cN\u201d, acusado de violencia f\u00edsica y psicol\u00f3gica contra su expareja durante cinco a\u00f1os de matrimonio. Javier Cabrera Mart\u00ednez Culiac\u00e1n. &#8211; Un Juez de control\u00a0vincul\u00f3 a proceso\u00a0al regidor del municipio de Ahome,\u00a0Jos\u00e9 Trinidad, por el\u00a0delito de violencia familiar, este llevar\u00e1 en libertad el juicio pero le impuso como medidas cautelares que no podr\u00e1 acercarse a su expareja, ni salir de la localidad donde reside y presentarse en forma peri\u00f3dica ante el juzgador. El imputado que forma parte del grupo de regidores de Morena en el cabildo de Ahome. El pasado mes de junio [&hellip;]<\/p>\n","protected":false},"author":3,"featured_media":102500,"comment_status":"open","ping_status":"open","sticky":false,"template":"","format":"standard","meta":{"_jetpack_newsletter_access":"","_jetpack_dont_email_post_to_subs":false,"_jetpack_newsletter_tier_id":0,"_jetpack_memberships_contains_paywalled_content":false,"_jetpack_feature_clip_id":0,"_jetpack_memberships_contains_paid_content":false,"footnotes":"","jetpack_publicize_message":"","jetpack_publicize_feature_enabled":true,"jetpack_social_post_already_shared":true,"jetpack_social_options":{"image_generator_settings":{"template":"highway","default_image_id":0,"font":"","enabled":false},"version":2},"jetpack_post_was_ever_published":false},"categories":[90],"tags":[],"class_list":["post-147122","post","type-post","status-publish","format-standard","has-post-thumbnail","hentry","category-estatal","post--single"],"jetpack_publicize_connections":[],"jetpack_featured_media_url":"https:\/\/ovelanalista.com\/wp-content\/uploads\/2024\/08\/juez-juzgado-sentencia-mazo.webp","jetpack_sharing_enabled":true,"_links":{"self":[{"href":"https:\/\/ovelanalista.com\/index.php?rest_route=\/wp\/v2\/posts\/147122","targetHints":{"allow":["GET"]}}],"collection":[{"href":"https:\/\/ovelanalista.com\/index.php?rest_route=\/wp\/v2\/posts"}],"about":[{"href":"https:\/\/ovelanalista.com\/index.php?rest_route=\/wp\/v2\/types\/post"}],"author":[{"embeddable":true,"href":"https:\/\/ovelanalista.com\/index.php?rest_route=\/wp\/v2\/users\/3"}],"replies":[{"embeddable":true,"href":"https:\/\/ovelanalista.com\/index.php?rest_route=%2Fwp%2Fv2%2Fcomments&post=147122"}],"version-history":[{"count":1,"href":"https:\/\/ovelanalista.com\/index.php?rest_route=\/wp\/v2\/posts\/147122\/revisions"}],"predecessor-version":[{"id":147127,"href":"https:\/\/ovelanalista.com\/index.php?rest_route=\/wp\/v2\/posts\/147122\/revisions\/147127"}],"wp:featuredmedia":[{"embeddable":true,"href":"https:\/\/ovelanalista.com\/index.php?rest_route=\/wp\/v2\/media\/102500"}],"wp:attachment":[{"href":"https:\/\/ovelanalista.com\/index.php?rest_route=%2Fwp%2Fv2%2Fmedia&parent=147122"}],"wp:term":[{"taxonomy":"category","embeddable":true,"href":"https:\/\/ovelanalista.com\/index.php?rest_route=%2Fwp%2Fv2%2Fcategories&post=147122"},{"taxonomy":"post_tag","embeddable":true,"href":"https:\/\/ovelanalista.com\/index.php?rest_route=%2Fwp%2Fv2%2Ftags&post=147122"}],"curies":[{"name":"wp","href":"https:\/\/api.w.org\/{rel}","templated":true}]}}