{"id":147124,"date":"2026-05-26T13:30:21","date_gmt":"2026-05-26T20:30:21","guid":{"rendered":"https:\/\/ovelanalista.com\/?p=147124"},"modified":"2026-05-26T12:05:39","modified_gmt":"2026-05-26T19:05:39","slug":"gobernadora-de-morelos-niega-haber-recibido-amenazas-del-cartel-de-sinaloa","status":"publish","type":"post","link":"https:\/\/ovelanalista.com\/?p=147124","title":{"rendered":"Gobernadora de Morelos niega haber recibido amenazas del C\u00e1rtel de Sinaloa"},"content":{"rendered":"<p>&#8216;Es una declaraci\u00f3n falsa que ya aclaramos por parte de un peri\u00f3dico nacional. Ya mandamos la aclaraci\u00f3n&#8217;, dijo la mandataria.<\/p>\n<div class=\"row d-flex justify-content-center align-items-center\">\n<div class=\"col-5\">\n<address>\n<div>\n<p>Por Estrella Pedroza<\/p>\n<\/div>\n<div>\n<p>La gobernadora de Morelos,\u00a0<strong>Margarita Gonz\u00e1lez Saravia,<\/strong>\u00a0rechaz\u00f3 haber recibido amenazas atribuidas a\u00a0<strong>presuntos operadores del C\u00e1rtel de Sinaloa<\/strong>\u00a0y calific\u00f3 esos se\u00f1alamientos como \u201cdeclaraciones falsas\u201d, durante una visita a Cuautla, donde encabez\u00f3 actividades de la Mesa de Coordinaci\u00f3n para la Construcci\u00f3n de la Paz en el estado.<\/p>\n<\/div>\n<div>\n<p>La mandataria sostuvo que la estrategia de seguridad en la entidad se mantiene<strong>\u00a0bajo coordinaci\u00f3n entre autoridades estatales y federales,<\/strong> y que la prioridad es reforzar acciones para la contenci\u00f3n de la violencia en la regi\u00f3n oriente de Morelos.<\/p>\n<div>\n<p>La declaraci\u00f3n se dio tras ser cuestionada por informaci\u00f3n difundida en un medio de circulaci\u00f3n nacional, en la que se se\u00f1alaba presuntas amenazas en su contra a trav\u00e9s de supuestos intermediarios vinculados a la regi\u00f3n oriente, y en la que\u00a0<strong>se mencionaba a J\u00fapiter Araujo, alias \u201cEl Barbas\u201d,<\/strong>\u00a0como presunto operador relacionado con el C\u00e1rtel de Sinaloa.<\/p>\n<\/div>\n<div>\n<p>Ante ello, la mandataria reiter\u00f3 que su administraci\u00f3n ya realiz\u00f3 las aclaraciones correspondientes y<strong> descart\u00f3 la veracidad de dichos se\u00f1alamientos.<\/strong><\/p>\n<\/div>\n<div>\n<p><a><img loading=\"lazy\" decoding=\"async\" class=\"size-full wp-image-1535408 aligncenter\" src=\"https:\/\/editorial.aristeguinoticias.com\/wp-content\/uploads\/2026\/05\/gobernadora-morelos-1-26052026.jpg\" sizes=\"auto, (max-width: 700px) 100vw, 700px\" srcset=\"https:\/\/editorial.aristeguinoticias.com\/wp-content\/uploads\/2026\/05\/gobernadora-morelos-1-26052026.jpg 700w, https:\/\/editorial.aristeguinoticias.com\/wp-content\/uploads\/2026\/05\/gobernadora-morelos-1-26052026-250x163.jpg 250w, https:\/\/editorial.aristeguinoticias.com\/wp-content\/uploads\/2026\/05\/gobernadora-morelos-1-26052026-628x409.jpg 628w, https:\/\/editorial.aristeguinoticias.com\/wp-content\/uploads\/2026\/05\/gobernadora-morelos-1-26052026-298x194.jpg 298w, https:\/\/editorial.aristeguinoticias.com\/wp-content\/uploads\/2026\/05\/gobernadora-morelos-1-26052026-295x192.jpg 295w, https:\/\/editorial.aristeguinoticias.com\/wp-content\/uploads\/2026\/05\/gobernadora-morelos-1-26052026-205x134.jpg 205w, https:\/\/editorial.aristeguinoticias.com\/wp-content\/uploads\/2026\/05\/gobernadora-morelos-1-26052026-120x78.jpg 120w\" alt=\"\" width=\"700\" height=\"456\" \/><\/a><\/p>\n<div>\n<p>\u201cEs una\u00a0<strong>declaraci\u00f3n falsa que ya aclaramos<\/strong>\u00a0por parte de un peri\u00f3dico nacional. Ya mandamos la aclaraci\u00f3n, ya la sacamos el d\u00eda de hoy y es una falsedad\u201d, expres\u00f3.<\/p>\n<\/div>\n<div>\n<p>La visita a Cuautla ocurri\u00f3 en medio del reacomodo pol\u00edtico y administrativo del municipio, donde se mantiene la disputa sobre la conducci\u00f3n del gobierno local tras la situaci\u00f3n jur\u00eddica del\u00a0<strong>alcalde Jes\u00fas Corona Dami\u00e1n, quien permanece pr\u00f3fugo<\/strong>\u00a0y es investigado por presuntos v\u00ednculos con la delincuencia organizada y extorsi\u00f3n.<\/p>\n<\/div>\n<div>\n<p>Ante su ausencia, la s\u00edndica municipal\u00a0<strong>Nancy Echeverr\u00eda asumi\u00f3 funciones como presidenta municipal<\/strong>\u00a0de manera temporal, luego de que el Cabildo aprob\u00f3 el relevo por un periodo de 90 d\u00edas en una sesi\u00f3n marcada por posturas encontradas.<\/p>\n<\/div>\n<div class=\"sm-it-main-container\" data-it=\"de9e3629-8f92-45d3-92c8-15b846474c01\" data-device=\"desktop\" data-index=\"0\">\n<div>\n<p>El proceso ha generado tensiones internas, particularmente por la posici\u00f3n del suplente registrado ante el Instituto Morelense de Procesos Electorales y Participaci\u00f3n Ciudadana (Impepac),\u00a0<strong>Salvador Molina Mart\u00ednez,<\/strong> quien encabeza el Comit\u00e9 de Planeaci\u00f3n para el Desarrollo Municipal (Coplademun) y ha sido respaldado por grupos que exigen su incorporaci\u00f3n al cargo.<\/p>\n<\/div>\n<div>\n<p><a><img loading=\"lazy\" decoding=\"async\" class=\"size-large wp-image-1340712 aligncenter\" src=\"https:\/\/editorial.aristeguinoticias.com\/wp-content\/uploads\/2023\/11\/margarita-gonzalez-saravia-candidata-morena-morelos-exdirectora-loteria-nacional-victor-mercado-10112023-700x438.jpg\" sizes=\"auto, (max-width: 700px) 100vw, 700px\" srcset=\"https:\/\/editorial.aristeguinoticias.com\/wp-content\/uploads\/2023\/11\/margarita-gonzalez-saravia-candidata-morena-morelos-exdirectora-loteria-nacional-victor-mercado-10112023-700x438.jpg 700w, https:\/\/editorial.aristeguinoticias.com\/wp-content\/uploads\/2023\/11\/margarita-gonzalez-saravia-candidata-morena-morelos-exdirectora-loteria-nacional-victor-mercado-10112023-250x156.jpg 250w, https:\/\/editorial.aristeguinoticias.com\/wp-content\/uploads\/2023\/11\/margarita-gonzalez-saravia-candidata-morena-morelos-exdirectora-loteria-nacional-victor-mercado-10112023-768x480.jpg 768w, https:\/\/editorial.aristeguinoticias.com\/wp-content\/uploads\/2023\/11\/margarita-gonzalez-saravia-candidata-morena-morelos-exdirectora-loteria-nacional-victor-mercado-10112023-628x393.jpg 628w, https:\/\/editorial.aristeguinoticias.com\/wp-content\/uploads\/2023\/11\/margarita-gonzalez-saravia-candidata-morena-morelos-exdirectora-loteria-nacional-victor-mercado-10112023-298x186.jpg 298w, https:\/\/editorial.aristeguinoticias.com\/wp-content\/uploads\/2023\/11\/margarita-gonzalez-saravia-candidata-morena-morelos-exdirectora-loteria-nacional-victor-mercado-10112023-295x184.jpg 295w, https:\/\/editorial.aristeguinoticias.com\/wp-content\/uploads\/2023\/11\/margarita-gonzalez-saravia-candidata-morena-morelos-exdirectora-loteria-nacional-victor-mercado-10112023-205x128.jpg 205w, https:\/\/editorial.aristeguinoticias.com\/wp-content\/uploads\/2023\/11\/margarita-gonzalez-saravia-candidata-morena-morelos-exdirectora-loteria-nacional-victor-mercado-10112023-720x450.jpg 720w, https:\/\/editorial.aristeguinoticias.com\/wp-content\/uploads\/2023\/11\/margarita-gonzalez-saravia-candidata-morena-morelos-exdirectora-loteria-nacional-victor-mercado-10112023-333x208.jpg 333w, https:\/\/editorial.aristeguinoticias.com\/wp-content\/uploads\/2023\/11\/margarita-gonzalez-saravia-candidata-morena-morelos-exdirectora-loteria-nacional-victor-mercado-10112023-120x75.jpg 120w, https:\/\/editorial.aristeguinoticias.com\/wp-content\/uploads\/2023\/11\/margarita-gonzalez-saravia-candidata-morena-morelos-exdirectora-loteria-nacional-victor-mercado-10112023.jpg 1200w\" alt=\"\" width=\"700\" height=\"438\" \/><\/a><\/p>\n<\/div>\n<div>\n<p>En paralelo, la regidora del Partido Verde Ecologista de M\u00e9xico,\u00a0<strong>Anita S\u00e1nchez Guerra,<\/strong>\u00a0ha manifestado inter\u00e9s en participar en la conducci\u00f3n del gobierno municipal en el contexto de la reconfiguraci\u00f3n administrativa.<\/p>\n<\/div>\n<div class=\"box_d\">\n<div>\n<div class=\"adspot\">\n<div id=\"div-gpt-ad-ddnotamexicoZA_box_d\" data-google-query-id=\"CJqG5NbS15QDFbMSRAgdPUkXTg\">\n<div>\n<p>La gobernadora sostuvo que el gobierno estatal dar\u00e1 seguimiento a los procedimientos legales establecidos para la\u00a0<strong>sustituci\u00f3n de autoridades municipales<\/strong>\u00a0y mantendr\u00e1 coordinaci\u00f3n con instancias federales para garantizar la gobernabilidad en el municipio.<\/p>\n<\/div>\n<div>\n<p>Finalmente, se\u00f1al\u00f3 que la estrategia de seguridad en la regi\u00f3n oriente\u00a0<strong>se mantiene en coordinaci\u00f3n con la Secretar\u00eda de Gobernaci\u00f3n<\/strong>, con acciones enfocadas en territorio y atenci\u00f3n a zonas de mayor incidencia delictiva.<\/p>\n<p>Con informaci\u00f3n de Aristegui Noticias<\/p>\n<\/div>\n<\/div>\n<\/div>\n<\/div>\n<\/div>\n<\/div>\n<\/div>\n<\/div>\n<\/address>\n<\/div>\n<\/div>\n","protected":false},"excerpt":{"rendered":"<p>&#8216;Es una declaraci\u00f3n falsa que ya aclaramos por parte de un peri\u00f3dico nacional. Ya mandamos la aclaraci\u00f3n&#8217;, dijo la mandataria. Por Estrella Pedroza La gobernadora de Morelos,\u00a0Margarita Gonz\u00e1lez Saravia,\u00a0rechaz\u00f3 haber recibido amenazas atribuidas a\u00a0presuntos operadores del C\u00e1rtel de Sinaloa\u00a0y calific\u00f3 esos se\u00f1alamientos como \u201cdeclaraciones falsas\u201d, durante una visita a Cuautla, donde encabez\u00f3 actividades de la Mesa de Coordinaci\u00f3n para la Construcci\u00f3n de la Paz en el estado. La mandataria sostuvo que la estrategia de seguridad en la entidad se mantiene\u00a0bajo coordinaci\u00f3n entre autoridades estatales y federales, y que la prioridad es reforzar acciones para la contenci\u00f3n de la violencia en [&hellip;]<\/p>\n","protected":false},"author":3,"featured_media":147130,"comment_status":"open","ping_status":"open","sticky":false,"template":"","format":"standard","meta":{"_jetpack_newsletter_access":"","_jetpack_dont_email_post_to_subs":false,"_jetpack_newsletter_tier_id":0,"_jetpack_memberships_contains_paywalled_content":false,"_jetpack_feature_clip_id":0,"_jetpack_memberships_contains_paid_content":false,"footnotes":"","jetpack_publicize_message":"","jetpack_publicize_feature_enabled":true,"jetpack_social_post_already_shared":true,"jetpack_social_options":{"image_generator_settings":{"template":"highway","default_image_id":0,"font":"","enabled":false},"version":2},"jetpack_post_was_ever_published":false},"categories":[90,72],"tags":[],"class_list":["post-147124","post","type-post","status-publish","format-standard","has-post-thumbnail","hentry","category-estatal","category-portada","post--single"],"jetpack_publicize_connections":[],"jetpack_featured_media_url":"https:\/\/ovelanalista.com\/wp-content\/uploads\/2026\/05\/margarita-gonzalez-morelos-cuartoscuro-26052026.jpg","jetpack_sharing_enabled":true,"_links":{"self":[{"href":"https:\/\/ovelanalista.com\/index.php?rest_route=\/wp\/v2\/posts\/147124","targetHints":{"allow":["GET"]}}],"collection":[{"href":"https:\/\/ovelanalista.com\/index.php?rest_route=\/wp\/v2\/posts"}],"about":[{"href":"https:\/\/ovelanalista.com\/index.php?rest_route=\/wp\/v2\/types\/post"}],"author":[{"embeddable":true,"href":"https:\/\/ovelanalista.com\/index.php?rest_route=\/wp\/v2\/users\/3"}],"replies":[{"embeddable":true,"href":"https:\/\/ovelanalista.com\/index.php?rest_route=%2Fwp%2Fv2%2Fcomments&post=147124"}],"version-history":[{"count":1,"href":"https:\/\/ovelanalista.com\/index.php?rest_route=\/wp\/v2\/posts\/147124\/revisions"}],"predecessor-version":[{"id":147131,"href":"https:\/\/ovelanalista.com\/index.php?rest_route=\/wp\/v2\/posts\/147124\/revisions\/147131"}],"wp:featuredmedia":[{"embeddable":true,"href":"https:\/\/ovelanalista.com\/index.php?rest_route=\/wp\/v2\/media\/147130"}],"wp:attachment":[{"href":"https:\/\/ovelanalista.com\/index.php?rest_route=%2Fwp%2Fv2%2Fmedia&parent=147124"}],"wp:term":[{"taxonomy":"category","embeddable":true,"href":"https:\/\/ovelanalista.com\/index.php?rest_route=%2Fwp%2Fv2%2Fcategories&post=147124"},{"taxonomy":"post_tag","embeddable":true,"href":"https:\/\/ovelanalista.com\/index.php?rest_route=%2Fwp%2Fv2%2Ftags&post=147124"}],"curies":[{"name":"wp","href":"https:\/\/api.w.org\/{rel}","templated":true}]}}