{"id":147125,"date":"2026-05-26T14:00:39","date_gmt":"2026-05-26T21:00:39","guid":{"rendered":"https:\/\/ovelanalista.com\/?p=147125"},"modified":"2026-06-30T15:47:39","modified_gmt":"2026-06-30T22:47:39","slug":"unipol-arranca-formacion-de-158-nuevos-policias-para-reforzar-seguridad-en-sinaloa","status":"publish","type":"post","link":"https:\/\/ovelanalista.com\/?p=147125","title":{"rendered":"Unipol arranca formaci\u00f3n de 158 nuevos polic\u00edas para reforzar seguridad en Sinaloa"},"content":{"rendered":"<h4 class=\"wp-block-heading\"><em>La nueva generaci\u00f3n est\u00e1 integrada por 70 mujeres y 88 hombres que ser\u00e1n capacitados para corporaciones estatales y municipales.<\/em><\/h4>\n<hr class=\"wp-block-separator has-alpha-channel-opacity\" \/>\n<p>&nbsp;<\/p>\n<p><strong>Culiac\u00e1n, Sinaloa, 26 de Mayo 2026 .\u2013<\/strong>\u00a0La\u00a0<strong>Universidad de la Polic\u00eda del Estado de Sinaloa<\/strong>\u00a0inici\u00f3 la formaci\u00f3n de 158 nuevos elementos de seguridad p\u00fablica que se integrar\u00e1n a corporaciones estatales y municipales de distintos municipios de la entidad, como parte de la primera generaci\u00f3n de 2026.<\/p>\n<p>El grupo est\u00e1 conformado por\u00a0<strong>70 mujeres<\/strong>\u00a0y\u00a0<strong>88 hombres<\/strong>, quienes cursar\u00e1n la\u00a0<strong>Formaci\u00f3n Inicial<\/strong>\u00a0en los perfiles de\u00a0<strong>Polic\u00eda de Proximidad Estatal<\/strong>\u00a0y\u00a0<strong>Polic\u00eda de Proximidad Municipal<\/strong>. Los aspirantes brindar\u00e1n servicio en municipios como\u00a0<strong>Ahome<\/strong>,\u00a0<strong>Culiac\u00e1n<\/strong>,\u00a0<strong>Mazatl\u00e1n<\/strong>,\u00a0<strong>Navolato<\/strong>,\u00a0<strong>Guasave<\/strong>\u00a0y\u00a0<strong>El Fuerte<\/strong>, entre otros.<\/p>\n<p>El rector de la Unipol,\u00a0<strong>Jos\u00e9 Carlos \u00c1lvarez Ortega<\/strong>, llam\u00f3 a las y los cadetes a asumir su preparaci\u00f3n con disciplina, responsabilidad y compromiso, al se\u00f1alar que su desempe\u00f1o impactar\u00e1 directamente en la seguridad de las familias sinaloenses.<\/p>\n<blockquote class=\"wp-block-quote is-layout-flow wp-block-quote-is-layout-flow\">\n<h2 class=\"wp-block-heading\"><em>\u201cLa Universidad de la Polic\u00eda del Estado de Sinaloa ser\u00e1 el espacio donde ustedes fortalecer\u00e1n su formaci\u00f3n acad\u00e9mica y profesional. Aqu\u00ed adquirir\u00e1n los conocimientos, habilidades, valores y principios que forjar\u00e1n su car\u00e1cter como personas responsables de salvaguardar la seguridad, el orden y la justicia\u201d<\/em>, expres\u00f3.<\/h2>\n<\/blockquote>\n<p>\u00c1lvarez Ortega destac\u00f3 que la instituci\u00f3n reforzar\u00e1 la preparaci\u00f3n t\u00e9cnica y humana de las y los futuros polic\u00edas para enfrentar los retos de la funci\u00f3n policial con apego a la ley y respeto a los\u00a0<strong>derechos humanos<\/strong>. A\u00f1adi\u00f3 que el gobierno estatal mantiene coordinaci\u00f3n con los tres \u00f3rdenes de gobierno para fortalecer las estrategias de seguridad en Sinaloa.<\/p>\n<p><strong>Con informaci\u00f3n de ADN Informativo<\/strong><\/p>\n","protected":false},"excerpt":{"rendered":"<p>La nueva generaci\u00f3n est\u00e1 integrada por 70 mujeres y 88 hombres que ser\u00e1n capacitados para corporaciones estatales y municipales. &nbsp; Culiac\u00e1n, Sinaloa, 26 de Mayo 2026 .\u2013\u00a0La\u00a0Universidad de la Polic\u00eda del Estado de Sinaloa\u00a0inici\u00f3 la formaci\u00f3n de 158 nuevos elementos de seguridad p\u00fablica que se integrar\u00e1n a corporaciones estatales y municipales de distintos municipios de la entidad, como parte de la primera generaci\u00f3n de 2026. El grupo est\u00e1 conformado por\u00a070 mujeres\u00a0y\u00a088 hombres, quienes cursar\u00e1n la\u00a0Formaci\u00f3n Inicial\u00a0en los perfiles de\u00a0Polic\u00eda de Proximidad Estatal\u00a0y\u00a0Polic\u00eda de Proximidad Municipal. Los aspirantes brindar\u00e1n servicio en municipios como\u00a0Ahome,\u00a0Culiac\u00e1n,\u00a0Mazatl\u00e1n,\u00a0Navolato,\u00a0Guasave\u00a0y\u00a0El Fuerte, entre otros. El rector de la Unipol,\u00a0Jos\u00e9 [&hellip;]<\/p>\n","protected":false},"author":3,"featured_media":147132,"comment_status":"open","ping_status":"open","sticky":false,"template":"","format":"standard","meta":{"_jetpack_newsletter_access":"","_jetpack_dont_email_post_to_subs":false,"_jetpack_newsletter_tier_id":0,"_jetpack_memberships_contains_paywalled_content":false,"_jetpack_feature_clip_id":0,"_jetpack_memberships_contains_paid_content":false,"footnotes":"","jetpack_publicize_message":"","jetpack_publicize_feature_enabled":true,"jetpack_social_post_already_shared":true,"jetpack_social_options":{"image_generator_settings":{"template":"highway","default_image_id":0,"font":"","enabled":false},"version":2},"jetpack_post_was_ever_published":false},"categories":[90],"tags":[],"class_list":["post-147125","post","type-post","status-publish","format-standard","has-post-thumbnail","hentry","category-estatal","post--single"],"jetpack_publicize_connections":[],"jetpack_featured_media_url":"https:\/\/ovelanalista.com\/wp-content\/uploads\/2026\/05\/WhatsApp-Image-2026-05-26-at-9.27.48-AM-e1779813609398-780x470-1.jpeg","jetpack_sharing_enabled":true,"_links":{"self":[{"href":"https:\/\/ovelanalista.com\/index.php?rest_route=\/wp\/v2\/posts\/147125","targetHints":{"allow":["GET"]}}],"collection":[{"href":"https:\/\/ovelanalista.com\/index.php?rest_route=\/wp\/v2\/posts"}],"about":[{"href":"https:\/\/ovelanalista.com\/index.php?rest_route=\/wp\/v2\/types\/post"}],"author":[{"embeddable":true,"href":"https:\/\/ovelanalista.com\/index.php?rest_route=\/wp\/v2\/users\/3"}],"replies":[{"embeddable":true,"href":"https:\/\/ovelanalista.com\/index.php?rest_route=%2Fwp%2Fv2%2Fcomments&post=147125"}],"version-history":[{"count":3,"href":"https:\/\/ovelanalista.com\/index.php?rest_route=\/wp\/v2\/posts\/147125\/revisions"}],"predecessor-version":[{"id":148931,"href":"https:\/\/ovelanalista.com\/index.php?rest_route=\/wp\/v2\/posts\/147125\/revisions\/148931"}],"wp:featuredmedia":[{"embeddable":true,"href":"https:\/\/ovelanalista.com\/index.php?rest_route=\/wp\/v2\/media\/147132"}],"wp:attachment":[{"href":"https:\/\/ovelanalista.com\/index.php?rest_route=%2Fwp%2Fv2%2Fmedia&parent=147125"}],"wp:term":[{"taxonomy":"category","embeddable":true,"href":"https:\/\/ovelanalista.com\/index.php?rest_route=%2Fwp%2Fv2%2Fcategories&post=147125"},{"taxonomy":"post_tag","embeddable":true,"href":"https:\/\/ovelanalista.com\/index.php?rest_route=%2Fwp%2Fv2%2Ftags&post=147125"}],"curies":[{"name":"wp","href":"https:\/\/api.w.org\/{rel}","templated":true}]}}