{"id":147126,"date":"2026-05-26T14:30:57","date_gmt":"2026-05-26T21:30:57","guid":{"rendered":"https:\/\/ovelanalista.com\/?p=147126"},"modified":"2026-05-26T12:09:11","modified_gmt":"2026-05-26T19:09:11","slug":"la-otra-tragedia-de-sinaloa-feminicidios-crecen-de-forma-imparable","status":"publish","type":"post","link":"https:\/\/ovelanalista.com\/?p=147126","title":{"rendered":"La otra tragedia de Sinaloa: feminicidios crecen de forma imparable"},"content":{"rendered":"<p class=\"abstract\"><strong>Sinaloa ocupa un lugar alarmante en cuanto a feminicidios: el 13.0% de todo el pa\u00eds de enero a abril de 2026. La situaci\u00f3n en lugar de mejorar ha empeorado en los \u00faltimos d\u00edas.<\/strong><\/p>\n<div class=\"d-flex flex-row justify-content-start align-items-center flex-sm-row justify-content-sm-start align-items-sm-center\">\n<div><\/div>\n<div class=\"photo-author-head me-2\">\n<div class=\"aspect aspect-4-4\">\n<p>Ataque armado en pleno centro de Culiac\u00e1n dej\u00f3 como saldo cuatro mujeres ejecutadas en las inmediaciones del mercadito sobre la calle Miguel Hidalgo, en abril pasado. FOTO: JOS\u00c9 BETANZOS Z\u00c1RATE\/CUARTOSCURO.COM.<\/p>\n<p><a href=\"https:\/\/emeequis.com\/\"><strong>EMEEQUIS<\/strong><\/a><strong>.\u2013\u00a0<\/strong>La emergencia por casos de violencia de g\u00e9nero no ha parado en M\u00e9xico y el lugar con mayor cantidad de casos es Sinaloa, epicentro de la guerra<em>\u00a0<\/em>entre La Mayiza y Los Chapitos que inici\u00f3 tras la captura de \u201cEl Mayo\u201d Zambada.<\/p>\n<p>As\u00ed lo muestran las cifras analizadas por\u00a0<strong>EMEEQUIS<\/strong>, obtenidas de la Secretar\u00eda de Seguridad y Protecci\u00f3n Ciudadana, a trav\u00e9s del Secretariado Ejecutivo del Sistema Nacional de Seguridad P\u00fablica. Sinaloa ocupa un lugar alarmante en cuanto a feminicidios: el 13.0% de todo el pa\u00eds de enero a abril de 2026, con un total de 27 casos.<\/p>\n<p>Incluso tras la licencia como gobernador de Rub\u00e9n Rocha Moya y el arribo de Yeraldine Bonilla la situaci\u00f3n tiende a empeorar en lugar de mejorar, con varios feminicidios en los \u00faltimos d\u00edas.<\/p>\n<p>La cantidad de feminicidios est\u00e1 por delante de Chiapas, Estado de M\u00e9xico y la Ciudad de M\u00e9xico, a los cuales supera casi por el doble de casos, como lo muestra la siguiente tabla:<\/p>\n<figure class=\"wp-block-image size-full\"><img loading=\"lazy\" decoding=\"async\" class=\"wp-image-62913 entered lazyloaded\" src=\"https:\/\/emeequis.com\/wp-content\/uploads\/2026\/05\/image-76.png\" sizes=\"auto, (max-width: 1189px) 100vw, 1189px\" srcset=\"https:\/\/emeequis.com\/wp-content\/uploads\/2026\/05\/image-76.png 1189w, https:\/\/emeequis.com\/wp-content\/uploads\/2026\/05\/image-76-768x430.png 768w, https:\/\/emeequis.com\/wp-content\/uploads\/2026\/05\/image-76-700x392.png 700w, https:\/\/emeequis.com\/wp-content\/uploads\/2026\/05\/image-76-350x196.png 350w, https:\/\/emeequis.com\/wp-content\/uploads\/2026\/05\/image-76-150x84.png 150w\" alt=\"\" width=\"1189\" height=\"665\" data-lazy-srcset=\"https:\/\/emeequis.com\/wp-content\/uploads\/2026\/05\/image-76.png 1189w, https:\/\/emeequis.com\/wp-content\/uploads\/2026\/05\/image-76-768x430.png 768w, https:\/\/emeequis.com\/wp-content\/uploads\/2026\/05\/image-76-700x392.png 700w, https:\/\/emeequis.com\/wp-content\/uploads\/2026\/05\/image-76-350x196.png 350w, https:\/\/emeequis.com\/wp-content\/uploads\/2026\/05\/image-76-150x84.png 150w\" data-lazy-sizes=\"(max-width: 1189px) 100vw, 1189px\" data-lazy-src=\"https:\/\/emeequis.com\/wp-content\/uploads\/2026\/05\/image-76.png\" data-ll-status=\"loaded\" \/><\/figure>\n<figure class=\"wp-block-image size-full\"><img loading=\"lazy\" decoding=\"async\" class=\"wp-image-62914 entered lazyloaded\" src=\"https:\/\/emeequis.com\/wp-content\/uploads\/2026\/05\/image-76.png\" sizes=\"auto, (max-width: 1189px) 100vw, 1189px\" srcset=\"https:\/\/emeequis.com\/wp-content\/uploads\/2026\/05\/image-76.png 1189w, https:\/\/emeequis.com\/wp-content\/uploads\/2026\/05\/image-76-768x430.png 768w, https:\/\/emeequis.com\/wp-content\/uploads\/2026\/05\/image-76-700x392.png 700w, https:\/\/emeequis.com\/wp-content\/uploads\/2026\/05\/image-76-350x196.png 350w, https:\/\/emeequis.com\/wp-content\/uploads\/2026\/05\/image-76-150x84.png 150w\" alt=\"\" width=\"1189\" height=\"665\" data-lazy-srcset=\"https:\/\/emeequis.com\/wp-content\/uploads\/2026\/05\/image-76.png 1189w, https:\/\/emeequis.com\/wp-content\/uploads\/2026\/05\/image-76-768x430.png 768w, https:\/\/emeequis.com\/wp-content\/uploads\/2026\/05\/image-76-700x392.png 700w, https:\/\/emeequis.com\/wp-content\/uploads\/2026\/05\/image-76-350x196.png 350w, https:\/\/emeequis.com\/wp-content\/uploads\/2026\/05\/image-76-150x84.png 150w\" data-lazy-sizes=\"(max-width: 1189px) 100vw, 1189px\" data-lazy-src=\"https:\/\/emeequis.com\/wp-content\/uploads\/2026\/05\/image-76.png\" data-ll-status=\"loaded\" \/><\/figure>\n<p><strong>Incluso en tasa de feminicidios por entidad, Sinaloa se pone a la cabeza, con 1.67 v\u00edctimas por cada 100 mil habitantes, por encima de nuevo de estados como Morelos, Sonora, Chihuahua y Tamaulipas.\u00a0<\/strong><\/p>\n<p>En Sinaloa, el grupo etario m\u00e1s afectado son las mujeres entre 10 y 30 a\u00f1os. El municipio con m\u00e1s n\u00famero de estos delitos es Culiac\u00e1n. En lo que va del a\u00f1o ha tenido 20 feminicidios, mientras que Reynosa, el n\u00famero dos en la lista, tuvo siete. Es decir, supera al municipio m\u00e1s cercano por m\u00e1s del doble de este tipo de cr\u00edmenes. Culiac\u00e1n tambi\u00e9n es el primer lugar en tasa de feminicidios por cada 100 mil habitantes (3.56%).<\/p>\n<p>En 2025, seg\u00fan cifras provenientes de los conteos realizados por el secretariado, Sinaloa tuvo 68 casos de feminicidios. Es un n\u00famero alarmante si se toma en cuenta que durante 2024 hubo 26 feminicidios en la entidad, es decir, se increment\u00f3 m\u00e1s del doble este tipo de cr\u00edmenes.<\/p>\n<figure class=\"wp-block-image size-full\"><img loading=\"lazy\" decoding=\"async\" class=\"wp-image-62912 entered lazyloaded\" src=\"https:\/\/emeequis.com\/wp-content\/uploads\/2026\/05\/image-75.png\" sizes=\"auto, (max-width: 1326px) 100vw, 1326px\" srcset=\"https:\/\/emeequis.com\/wp-content\/uploads\/2026\/05\/image-75.png 1326w, https:\/\/emeequis.com\/wp-content\/uploads\/2026\/05\/image-75-768x314.png 768w, https:\/\/emeequis.com\/wp-content\/uploads\/2026\/05\/image-75-700x287.png 700w, https:\/\/emeequis.com\/wp-content\/uploads\/2026\/05\/image-75-350x143.png 350w, https:\/\/emeequis.com\/wp-content\/uploads\/2026\/05\/image-75-150x61.png 150w\" alt=\"\" width=\"1326\" height=\"543\" data-lazy-srcset=\"https:\/\/emeequis.com\/wp-content\/uploads\/2026\/05\/image-75.png 1326w, https:\/\/emeequis.com\/wp-content\/uploads\/2026\/05\/image-75-768x314.png 768w, https:\/\/emeequis.com\/wp-content\/uploads\/2026\/05\/image-75-700x287.png 700w, https:\/\/emeequis.com\/wp-content\/uploads\/2026\/05\/image-75-350x143.png 350w, https:\/\/emeequis.com\/wp-content\/uploads\/2026\/05\/image-75-150x61.png 150w\" data-lazy-sizes=\"(max-width: 1326px) 100vw, 1326px\" data-lazy-src=\"https:\/\/emeequis.com\/wp-content\/uploads\/2026\/05\/image-75.png\" data-ll-status=\"loaded\" \/><\/figure>\n<p>En 2023, seg\u00fan las cifras, hubo 29 femicidios en la entidad: el n\u00famero hab\u00eda bajado, antes del inicio de la guerra entre facciones del C\u00e1rtel de Sinaloa.<\/p>\n<p>Seg\u00fan datos de la Fiscal\u00eda General del Estado de Sinaloa, la cantidad de feminicidios de 2026 asciende a 35, si se toma en cuenta los ocurridos hasta el 20 de mayo. Seg\u00fan lo recopil\u00f3 la revista\u00a0<a href=\"https:\/\/revistaespejo.com\/2026\/05\/20\/sinaloa-acumula-siete-feminicidios-en-mayo-fiscalia\/\"><em>Espejo<\/em><\/a><em>,\u00a0<\/em>la fiscal general del estado, Claudia Zulema S\u00e1nchez Kondo, dijo a los medios de comunicaci\u00f3n:<\/p>\n<p>\u201cAl d\u00eda de ayer, en este mes, en lo que va de estos d\u00edas se han registrado siete feminicidios lamentablemente, se atiende el reporte y estamos en la clasificaci\u00f3n de los delitos, atendemos y procesamos el lugar del hecho\u201d.<\/p>\n<p>Asimismo, seg\u00fan los n\u00fameros de la fiscal\u00eda, en contraste con los del secretariado, durante 2025 hubo 73 casos de feminicidios.<\/p>\n<figure class=\"wp-block-image size-full\"><img loading=\"lazy\" decoding=\"async\" class=\"wp-image-62915 entered lazyloaded\" src=\"https:\/\/emeequis.com\/wp-content\/uploads\/2026\/05\/image-77.png\" sizes=\"auto, (max-width: 749px) 100vw, 749px\" srcset=\"https:\/\/emeequis.com\/wp-content\/uploads\/2026\/05\/image-77.png 749w, https:\/\/emeequis.com\/wp-content\/uploads\/2026\/05\/image-77-700x343.png 700w, https:\/\/emeequis.com\/wp-content\/uploads\/2026\/05\/image-77-350x171.png 350w, https:\/\/emeequis.com\/wp-content\/uploads\/2026\/05\/image-77-150x73.png 150w\" alt=\"\" width=\"749\" height=\"367\" data-lazy-srcset=\"https:\/\/emeequis.com\/wp-content\/uploads\/2026\/05\/image-77.png 749w, https:\/\/emeequis.com\/wp-content\/uploads\/2026\/05\/image-77-700x343.png 700w, https:\/\/emeequis.com\/wp-content\/uploads\/2026\/05\/image-77-350x171.png 350w, https:\/\/emeequis.com\/wp-content\/uploads\/2026\/05\/image-77-150x73.png 150w\" data-lazy-sizes=\"(max-width: 749px) 100vw, 749px\" data-lazy-src=\"https:\/\/emeequis.com\/wp-content\/uploads\/2026\/05\/image-77.png\" data-ll-status=\"loaded\" \/><\/figure>\n<p>Uno de los casos m\u00e1s medi\u00e1ticos que ha tenido el estado es el ocurrido en la colonia Emiliano Zapata de Culiac\u00e1n, ya que dos mujeres fueron asesinadas tras un ataque armado el 20 de mayo. La fiscal dijo sobre el caso: \u201cS\u00ed est\u00e1 registrada la carpeta de investigaci\u00f3n como feminicidio para ambas, lamentablemente las dos fallecieron ah\u00ed en el lugar y si hay l\u00ednea de investigaci\u00f3n ah\u00ed, principalmente con una de ellas, que es donde empieza el hecho\u201d, seg\u00fan recogi\u00f3 el medio Los Noticieristas.<\/p>\n<figure class=\"wp-block-image size-full\"><img loading=\"lazy\" decoding=\"async\" class=\"wp-image-62917 entered lazyloaded\" src=\"https:\/\/emeequis.com\/wp-content\/uploads\/2026\/05\/1079468_Culiacan-Mujeres-Asesinadas_web.jpg\" sizes=\"auto, (max-width: 1920px) 100vw, 1920px\" srcset=\"https:\/\/emeequis.com\/wp-content\/uploads\/2026\/05\/1079468_Culiacan-Mujeres-Asesinadas_web.jpg 1920w, https:\/\/emeequis.com\/wp-content\/uploads\/2026\/05\/1079468_Culiacan-Mujeres-Asesinadas_web-768x512.jpg 768w, https:\/\/emeequis.com\/wp-content\/uploads\/2026\/05\/1079468_Culiacan-Mujeres-Asesinadas_web-1536x1024.jpg 1536w, https:\/\/emeequis.com\/wp-content\/uploads\/2026\/05\/1079468_Culiacan-Mujeres-Asesinadas_web-700x467.jpg 700w, https:\/\/emeequis.com\/wp-content\/uploads\/2026\/05\/1079468_Culiacan-Mujeres-Asesinadas_web-350x233.jpg 350w, https:\/\/emeequis.com\/wp-content\/uploads\/2026\/05\/1079468_Culiacan-Mujeres-Asesinadas_web-150x100.jpg 150w\" alt=\"\" width=\"1920\" height=\"1280\" data-lazy-srcset=\"https:\/\/emeequis.com\/wp-content\/uploads\/2026\/05\/1079468_Culiacan-Mujeres-Asesinadas_web.jpg 1920w, https:\/\/emeequis.com\/wp-content\/uploads\/2026\/05\/1079468_Culiacan-Mujeres-Asesinadas_web-768x512.jpg 768w, https:\/\/emeequis.com\/wp-content\/uploads\/2026\/05\/1079468_Culiacan-Mujeres-Asesinadas_web-1536x1024.jpg 1536w, https:\/\/emeequis.com\/wp-content\/uploads\/2026\/05\/1079468_Culiacan-Mujeres-Asesinadas_web-700x467.jpg 700w, https:\/\/emeequis.com\/wp-content\/uploads\/2026\/05\/1079468_Culiacan-Mujeres-Asesinadas_web-350x233.jpg 350w, https:\/\/emeequis.com\/wp-content\/uploads\/2026\/05\/1079468_Culiacan-Mujeres-Asesinadas_web-150x100.jpg 150w\" data-lazy-sizes=\"(max-width: 1920px) 100vw, 1920px\" data-lazy-src=\"https:\/\/emeequis.com\/wp-content\/uploads\/2026\/05\/1079468_Culiacan-Mujeres-Asesinadas_web.jpg\" data-ll-status=\"loaded\" \/><figcaption class=\"wp-element-caption\">\nCULIAC\u00c1N, SINALOA, 027ABRIL2026.- Un ataque armado ocurrido esta tarde en pleno centro de la ciudad dej\u00f3 como saldo cuatro mujeres ejecutadas en las inmediaciones del mercadito sobre la calle Miguel Hidalgo. Dos de las v\u00edctimas, identificadas como Karely de 41 a\u00f1os y su hija Itzel de 22, quedaron sin vida al interior de una camioneta blanca, mientras que Elizabeth de 30 a\u00f1os y Teresa de 35 fueron abatidas sobre la banqueta. La escena gener\u00f3 fuerte movilizaci\u00f3n de cuerpos de seguridad y conmoci\u00f3n entre comerciantes y transe\u00fantes de la zona. FOTO: JOS\u00c9 BETANZOS Z\u00c1RATE\/CUARTOSCURO.COM<\/figcaption><\/figure>\n<p>Igualmente el 20 de mayo fueron vinculados a proceso tres personas por su probable participaci\u00f3n por el secuestro de asesinato de un hombre y una mujer en Elota. En el caso de la mujer, se investiga como feminicidio. Seg\u00fan consign\u00f3 el medio\u00a0<a href=\"https:\/\/www.noroeste.com.mx\/seguridad\/vinculan-a-proceso-a-tres-implicados-en-homicidio-y-feminicidio-en-elota-LF22632845\"><em>Noreste<\/em><\/a><em>,<\/em>\u00a0las dos personas eran menores de edad, por lo que su caso es seguido por el Sistema Integral de Justicia Penal para Adolescentes.<\/p>\n<figure class=\"wp-block-image size-full\"><img loading=\"lazy\" decoding=\"async\" class=\"wp-image-62916 entered lazyloaded\" src=\"https:\/\/emeequis.com\/wp-content\/uploads\/2026\/05\/image-78.png\" sizes=\"auto, (max-width: 720px) 100vw, 720px\" srcset=\"https:\/\/emeequis.com\/wp-content\/uploads\/2026\/05\/image-78.png 720w, https:\/\/emeequis.com\/wp-content\/uploads\/2026\/05\/image-78-700x853.png 700w, https:\/\/emeequis.com\/wp-content\/uploads\/2026\/05\/image-78-350x426.png 350w, https:\/\/emeequis.com\/wp-content\/uploads\/2026\/05\/image-78-150x183.png 150w\" alt=\"\" width=\"720\" height=\"877\" data-lazy-srcset=\"https:\/\/emeequis.com\/wp-content\/uploads\/2026\/05\/image-78.png 720w, https:\/\/emeequis.com\/wp-content\/uploads\/2026\/05\/image-78-700x853.png 700w, https:\/\/emeequis.com\/wp-content\/uploads\/2026\/05\/image-78-350x426.png 350w, https:\/\/emeequis.com\/wp-content\/uploads\/2026\/05\/image-78-150x183.png 150w\" data-lazy-sizes=\"(max-width: 720px) 100vw, 720px\" data-lazy-src=\"https:\/\/emeequis.com\/wp-content\/uploads\/2026\/05\/image-78.png\" data-ll-status=\"loaded\" \/><\/figure>\n<p><strong>Feminicidio en el fraccionamiento Real del Valle.<\/strong><\/p>\n<p>Ese mismo d\u00eda, tambi\u00e9n se difundi\u00f3 un caso de\u00a0<a href=\"https:\/\/www.nmas.com.mx\/seguridad\/balaceras\/asesinan-balazos-una-mujer-al-ingresar-un-sector-residencial-real-valle-mazatlan\/\">feminicidio en Mazatl\u00e1n<\/a>, donde una mujer fue localizada sin vida en el fraccionamiento Real del Valle, tras un ataque armado contra la v\u00edctima. Asimismo, el 27 de abril de este a\u00f1o, cuatro mujeres fueron ejecutadas en la zona del Mercadito Rafael Buelna, en el centro de Culiac\u00e1n, siendo parte de una larga lista de mujeres v\u00edctimas de la violencia feminicida que no ha parado en el estado, en medio de acusaciones por narcotr\u00e1fico contra Rub\u00e9n Rocha Moya, gobernador con licencia que, seg\u00fan las autoridades, se encuentra en alguna parte de la entidad.<\/p>\n<p>Con informaci\u00f3n de emeequis<\/p>\n<\/div>\n<\/div>\n<\/div>\n","protected":false},"excerpt":{"rendered":"<p>Sinaloa ocupa un lugar alarmante en cuanto a feminicidios: el 13.0% de todo el pa\u00eds de enero a abril de 2026. La situaci\u00f3n en lugar de mejorar ha empeorado en los \u00faltimos d\u00edas. Ataque armado en pleno centro de Culiac\u00e1n dej\u00f3 como saldo cuatro mujeres ejecutadas en las inmediaciones del mercadito sobre la calle Miguel Hidalgo, en abril pasado. FOTO: JOS\u00c9 BETANZOS Z\u00c1RATE\/CUARTOSCURO.COM. EMEEQUIS.\u2013\u00a0La emergencia por casos de violencia de g\u00e9nero no ha parado en M\u00e9xico y el lugar con mayor cantidad de casos es Sinaloa, epicentro de la guerra\u00a0entre La Mayiza y Los Chapitos que inici\u00f3 tras la captura [&hellip;]<\/p>\n","protected":false},"author":3,"featured_media":147134,"comment_status":"open","ping_status":"open","sticky":false,"template":"","format":"standard","meta":{"_jetpack_newsletter_access":"","_jetpack_dont_email_post_to_subs":false,"_jetpack_newsletter_tier_id":0,"_jetpack_memberships_contains_paywalled_content":false,"_jetpack_feature_clip_id":0,"_jetpack_memberships_contains_paid_content":false,"footnotes":"","jetpack_publicize_message":"","jetpack_publicize_feature_enabled":true,"jetpack_social_post_already_shared":true,"jetpack_social_options":{"image_generator_settings":{"template":"highway","default_image_id":0,"font":"","enabled":false},"version":2},"jetpack_post_was_ever_published":false},"categories":[90],"tags":[],"class_list":["post-147126","post","type-post","status-publish","format-standard","has-post-thumbnail","hentry","category-estatal","post--single"],"jetpack_publicize_connections":[],"jetpack_featured_media_url":"https:\/\/ovelanalista.com\/wp-content\/uploads\/2026\/05\/1079465_Culiacan-Mujeres-Asesinadas_web.jpg","jetpack_sharing_enabled":true,"_links":{"self":[{"href":"https:\/\/ovelanalista.com\/index.php?rest_route=\/wp\/v2\/posts\/147126","targetHints":{"allow":["GET"]}}],"collection":[{"href":"https:\/\/ovelanalista.com\/index.php?rest_route=\/wp\/v2\/posts"}],"about":[{"href":"https:\/\/ovelanalista.com\/index.php?rest_route=\/wp\/v2\/types\/post"}],"author":[{"embeddable":true,"href":"https:\/\/ovelanalista.com\/index.php?rest_route=\/wp\/v2\/users\/3"}],"replies":[{"embeddable":true,"href":"https:\/\/ovelanalista.com\/index.php?rest_route=%2Fwp%2Fv2%2Fcomments&post=147126"}],"version-history":[{"count":1,"href":"https:\/\/ovelanalista.com\/index.php?rest_route=\/wp\/v2\/posts\/147126\/revisions"}],"predecessor-version":[{"id":147135,"href":"https:\/\/ovelanalista.com\/index.php?rest_route=\/wp\/v2\/posts\/147126\/revisions\/147135"}],"wp:featuredmedia":[{"embeddable":true,"href":"https:\/\/ovelanalista.com\/index.php?rest_route=\/wp\/v2\/media\/147134"}],"wp:attachment":[{"href":"https:\/\/ovelanalista.com\/index.php?rest_route=%2Fwp%2Fv2%2Fmedia&parent=147126"}],"wp:term":[{"taxonomy":"category","embeddable":true,"href":"https:\/\/ovelanalista.com\/index.php?rest_route=%2Fwp%2Fv2%2Fcategories&post=147126"},{"taxonomy":"post_tag","embeddable":true,"href":"https:\/\/ovelanalista.com\/index.php?rest_route=%2Fwp%2Fv2%2Ftags&post=147126"}],"curies":[{"name":"wp","href":"https:\/\/api.w.org\/{rel}","templated":true}]}}