{"id":147136,"date":"2026-05-26T15:00:36","date_gmt":"2026-05-26T22:00:36","guid":{"rendered":"https:\/\/ovelanalista.com\/?p=147136"},"modified":"2026-05-26T12:11:58","modified_gmt":"2026-05-26T19:11:58","slug":"la-crisis-que-viene-la-sequia-se-expande-en-comunidades-de-sinaloa","status":"publish","type":"post","link":"https:\/\/ovelanalista.com\/?p=147136","title":{"rendered":"La crisis que viene: la sequ\u00eda se expande en comunidades de Sinaloa"},"content":{"rendered":"<header class=\"post-header\">La sequ\u00eda, a diferencia de las otras crisis que diezman a Sinaloa, es un fen\u00f3meno que s\u00ed puede detectarse a tiempo y tambi\u00e9n ser solucionado a corto y largo plazo siempre y cuando haya la suficiente voluntad del gobierno y la poblaci\u00f3n.<\/p>\n<blockquote><p>La sequ\u00eda que empieza a manifestarse en poblaciones de varios municipios de Sinaloa es el aviso a tiempo para gobierno y ciudadanos cuya atenci\u00f3n est\u00e1 centrada hoy en las dificultades de la seguridad p\u00fablica, econom\u00eda y pol\u00edtica, sin concederle la importancia debida a la escasez de agua y el impacto que tendr\u00eda en la circunstancia donde todos los sectores son alcanzados por varias crisis que golpean al mismo tiempo.<\/p><\/blockquote>\n<p><strong>Con la informaci\u00f3n de la Comisi\u00f3n Estatal de Agua Potable y Alcantarillado de Sinaloa respecto a la presi\u00f3n que la crisis h\u00eddrica ejerce sobre 200 comunidades sinaloenses, bastar\u00eda para que las instituciones de intervenci\u00f3n frente a emergencias ya est\u00e9n aplicando planes de anticipaci\u00f3n en vez de esperar que las consecuencias fuercen la atenuaci\u00f3n de da\u00f1os.<\/strong><\/p>\n<p>Otro dato que enciende las alarmas lo aporta la organizaci\u00f3n\u00a0<strong>Conselva, Costas y Comunidade<\/strong>s, al advertir la inminente bancarrota acu\u00edfera que amenaza a la tierra de los once r\u00edos debido a que<strong>\u00a0la extracci\u00f3n de agua rebasa el doble a la que aportan lluvias y escurrimientos<\/strong>, y prueba de ello es que al inicio de 2026 el almacenamiento de las presas era del 35 por ciento y actualmente es menor al 12 por ciento.<\/p>\n<p>La colocaci\u00f3n de este problema en el \u00faltimo t\u00e9rmino de las preocupaciones significa la dimensi\u00f3n de las afectaciones que vendr\u00edan en caso de que las autoridades federales, estatales y municipales retrasen las acciones de prevenci\u00f3n mediante la racionalizaci\u00f3n del uso de este recurso en los hogares y actividades econ\u00f3micas que dependen del vital elemento.<\/p>\n<p>La sequ\u00eda, a diferencia de las otras crisis que diezman a Sinaloa, es un fen\u00f3meno que s\u00ed puede detectarse a tiempo y tambi\u00e9n ser solucionado a corto y largo plazo siempre y cuando haya la suficiente voluntad del gobierno y la poblaci\u00f3n.\u00a0<strong>En materia de disposici\u00f3n de agua el estado lleva d\u00e9cadas tocando fondo y desestimando las pol\u00edticas p\u00fablicas que urgen para la seguridad h\u00eddrica.<\/strong><\/p>\n<p>Con informaci\u00f3n de Revista Espejo<\/p>\n<\/header>\n","protected":false},"excerpt":{"rendered":"<p>La sequ\u00eda, a diferencia de las otras crisis que diezman a Sinaloa, es un fen\u00f3meno que s\u00ed puede detectarse a tiempo y tambi\u00e9n ser solucionado a corto y largo plazo siempre y cuando haya la suficiente voluntad del gobierno y la poblaci\u00f3n. La sequ\u00eda que empieza a manifestarse en poblaciones de varios municipios de Sinaloa es el aviso a tiempo para gobierno y ciudadanos cuya atenci\u00f3n est\u00e1 centrada hoy en las dificultades de la seguridad p\u00fablica, econom\u00eda y pol\u00edtica, sin concederle la importancia debida a la escasez de agua y el impacto que tendr\u00eda en la circunstancia donde todos los [&hellip;]<\/p>\n","protected":false},"author":3,"featured_media":147141,"comment_status":"open","ping_status":"open","sticky":false,"template":"","format":"standard","meta":{"_jetpack_newsletter_access":"","_jetpack_dont_email_post_to_subs":false,"_jetpack_newsletter_tier_id":0,"_jetpack_memberships_contains_paywalled_content":false,"_jetpack_feature_clip_id":0,"_jetpack_memberships_contains_paid_content":false,"footnotes":"","jetpack_publicize_message":"","jetpack_publicize_feature_enabled":true,"jetpack_social_post_already_shared":true,"jetpack_social_options":{"image_generator_settings":{"template":"highway","default_image_id":0,"font":"","enabled":false},"version":2},"jetpack_post_was_ever_published":false},"categories":[90,72],"tags":[],"class_list":["post-147136","post","type-post","status-publish","format-standard","has-post-thumbnail","hentry","category-estatal","category-portada","post--single"],"jetpack_publicize_connections":[],"jetpack_featured_media_url":"https:\/\/ovelanalista.com\/wp-content\/uploads\/2026\/05\/mazatlan-sequia.png","jetpack_sharing_enabled":true,"_links":{"self":[{"href":"https:\/\/ovelanalista.com\/index.php?rest_route=\/wp\/v2\/posts\/147136","targetHints":{"allow":["GET"]}}],"collection":[{"href":"https:\/\/ovelanalista.com\/index.php?rest_route=\/wp\/v2\/posts"}],"about":[{"href":"https:\/\/ovelanalista.com\/index.php?rest_route=\/wp\/v2\/types\/post"}],"author":[{"embeddable":true,"href":"https:\/\/ovelanalista.com\/index.php?rest_route=\/wp\/v2\/users\/3"}],"replies":[{"embeddable":true,"href":"https:\/\/ovelanalista.com\/index.php?rest_route=%2Fwp%2Fv2%2Fcomments&post=147136"}],"version-history":[{"count":1,"href":"https:\/\/ovelanalista.com\/index.php?rest_route=\/wp\/v2\/posts\/147136\/revisions"}],"predecessor-version":[{"id":147142,"href":"https:\/\/ovelanalista.com\/index.php?rest_route=\/wp\/v2\/posts\/147136\/revisions\/147142"}],"wp:featuredmedia":[{"embeddable":true,"href":"https:\/\/ovelanalista.com\/index.php?rest_route=\/wp\/v2\/media\/147141"}],"wp:attachment":[{"href":"https:\/\/ovelanalista.com\/index.php?rest_route=%2Fwp%2Fv2%2Fmedia&parent=147136"}],"wp:term":[{"taxonomy":"category","embeddable":true,"href":"https:\/\/ovelanalista.com\/index.php?rest_route=%2Fwp%2Fv2%2Fcategories&post=147136"},{"taxonomy":"post_tag","embeddable":true,"href":"https:\/\/ovelanalista.com\/index.php?rest_route=%2Fwp%2Fv2%2Ftags&post=147136"}],"curies":[{"name":"wp","href":"https:\/\/api.w.org\/{rel}","templated":true}]}}