{"id":147137,"date":"2026-05-26T15:30:54","date_gmt":"2026-05-26T22:30:54","guid":{"rendered":"https:\/\/ovelanalista.com\/?p=147137"},"modified":"2026-05-26T12:12:59","modified_gmt":"2026-05-26T19:12:59","slug":"recortes-dejan-al-temporal-al-borde-del-colapso-en-sinaloa","status":"publish","type":"post","link":"https:\/\/ovelanalista.com\/?p=147137","title":{"rendered":"Recortes dejan al temporal al borde del colapso en Sinaloa"},"content":{"rendered":"<p><strong>Julio C\u00e9sar Caro\u00a0<\/strong><\/p>\n<p><strong>Culiac\u00e1n, Sinaloa.<\/strong>\u00a0\u2013 Con apenas\u00a0<strong>17 mil bolsas de semilla<\/strong>\u00a0disponibles para atender una superficie estimada de m\u00e1s de\u00a0<strong>200 mil hect\u00e1reas<\/strong>\u00a0de\u00a0<strong>sorgo gavatero<\/strong>, productores de temporal de\u00a0<strong>Sinaloa<\/strong>\u00a0enfrentan una de las peores crisis de apoyo agr\u00edcola de los \u00faltimos a\u00f1os. El secretario general de la\u00a0<strong>Coordinaci\u00f3n Organizadora de la Unidad Campesina (COUC)<\/strong>,\u00a0<strong>Agust\u00edn Espinoza Laguna<\/strong>, lanz\u00f3 un llamado urgente para evitar que miles de familias campesinas queden pr\u00e1cticamente abandonadas ante el inicio de la temporada de lluvias 2026.<\/p>\n<p>El dirigente campesino advirti\u00f3 que mientras el debate p\u00fablico contin\u00faa concentrado en la comercializaci\u00f3n del\u00a0<strong>ma\u00edz<\/strong>\u00a0y los productores de riego, en las zonas serranas y temporaleras del estado crece la desesperaci\u00f3n por la falta de respaldo institucional. Se\u00f1al\u00f3 que existen comunidades donde las cosechas se perdieron, las deudas aumentaron y muchas familias ya no saben c\u00f3mo volver\u00e1n a sembrar este a\u00f1o.<\/p>\n<blockquote class=\"wp-block-quote is-layout-flow wp-block-quote-is-layout-flow\">\n<h2 class=\"wp-block-heading\"><em>\u201cMucha gente est\u00e1 enfrentando una situaci\u00f3n mucho m\u00e1s grave y mucho menos visible\u201d,<\/em>\u00a0expres\u00f3.<\/h2>\n<\/blockquote>\n<p>Espinoza Laguna explic\u00f3 que los compromisos financieros relacionados con el ma\u00edz obligaron al\u00a0<strong>Gobierno del Estado<\/strong>\u00a0a realizar recortes presupuestales que terminaron afectando programas destinados al temporal, particularmente el de semilla para sorgo gavatero. Record\u00f3 que en 2024 se distribuyeron alrededor de\u00a0<strong>50 mil bolsas<\/strong>; en 2025 la cifra cay\u00f3 a\u00a0<strong>29 mil<\/strong>\u00a0y para este 2026 apenas alcanzar\u00edan\u00a0<strong>17 mil<\/strong>, lo que representa una reducci\u00f3n cercana al\u00a0<strong>40 por ciento anual<\/strong>. Alert\u00f3 que, de continuar esta tendencia, podr\u00eda generarse un brote social entre familias campesinas ante el creciente abandono del campo.<\/p>\n<p>El l\u00edder de la\u00a0<strong>COUC<\/strong>\u00a0sostuvo que miles de productores tendr\u00e1n que enfrentar solos la pr\u00f3xima temporada agr\u00edcola, absorbiendo costos cada vez m\u00e1s elevados y dependiendo \u00fanicamente de las lluvias para sobrevivir. Advirti\u00f3 que la crisis ya golpea la econom\u00eda familiar, la alimentaci\u00f3n y la permanencia de las personas en sus comunidades rurales. \u201cMientras una parte del estado discute rentabilidad, en otra parte lo que se est\u00e1 perdiendo es la posibilidad misma de seguir viviendo de la tierra\u201d, concluy\u00f3.<\/p>\n<p>Con informaci\u00f3n de ADN Noticias<\/p>\n","protected":false},"excerpt":{"rendered":"<p>Julio C\u00e9sar Caro\u00a0 Culiac\u00e1n, Sinaloa.\u00a0\u2013 Con apenas\u00a017 mil bolsas de semilla\u00a0disponibles para atender una superficie estimada de m\u00e1s de\u00a0200 mil hect\u00e1reas\u00a0de\u00a0sorgo gavatero, productores de temporal de\u00a0Sinaloa\u00a0enfrentan una de las peores crisis de apoyo agr\u00edcola de los \u00faltimos a\u00f1os. El secretario general de la\u00a0Coordinaci\u00f3n Organizadora de la Unidad Campesina (COUC),\u00a0Agust\u00edn Espinoza Laguna, lanz\u00f3 un llamado urgente para evitar que miles de familias campesinas queden pr\u00e1cticamente abandonadas ante el inicio de la temporada de lluvias 2026. El dirigente campesino advirti\u00f3 que mientras el debate p\u00fablico contin\u00faa concentrado en la comercializaci\u00f3n del\u00a0ma\u00edz\u00a0y los productores de riego, en las zonas serranas y temporaleras del [&hellip;]<\/p>\n","protected":false},"author":3,"featured_media":147143,"comment_status":"open","ping_status":"open","sticky":false,"template":"","format":"standard","meta":{"_jetpack_newsletter_access":"","_jetpack_dont_email_post_to_subs":false,"_jetpack_newsletter_tier_id":0,"_jetpack_memberships_contains_paywalled_content":false,"_jetpack_feature_clip_id":0,"_jetpack_memberships_contains_paid_content":false,"footnotes":"","jetpack_publicize_message":"","jetpack_publicize_feature_enabled":true,"jetpack_social_post_already_shared":true,"jetpack_social_options":{"image_generator_settings":{"template":"highway","default_image_id":0,"font":"","enabled":false},"version":2},"jetpack_post_was_ever_published":false},"categories":[90],"tags":[],"class_list":["post-147137","post","type-post","status-publish","format-standard","has-post-thumbnail","hentry","category-estatal","post--single"],"jetpack_publicize_connections":[],"jetpack_featured_media_url":"https:\/\/ovelanalista.com\/wp-content\/uploads\/2026\/05\/WhatsApp-Image-2025-04-08-at-11.33.12-AM-e1744138674606-780x470-1.jpeg","jetpack_sharing_enabled":true,"_links":{"self":[{"href":"https:\/\/ovelanalista.com\/index.php?rest_route=\/wp\/v2\/posts\/147137","targetHints":{"allow":["GET"]}}],"collection":[{"href":"https:\/\/ovelanalista.com\/index.php?rest_route=\/wp\/v2\/posts"}],"about":[{"href":"https:\/\/ovelanalista.com\/index.php?rest_route=\/wp\/v2\/types\/post"}],"author":[{"embeddable":true,"href":"https:\/\/ovelanalista.com\/index.php?rest_route=\/wp\/v2\/users\/3"}],"replies":[{"embeddable":true,"href":"https:\/\/ovelanalista.com\/index.php?rest_route=%2Fwp%2Fv2%2Fcomments&post=147137"}],"version-history":[{"count":1,"href":"https:\/\/ovelanalista.com\/index.php?rest_route=\/wp\/v2\/posts\/147137\/revisions"}],"predecessor-version":[{"id":147144,"href":"https:\/\/ovelanalista.com\/index.php?rest_route=\/wp\/v2\/posts\/147137\/revisions\/147144"}],"wp:featuredmedia":[{"embeddable":true,"href":"https:\/\/ovelanalista.com\/index.php?rest_route=\/wp\/v2\/media\/147143"}],"wp:attachment":[{"href":"https:\/\/ovelanalista.com\/index.php?rest_route=%2Fwp%2Fv2%2Fmedia&parent=147137"}],"wp:term":[{"taxonomy":"category","embeddable":true,"href":"https:\/\/ovelanalista.com\/index.php?rest_route=%2Fwp%2Fv2%2Fcategories&post=147137"},{"taxonomy":"post_tag","embeddable":true,"href":"https:\/\/ovelanalista.com\/index.php?rest_route=%2Fwp%2Fv2%2Ftags&post=147137"}],"curies":[{"name":"wp","href":"https:\/\/api.w.org\/{rel}","templated":true}]}}